{"id":144,"date":"2019-10-29T10:14:08","date_gmt":"2019-10-29T09:14:08","guid":{"rendered":"https:\/\/blogs.laverdad.es\/acaradelibro\/?p=144"},"modified":"2019-11-01T08:30:53","modified_gmt":"2019-11-01T07:30:53","slug":"literatura-de-terror-espanola","status":"publish","type":"post","link":"https:\/\/blogs.laverdad.es\/acaradelibro\/2019\/10\/29\/literatura-de-terror-espanola\/","title":{"rendered":"Literatura de terror espa\u00f1ola"},"content":{"rendered":"<h2>Si pensamos en literatura de terror nos vienen a la cabeza los nombres de grandes autores extranjeros como Lovecraft o Stephen King. Pero \u00bfqu\u00e9 hay de la tradici\u00f3n espa\u00f1ola?<\/h2>\n<div id=\"attachment_170\" style=\"width: 1034px\" class=\"wp-caption alignnone\"><img aria-describedby=\"caption-attachment-170\" loading=\"lazy\" class=\"wp-image-170 size-full\" src=\"https:\/\/static-blogs.laverdad.es\/wp-content\/uploads\/sites\/143\/2019\/10\/Dise\u00f1o-sin-t\u00edtulo-4.jpg\" alt=\"\" width=\"1024\" height=\"512\" srcset=\"https:\/\/static-blogs.laverdad.es\/wp-content\/uploads\/sites\/143\/2019\/10\/Dise\u00f1o-sin-t\u00edtulo-4.jpg 1024w, https:\/\/static-blogs.laverdad.es\/wp-content\/uploads\/sites\/143\/2019\/10\/Dise\u00f1o-sin-t\u00edtulo-4-300x150.jpg 300w, https:\/\/static-blogs.laverdad.es\/wp-content\/uploads\/sites\/143\/2019\/10\/Dise\u00f1o-sin-t\u00edtulo-4-768x384.jpg 768w\" sizes=\"(max-width: 1024px) 100vw, 1024px\" \/><p id=\"caption-attachment-170\" class=\"wp-caption-text\">Foto: Juan Pablo Arenas<\/p><\/div>\n<p>Para los historiadores, la literatura de terror moderna se inicia en el siglo XIX, de la mano de la obra \u00abFrankenstein\u00bb de la escritora inglesa <strong>Mary Shelley<\/strong>. Sin embargo, la ra\u00edz de este g\u00e9nero deriva de la tradici\u00f3n oral y religiosa que se inicia en el origen de los tiempos, y se centra, fundamentalmente, en el miedo a la muerte y al sufrimiento.<\/p>\n<blockquote>\n<h2>Ni antes ni ahora el g\u00e9nero de terror ha gozado de buena salud en nuestro pa\u00eds<\/h2>\n<\/blockquote>\n<p>La literatura de terror en Espa\u00f1a lamentablemente <strong>no cuenta con una tradici\u00f3n como existe en Gran Breta\u00f1a o Estados Unidos<\/strong>. Ni antes ni ahora el g\u00e9nero de terror ha gozado de buena salud en nuestro pa\u00eds, pero existen autores que han aportado su grano de arena. As\u00ed que me lanzo a la aventura de recomendaros a algunos escritores espa\u00f1oles (bien es cierto que ciertos libros solo los encontrar\u00e9is en librer\u00edas de viejo).<\/p>\n<h3>Mar\u00eda de Zayas (Madrid, 1590-1661)<\/h3>\n<p>Es una autora excepcional por muchas razones. Fue una autora muy le\u00edda en su \u00e9poca aunque en el siglo XVIII fue censurada por la Inquisici\u00f3n (quiz\u00e1s por las cr\u00edticas a las pr\u00e1cticas inquisitoriales que inclu\u00eda en algunos de sus relatos). Public\u00f3 dos colecciones de novelas cortas: \u00abNovelas amorosas y ejemplares\u00bb (1637) y \u00abParte segunda del sarao, y entretenimiento honesto\u00bb (1647) (a esta \u00faltima se la titul\u00f3 <strong>\u00abDesenga\u00f1os amorosos\u00bb<\/strong> por editores posteriores). Todos los relatos parten de un prop\u00f3sito moralizador y, en muchos de ellos, hay un tono de reivindicaci\u00f3n de la mujer. En sus historias se puede encontrar cad\u00e1veres resucitados, apariciones de fantasmas o pactos con el demonio.<\/p>\n<div id=\"attachment_149\" style=\"width: 210px\" class=\"wp-caption alignnone\"><img aria-describedby=\"caption-attachment-149\" loading=\"lazy\" class=\"wp-image-149\" src=\"https:\/\/static-blogs.laverdad.es\/wp-content\/uploads\/sites\/143\/2019\/10\/Confe_Zayas_web-150x150.jpg\" alt=\"\" width=\"200\" height=\"247\" \/><p id=\"caption-attachment-149\" class=\"wp-caption-text\">Mar\u00eda de Zayas (Fondo Biblioteca Nacional de Espa\u00f1a).<\/p><\/div>\n<h3>Agust\u00edn P\u00e9rez Zaragoza (siglo XIX)<\/h3>\n<p>Su obra se enmarca en la novela g\u00f3tica y tuvo mucho \u00e9xito comercial. Existen pocos datos sobre este autor, que tuvo que exiliarse en Francia tras la Guerra de la Independencia. Su obra m\u00e1s importante, y la que nos interesa aqu\u00ed, es <strong>\u00abGaler\u00eda f\u00fanebre de espectros y sombras ensangrentadas, o sea el historiador tr\u00e1gico de las cat\u00e1strofes del linaje humano\u00bb<\/strong>, editada en 1831. Son nada menos que \u00a1doce tomos! Algunos de los relatos incluidos en tan magna obra se pueden encontrar en compilaciones de cuentos de terror. Quiz\u00e1s la historia m\u00e1s popular sea \u00abEl retrete del amor criminal\u00bb, sugerente t\u00edtulo.<\/p>\n<h3>Gustavo Adolfo B\u00e9cquer (Sevilla, 1836-Madrid, 1870)<\/h3>\n<p>Perteneci\u00f3 al movimiento del Romanticismo. Conocido por su faceta como poeta, fue tambi\u00e9n un gran narrador. Sus <strong>leyendas<\/strong> fueron publicadas a lo largo de seis a\u00f1os en peri\u00f3dicos madrile\u00f1os y evocan una atm\u00f3sfera de misterio y terror. En ellas se narran las desventuras de hombres en busca de un ideal inalcanzable y se ambientan en lugares habitados por esp\u00edritus que vuelven del m\u00e1s all\u00e1, fantasmas con la apariencia de bellas mujeres y seres demon\u00edacos.<\/p>\n<div id=\"attachment_153\" style=\"width: 210px\" class=\"wp-caption alignnone\"><img aria-describedby=\"caption-attachment-153\" loading=\"lazy\" class=\"wp-image-153\" src=\"https:\/\/static-blogs.laverdad.es\/wp-content\/uploads\/sites\/143\/2019\/10\/800px-Portrait_of_Gustavo_Adolfo_B\u00e9cquer_by_his_brother_Valeriano_1862-150x150.jpg\" alt=\"\" width=\"200\" height=\"278\" srcset=\"https:\/\/static-blogs.laverdad.es\/wp-content\/uploads\/sites\/143\/2019\/10\/800px-Portrait_of_Gustavo_Adolfo_B\u00e9cquer_by_his_brother_Valeriano_1862-216x300.jpg 216w, https:\/\/static-blogs.laverdad.es\/wp-content\/uploads\/sites\/143\/2019\/10\/800px-Portrait_of_Gustavo_Adolfo_B\u00e9cquer_by_his_brother_Valeriano_1862-768x1068.jpg 768w, https:\/\/static-blogs.laverdad.es\/wp-content\/uploads\/sites\/143\/2019\/10\/800px-Portrait_of_Gustavo_Adolfo_B\u00e9cquer_by_his_brother_Valeriano_1862-737x1024.jpg 737w, https:\/\/static-blogs.laverdad.es\/wp-content\/uploads\/sites\/143\/2019\/10\/800px-Portrait_of_Gustavo_Adolfo_B\u00e9cquer_by_his_brother_Valeriano_1862.jpg 800w\" sizes=\"(max-width: 200px) 100vw, 200px\" \/><p id=\"caption-attachment-153\" class=\"wp-caption-text\">Retrato de Gustavo Adolfo B\u00e9cker realizado por su hermano Valeriano.<\/p><\/div>\n<h3>Jos\u00e9 Mar\u00eda Latorre (Zaragoza, 1945-2014)<\/h3>\n<p>Fue guionista de cine y televisi\u00f3n, cr\u00edtico cinematogr\u00e1fico y escritor. Se enmarca fundamentalmente dentro de la literatura de terror juvenil. Su obra es muy extensa, comenz\u00f3 a publicar en los albores de los ochenta. Su \u00faltima obra fue <strong>\u00abM\u00fasica muerta y otros relatos\u00bb<\/strong> (Valdemar, 2014).<\/p>\n<div id=\"attachment_159\" style=\"width: 210px\" class=\"wp-caption alignnone\"><img aria-describedby=\"caption-attachment-159\" loading=\"lazy\" class=\"wp-image-159\" src=\"https:\/\/static-blogs.laverdad.es\/wp-content\/uploads\/sites\/143\/2019\/10\/985039_1-150x150.jpg\" alt=\"\" width=\"200\" height=\"125\" srcset=\"https:\/\/static-blogs.laverdad.es\/wp-content\/uploads\/sites\/143\/2019\/10\/985039_1-300x188.jpg 300w, https:\/\/static-blogs.laverdad.es\/wp-content\/uploads\/sites\/143\/2019\/10\/985039_1-768x480.jpg 768w, https:\/\/static-blogs.laverdad.es\/wp-content\/uploads\/sites\/143\/2019\/10\/985039_1.jpg 800w\" sizes=\"(max-width: 200px) 100vw, 200px\" \/><p id=\"caption-attachment-159\" class=\"wp-caption-text\">Jos\u00e9 Mar\u00eda Latorre (Foto: Archivo de El Peri\u00f3dico de Arag\u00f3n)<\/p><\/div>\n<h3>Pilar Pedraza (Toledo, 1951)<\/h3>\n<p>Esta profesora universitaria es una de las voces m\u00e1s importantes en la literatura de terror espa\u00f1ola actual, tanto por su faceta como narradora como por la de ensayista. Su obra se centra en lo sobrenatural, la locura, la muerte, la mitolog\u00eda cl\u00e1sica y el sadomasoquismo. Se la considera ya una escritora de culto. Su \u00faltimo libro es <strong>\u00abEros ha muerto\u00bb<\/strong> (Valdemar, 2019).<\/p>\n<div id=\"attachment_157\" style=\"width: 210px\" class=\"wp-caption alignnone\"><img aria-describedby=\"caption-attachment-157\" loading=\"lazy\" class=\"wp-image-157\" src=\"https:\/\/static-blogs.laverdad.es\/wp-content\/uploads\/sites\/143\/2019\/10\/CkLoyHUWsAAvkrj-150x150.jpg\" alt=\"\" width=\"200\" height=\"150\" srcset=\"https:\/\/static-blogs.laverdad.es\/wp-content\/uploads\/sites\/143\/2019\/10\/CkLoyHUWsAAvkrj-300x225.jpg 300w, https:\/\/static-blogs.laverdad.es\/wp-content\/uploads\/sites\/143\/2019\/10\/CkLoyHUWsAAvkrj-768x576.jpg 768w, https:\/\/static-blogs.laverdad.es\/wp-content\/uploads\/sites\/143\/2019\/10\/CkLoyHUWsAAvkrj.jpg 900w\" sizes=\"(max-width: 200px) 100vw, 200px\" \/><p id=\"caption-attachment-157\" class=\"wp-caption-text\">Pilar Pedraza (Foto: Editorial Valdemar)<\/p><\/div>\n<h3>Manel Loureiro (Pontevedra, 1975)<\/h3>\n<p>Su obra m\u00e1s conocida y con la que revolucion\u00f3 el terror en Espa\u00f1a fue <strong>\u00abApocalipsis Z\u00bb<\/strong>, una historia que comenz\u00f3 a escribirse en un blog. La clave de su \u00e9xito, ambientar una historia de zombies en Espa\u00f1a. Es uno de los escritores espa\u00f1oles con mayor \u00e9xito mundial, siendo traducido a m\u00e1s veinte idiomas. Su \u00faltima novela es \u00abVeinte\u00bb (Booket, 2019).<\/p>\n<div id=\"attachment_160\" style=\"width: 210px\" class=\"wp-caption alignnone\"><img aria-describedby=\"caption-attachment-160\" loading=\"lazy\" class=\"wp-image-160\" src=\"https:\/\/static-blogs.laverdad.es\/wp-content\/uploads\/sites\/143\/2019\/10\/Manel_Loureiro-150x150.jpg\" alt=\"\" width=\"200\" height=\"200\" srcset=\"https:\/\/static-blogs.laverdad.es\/wp-content\/uploads\/sites\/143\/2019\/10\/Manel_Loureiro-150x150.jpg 150w, https:\/\/static-blogs.laverdad.es\/wp-content\/uploads\/sites\/143\/2019\/10\/Manel_Loureiro-300x300.jpg 300w, https:\/\/static-blogs.laverdad.es\/wp-content\/uploads\/sites\/143\/2019\/10\/Manel_Loureiro.jpg 340w\" sizes=\"(max-width: 200px) 100vw, 200px\" \/><p id=\"caption-attachment-160\" class=\"wp-caption-text\">Manel Loureiro (Foto: Editorial Planeta)<\/p><\/div>\n<p>Por \u00faltimo, podemos a\u00f1adir un par de nombres m\u00e1s a esta sesgada visi\u00f3n del terror patrio. Se trata de dos autores con una forma particular de sentir la literatura, cuyos m\u00e1rgenes del terror exploran y al que a\u00f1aden elementos futuristas, de terror sucio, de distop\u00eda, de ficci\u00f3n especulativa o incluso de novela negra. El primero ser\u00eda <strong>Emilio Bueso<\/strong> (Castell\u00f3n, 1974); su \u00faltima novela, <strong>\u00abAntisolar\u00bb<\/strong> (Ediciones Gigamesh, 2019). El segundo, <strong>Guillem L\u00f3pez<\/strong> (Castell\u00f3n, 1975); acaba de publicar <strong>\u00abLago negro de tus ojos\u00bb<\/strong> (Alianza Editorial, 2019).<\/p>\n<p>Como pod\u00e9is observar, aunque no sea un g\u00e9nero muy prol\u00edfico en Espa\u00f1a, hay donde elegir.<\/p>\n<script type=\"text\/javascript\">\n\nvar addthis_config = {\"data_track_clickback\":false,\"data_track_addressbar\":false,\"data_track_textcopy\":false,\"ui_atversion\":\"300\"};\nvar addthis_product = 'wpp-3.1';\n<\/script><script type=\"text\/javascript\" src=\"\/\/s7.addthis.com\/js\/300\/addthis_widget.js#pubid=3ff73a35d4101bcc9ad0726687c4cca5\"><\/script>","protected":false},"excerpt":{"rendered":"<p>Si pensamos en literatura de terror nos vienen a la cabeza los nombres de grandes autores extranjeros como Lovecraft o Stephen King. Pero \u00bfqu\u00e9 hay de la tradici\u00f3n espa\u00f1ola? Para los historiadores, la literatura de terror moderna se inicia en el siglo XIX, de la mano de la obra \u00abFrankenstein\u00bb de la escritora inglesa Mary [&hellip;]<\/p>\n","protected":false},"author":10207,"featured_media":0,"comment_status":"open","ping_status":"closed","sticky":false,"template":"","format":"standard","meta":[],"categories":[3],"tags":[34,35,39,40,37,30,31,38,33,36,32],"_links":{"self":[{"href":"https:\/\/blogs.laverdad.es\/acaradelibro\/wp-json\/wp\/v2\/posts\/144"}],"collection":[{"href":"https:\/\/blogs.laverdad.es\/acaradelibro\/wp-json\/wp\/v2\/posts"}],"about":[{"href":"https:\/\/blogs.laverdad.es\/acaradelibro\/wp-json\/wp\/v2\/types\/post"}],"author":[{"embeddable":true,"href":"https:\/\/blogs.laverdad.es\/acaradelibro\/wp-json\/wp\/v2\/users\/10207"}],"replies":[{"embeddable":true,"href":"https:\/\/blogs.laverdad.es\/acaradelibro\/wp-json\/wp\/v2\/comments?post=144"}],"version-history":[{"count":20,"href":"https:\/\/blogs.laverdad.es\/acaradelibro\/wp-json\/wp\/v2\/posts\/144\/revisions"}],"predecessor-version":[{"id":171,"href":"https:\/\/blogs.laverdad.es\/acaradelibro\/wp-json\/wp\/v2\/posts\/144\/revisions\/171"}],"wp:attachment":[{"href":"https:\/\/blogs.laverdad.es\/acaradelibro\/wp-json\/wp\/v2\/media?parent=144"}],"wp:term":[{"taxonomy":"category","embeddable":true,"href":"https:\/\/blogs.laverdad.es\/acaradelibro\/wp-json\/wp\/v2\/categories?post=144"},{"taxonomy":"post_tag","embeddable":true,"href":"https:\/\/blogs.laverdad.es\/acaradelibro\/wp-json\/wp\/v2\/tags?post=144"}],"curies":[{"name":"wp","href":"https:\/\/api.w.org\/{rel}","templated":true}]}}