{"id":103,"date":"2011-03-01T20:38:00","date_gmt":"2011-03-01T20:38:00","guid":{"rendered":"http:\/\/blogs.laverdad.es\/anamariatomas\/?p=103"},"modified":"2011-03-01T20:38:00","modified_gmt":"2011-03-01T20:38:00","slug":"p-class-msonormal","status":"publish","type":"post","link":"https:\/\/blogs.laverdad.es\/anamariatomas\/2011\/03\/01\/p-class-msonormal\/","title":{"rendered":"Sin t\u00edtulo"},"content":{"rendered":"<p class=\"MsoNormal\" style=\"text-align:justify\"><span lang=\"ES-TRAD\" style=\"font-size:12.0pt;line-height:115%;font-family:\"Times New Roman\",\"serif\"; mso-ansi-language:ES-TRAD\"><o:p> <\/o:p><\/span><\/p>\n<p class=\"MsoNormal\" style=\"text-align:justify\"><span lang=\"ES-TRAD\" style=\"font-size:12.0pt;line-height:115%;font-family:\"Times New Roman\",\"serif\"; mso-ansi-language:ES-TRAD\"><span style=\"mso-tab-count:1\">            <\/span>Siempre se ha pensado que se necesitaba vocaci\u00f3n para meterse a monja o para hacerse cura, pero pocas veces nos hemos planteado la necesaria vocaci\u00f3n para profesiones o formas de ganarse la vida cuyo \u00e9xito reside en amar o no aquello que hacemos.<o:p><\/o:p><\/span><\/p>\n<p class=\"MsoNormal\" style=\"text-align:justify\"><span lang=\"ES-TRAD\" style=\"font-size:12.0pt;line-height:115%;font-family:\"Times New Roman\",\"serif\"; mso-ansi-language:ES-TRAD\"><span style=\"mso-tab-count:1\">            <\/span>A nuestro alrededor tenemos un nutrido grupo de maestras y maestros que dedican su tiempo y sus energ\u00edas a trasmitir, con amor e infinita paciencia sus conocimientos a quienes todav\u00eda conservan la maravilla del asombro, la ternura de la infancia\u2026 Tienen en sus manos un barro tierno y moldeable que acusa, como nada, la situaci\u00f3n familiar que viven en sus casas, reproduciendo con sus compa\u00f1eros situaciones de amor, de odio, de generosidad o de miedo. Incluso antes de que los padres de los ni\u00f1os puedan llegar a ser conscientes de cu\u00e1nto amor o cuanta tristeza albergan y esconden los peque\u00f1os cuerpecitos de sus hijos, las maestras, los maestros ya han podido constatarlo. Reconocen, sin dificultad, al l\u00edder, a ese ni\u00f1o que crece seguro bajo los mejores auspicios de sus padres y familiares y que va por libre en la clase, de ese otro ni\u00f1o de mirada huidiza que hace mal muchas de las tareas para que su \u201cse\u00f1o\u201d le dedique tiempo, se acerque a \u00e9l, lo abrace, lo toque,<span style=\"mso-spacerun:yes\">  <\/span>le d\u00e9 la raz\u00f3n en que el supuesto para\u00edso de la infancia es, en muchos casos, una falacia, le acepte su desvalido sufrimiento y le diga que ella sabe que \u00e9l puede\u2026 le diga y le haga lo que sus padres no pueden, no saben, o porque andan tan distra\u00eddos en sus peleas como para no ser conscientes de que un ni\u00f1o no es un ser incompleto o carente de capacidad para saber qu\u00e9 est\u00e1 ocurriendo a su alrededor.<o:p><\/o:p><\/span><\/p>\n<p class=\"MsoNormal\" style=\"text-align:justify\"><span lang=\"ES-TRAD\" style=\"font-size:12.0pt;line-height:115%;font-family:\"Times New Roman\",\"serif\"; mso-ansi-language:ES-TRAD\"><span style=\"mso-spacerun:yes\"> <\/span><span style=\"mso-tab-count:1\">           <\/span>Entretanto, el ni\u00f1o busca en los ojos de las maestras la mirada de aplauso que no termina de recibir fuera de la escuela y en sus brazos el espacio para otorgarles, con sus cortos bracitos, el abrazo m\u00e1s sincero y espont\u00e1neo que jam\u00e1s adulto alguno podr\u00eda recibir.<o:p><\/o:p><\/span><\/p>\n<p class=\"MsoNormal\" style=\"text-align:justify\"><span lang=\"ES-TRAD\" style=\"font-size:12.0pt;line-height:115%;font-family:\"Times New Roman\",\"serif\"; mso-ansi-language:ES-TRAD\"><span style=\"mso-tab-count:1\">            <\/span>Parafraseando lo que dice el \u00faltimo y maravilloso anuncio de Coca Cola: por cada \u201ccallo\u201d que ande en las aulas sin motivar a los ni\u00f1os, sin educarlos en sus clases, limit\u00e1ndose s\u00f3lo a pasarles conocimiento y a salir zumbando nada m\u00e1s tocar la campana, hay muchas maestras y maestros que se prodigan a sus ni\u00f1os con total y absoluta entrega, convencidas de que importa menos el mundo que les dejemos a nuestros hijos que los hijos que podamos dejar a nuestro hermoso mundo.<o:p><\/o:p><\/span><\/p>\n<p class=\"MsoNormal\" style=\"text-align:justify\"><span lang=\"ES-TRAD\" style=\"font-size:12.0pt;line-height:115%;font-family:\"Times New Roman\",\"serif\"; mso-ansi-language:ES-TRAD\"><o:p> <\/o:p><\/span><\/p>\n<p class=\"MsoNormal\" style=\"text-align:justify\"><span lang=\"ES-TRAD\" style=\"font-size:12.0pt;line-height:115%;font-family:\"Times New Roman\",\"serif\"; mso-ansi-language:ES-TRAD\"><o:p> <\/o:p><\/span><\/p>\n<p class=\"MsoNormal\" style=\"text-align:justify\"><span lang=\"ES-TRAD\" style=\"font-size:12.0pt;line-height:115%;font-family:\"Times New Roman\",\"serif\"; mso-ansi-language:ES-TRAD\"><o:p> <\/o:p><\/span><\/p>\n<p class=\"MsoNormal\" style=\"text-align:justify\"><span lang=\"ES-TRAD\" style=\"font-size:12.0pt;line-height:115%;font-family:\"Times New Roman\",\"serif\"; mso-ansi-language:ES-TRAD\"><o:p> <\/o:p><\/span><\/p>\n<p class=\"MsoNormal\" style=\"text-align:justify\"><span lang=\"ES-TRAD\" style=\"font-size:12.0pt;line-height:115%;font-family:\"Times New Roman\",\"serif\"; mso-ansi-language:ES-TRAD\"><o:p> <\/o:p><\/span><\/p>\n<p class=\"MsoNormal\" style=\"text-align:justify\"><span lang=\"ES-TRAD\" style=\"font-size:12.0pt;line-height:115%;font-family:\"Times New Roman\",\"serif\"; mso-ansi-language:ES-TRAD\"><o:p> <\/o:p><\/span><\/p>\n","protected":false},"excerpt":{"rendered":"<p>Siempre se ha pensado que se necesitaba vocaci\u00f3n para meterse a monja o para hacerse cura, pero pocas veces nos hemos planteado la necesaria vocaci\u00f3n para profesiones o formas de ganarse la vida cuyo \u00e9xito reside en amar o no aquello que hacemos. A nuestro alrededor tenemos un nutrido grupo de maestras y maestros que [&hellip;]<\/p>\n","protected":false},"author":17,"featured_media":0,"comment_status":"open","ping_status":"closed","sticky":false,"template":"","format":"standard","meta":[],"categories":[2],"tags":[],"_links":{"self":[{"href":"https:\/\/blogs.laverdad.es\/anamariatomas\/wp-json\/wp\/v2\/posts\/103"}],"collection":[{"href":"https:\/\/blogs.laverdad.es\/anamariatomas\/wp-json\/wp\/v2\/posts"}],"about":[{"href":"https:\/\/blogs.laverdad.es\/anamariatomas\/wp-json\/wp\/v2\/types\/post"}],"author":[{"embeddable":true,"href":"https:\/\/blogs.laverdad.es\/anamariatomas\/wp-json\/wp\/v2\/users\/17"}],"replies":[{"embeddable":true,"href":"https:\/\/blogs.laverdad.es\/anamariatomas\/wp-json\/wp\/v2\/comments?post=103"}],"version-history":[{"count":0,"href":"https:\/\/blogs.laverdad.es\/anamariatomas\/wp-json\/wp\/v2\/posts\/103\/revisions"}],"wp:attachment":[{"href":"https:\/\/blogs.laverdad.es\/anamariatomas\/wp-json\/wp\/v2\/media?parent=103"}],"wp:term":[{"taxonomy":"category","embeddable":true,"href":"https:\/\/blogs.laverdad.es\/anamariatomas\/wp-json\/wp\/v2\/categories?post=103"},{"taxonomy":"post_tag","embeddable":true,"href":"https:\/\/blogs.laverdad.es\/anamariatomas\/wp-json\/wp\/v2\/tags?post=103"}],"curies":[{"name":"wp","href":"https:\/\/api.w.org\/{rel}","templated":true}]}}