{"id":104,"date":"2011-03-07T20:08:00","date_gmt":"2011-03-07T20:08:00","guid":{"rendered":"http:\/\/blogs.laverdad.es\/anamariatomas\/?p=104"},"modified":"2011-03-07T20:08:00","modified_gmt":"2011-03-07T20:08:00","slug":"la-mujer-solo-ella","status":"publish","type":"post","link":"https:\/\/blogs.laverdad.es\/anamariatomas\/2011\/03\/07\/la-mujer-solo-ella\/","title":{"rendered":"LA MUJER&#8230; S\u00d3LO ELLA&#8230;"},"content":{"rendered":"<p class=\"MsoNormal\" style=\"margin-left:35.4pt;text-indent:35.4pt\"><font class=\"Apple-style-span\" face=\"Verdana, sans-serif\"><br \/>\n<\/span><\/p>\n<p class=\"MsoNormal\" style=\"margin-left:35.4pt;text-indent:35.4pt\"><span style=\"font-family:\"Verdana\",\"sans-serif\"\">                        <\/span><\/p>\n<p><IMG src=\"\/anamariatomas\/wp-content\/uploads\/sites\/17\/posando.JPG\" id=\"img_0\" class=\"imgcen\"><span class=\"Apple-style-span\" style=\"font-family: Verdana, sans-serif; \">Esta pintura es obra del excepcional artista Melero, que me honra con su amistad.<\/span><\/p>\n<div><font class=\"Apple-style-span\" face=\"Verdana, sans-serif\"><br \/>\n<\/span><\/div>\n<div><font class=\"Apple-style-span\" face=\"Verdana, sans-serif\"><br \/>\n<\/span><\/div>\n<div><font class=\"Apple-style-span\" face=\"Verdana, sans-serif\">Con motivo del D\u00eda Internacional de la Mujer quiero celebrarlo regalando a mis amigos del blogs un poema in\u00e9dito que pertenece a mi \u00faltimo poemario titulado &#8220;Miradas C\u00f3mplices&#8221; y que presentar\u00e9 en primavera en Murcia y Madrid.<br \/>\n<\/span><\/p>\n<p class=\"MsoNormal\" style=\"margin-left:35.4pt;text-indent:35.4pt\"><font class=\"Apple-style-span\" face=\"Verdana, sans-serif\"><\/p>\n<p class=\"MsoNormal\" style=\"margin-top: 0px; margin-right: 0px; margin-bottom: 0px; margin-left: 35.4pt; padding-top: 0px; padding-right: 0px; padding-bottom: 11px; padding-left: 0px; text-indent: 35.4pt; font-family: Verdana; \"><span style=\"font-family: Verdana, sans-serif; \"><br \/>\n<\/span><\/p>\n<p class=\"MsoNormal\" style=\"margin-top: 0px; margin-right: 0px; margin-bottom: 0px; margin-left: 35.4pt; padding-top: 0px; padding-right: 0px; padding-bottom: 11px; padding-left: 0px; text-indent: 35.4pt; font-family: Verdana; \"><span style=\"font-family: Verdana, sans-serif; \"><br \/>\n<\/span><\/p>\n<p class=\"MsoNormal\" style=\"margin-top: 0px; margin-right: 0px; margin-bottom: 0px; margin-left: 35.4pt; padding-top: 0px; padding-right: 0px; padding-bottom: 11px; padding-left: 0px; text-indent: 35.4pt; font-family: Verdana; \"><span style=\"font-family: Verdana, sans-serif; \">La mujer.<o:p><\/o:p><\/span><\/p>\n<p class=\"MsoNormal\" style=\"margin-top: 0px; margin-right: 0px; margin-bottom: 0px; margin-left: 35.4pt; padding-top: 0px; padding-right: 0px; padding-bottom: 11px; padding-left: 0px; text-indent: 35.4pt; font-family: Verdana; \"><span style=\"font-family: Verdana, sans-serif; \">Siempre ella<o:p><\/o:p><\/span><\/p>\n<p class=\"MsoNormal\" style=\"margin-top: 0px; margin-right: 0px; margin-bottom: 0px; margin-left: 35.4pt; padding-top: 0px; padding-right: 0px; padding-bottom: 11px; padding-left: 0px; text-indent: 35.4pt; font-family: Verdana; \"><span style=\"font-family: Verdana, sans-serif; \">quien arrulla en su regazo<o:p><\/o:p><\/span><\/p>\n<p class=\"MsoNormal\" style=\"margin-top: 0px; margin-right: 0px; margin-bottom: 0px; margin-left: 35.4pt; padding-top: 0px; padding-right: 0px; padding-bottom: 11px; padding-left: 0px; text-indent: 35.4pt; font-family: Verdana; \"><span style=\"font-family: Verdana, sans-serif; \">la bondad de una tierra<o:p><\/o:p><\/span><\/p>\n<p class=\"MsoNormal\" style=\"margin-top: 0px; margin-right: 0px; margin-bottom: 0px; margin-left: 35.4pt; padding-top: 0px; padding-right: 0px; padding-bottom: 11px; padding-left: 0px; text-indent: 35.4pt; font-family: Verdana; \"><span style=\"font-family: Verdana, sans-serif; \">ansiosa de semilla;<o:p><\/o:p><\/span><\/p>\n<p class=\"MsoNormal\" style=\"margin-top: 0px; margin-right: 0px; margin-bottom: 0px; margin-left: 35.4pt; padding-top: 0px; padding-right: 0px; padding-bottom: 11px; padding-left: 0px; text-indent: 35.4pt; font-family: Verdana; \"><span style=\"font-family: Verdana, sans-serif; \">quien enciende los sue\u00f1os<o:p><\/o:p><\/span><\/p>\n<p class=\"MsoNormal\" style=\"margin-top: 0px; margin-right: 0px; margin-bottom: 0px; margin-left: 35.4pt; padding-top: 0px; padding-right: 0px; padding-bottom: 11px; padding-left: 0px; text-indent: 35.4pt; font-family: Verdana; \"><span style=\"font-family: Verdana, sans-serif; \">en la aurora<o:p><\/o:p><\/span><\/p>\n<p class=\"MsoNormal\" style=\"margin-top: 0px; margin-right: 0px; margin-bottom: 0px; margin-left: 35.4pt; padding-top: 0px; padding-right: 0px; padding-bottom: 11px; padding-left: 0px; text-indent: 35.4pt; font-family: Verdana; \"><span style=\"font-family: Verdana, sans-serif; \">-so\u00f1ar siempre complica las cosas-;<o:p><\/o:p><\/span><\/p>\n<p class=\"MsoNormal\" style=\"margin-top: 0px; margin-right: 0px; margin-bottom: 0px; margin-left: 35.4pt; padding-top: 0px; padding-right: 0px; padding-bottom: 11px; padding-left: 0px; text-indent: 35.4pt; font-family: Verdana; \"><span style=\"font-family: Verdana, sans-serif; \">quien pone nombre a las estrellas<o:p><\/o:p><\/span><\/p>\n<p class=\"MsoNormal\" style=\"margin-top: 0px; margin-right: 0px; margin-bottom: 0px; margin-left: 35.4pt; padding-top: 0px; padding-right: 0px; padding-bottom: 11px; padding-left: 0px; text-indent: 35.4pt; font-family: Verdana; \"><span style=\"font-family: Verdana, sans-serif; \">y cura con sus ojos las heridas.<o:p><\/o:p><\/span><\/p>\n<p class=\"MsoNormal\" style=\"margin-top: 0px; margin-right: 0px; margin-bottom: 0px; margin-left: 35.4pt; padding-top: 0px; padding-right: 0px; padding-bottom: 11px; padding-left: 0px; text-indent: 35.4pt; font-family: Verdana; \"><span style=\"font-family: Verdana, sans-serif; \">La mujer.<o:p><\/o:p><\/span><\/p>\n<p class=\"MsoNormal\" style=\"margin-top: 0px; margin-right: 0px; margin-bottom: 0px; margin-left: 35.4pt; padding-top: 0px; padding-right: 0px; padding-bottom: 11px; padding-left: 0px; text-indent: 35.4pt; font-family: Verdana; \"><span style=\"font-family: Verdana, sans-serif; \">Siempre ella<o:p><\/o:p><\/span><\/p>\n<p class=\"MsoNormal\" style=\"margin-top: 0px; margin-right: 0px; margin-bottom: 0px; margin-left: 35.4pt; padding-top: 0px; padding-right: 0px; padding-bottom: 11px; padding-left: 0px; text-indent: 35.4pt; font-family: Verdana; \"><span style=\"font-family: Verdana, sans-serif; \">quien se yergue despu\u00e9s<o:p><\/o:p><\/span><\/p>\n<p class=\"MsoNormal\" style=\"margin-top: 0px; margin-right: 0px; margin-bottom: 0px; margin-left: 35.4pt; padding-top: 0px; padding-right: 0px; padding-bottom: 11px; padding-left: 0px; text-indent: 35.4pt; font-family: Verdana; \"><span style=\"font-family: Verdana, sans-serif; \">de la violencia o la venganza<o:p><\/o:p><\/span><\/p>\n<p class=\"MsoNormal\" style=\"margin-top: 0px; margin-right: 0px; margin-bottom: 0px; margin-left: 35.4pt; padding-top: 0px; padding-right: 0px; padding-bottom: 11px; padding-left: 0px; text-indent: 35.4pt; font-family: Verdana; \"><span style=\"font-family: Verdana, sans-serif; \">del hombre contra el hombre.<o:p><\/o:p><\/span><\/p>\n<p class=\"MsoNormal\" style=\"margin-top: 0px; margin-right: 0px; margin-bottom: 0px; margin-left: 35.4pt; padding-top: 0px; padding-right: 0px; padding-bottom: 11px; padding-left: 0px; text-indent: 35.4pt; font-family: Verdana; \"><span style=\"font-family: Verdana, sans-serif; \">La mujer.<o:p><\/o:p><\/span><\/p>\n<p class=\"MsoNormal\" style=\"margin-top: 0px; margin-right: 0px; margin-bottom: 0px; margin-left: 35.4pt; padding-top: 0px; padding-right: 0px; padding-bottom: 11px; padding-left: 0px; text-indent: 35.4pt; font-family: Verdana; \"><span style=\"font-family: Verdana, sans-serif; \">S\u00f3lo ella.<o:p><\/o:p><\/span><\/p>\n<p class=\"MsoNormal\" style=\"margin-top: 0px; margin-right: 0px; margin-bottom: 0px; margin-left: 35.4pt; padding-top: 0px; padding-right: 0px; padding-bottom: 11px; padding-left: 0px; text-indent: 35.4pt; font-family: Verdana; \"><span style=\"font-family: Verdana, sans-serif; \">Camina, cae, se arrastra<o:p><\/o:p><\/span><\/p>\n<p class=\"MsoNormal\" style=\"margin-top: 0px; margin-right: 0px; margin-bottom: 0px; margin-left: 35.4pt; padding-top: 0px; padding-right: 0px; padding-bottom: 11px; padding-left: 0px; text-indent: 35.4pt; font-family: Verdana; \"><span style=\"font-family: Verdana, sans-serif; \">o se levanta, se eleva y vuela<o:p><\/o:p><\/span><\/p>\n<p class=\"MsoNormal\" style=\"margin-top: 0px; margin-right: 0px; margin-bottom: 0px; margin-left: 35.4pt; padding-top: 0px; padding-right: 0px; padding-bottom: 11px; padding-left: 0px; text-indent: 35.4pt; font-family: Verdana; \"><span style=\"font-family: Verdana, sans-serif; \">al ritmo de la flauta de la Vida.<o:p><\/o:p><\/span><\/p>\n<p class=\"MsoNormal\" style=\"margin-top: 0px; margin-right: 0px; margin-bottom: 0px; margin-left: 35.4pt; padding-top: 0px; padding-right: 0px; padding-bottom: 11px; padding-left: 0px; text-indent: 35.4pt; font-family: Verdana; \"><span style=\"font-family: Verdana, sans-serif; \">S\u00f3lo ella puede ser serpiente o bailarina.<\/span><\/p>\n<p><\/span><\/p>\n<p class=\"MsoNormal\"><span style=\"font-family:\"Verdana\",\"sans-serif\"\"><o:p> <\/o:p><\/span><\/p>\n<p class=\"MsoNormal\"><span style=\"font-family:\"Verdana\",\"sans-serif\"\"><o:p> <\/o:p><\/span><\/p>\n<\/div>\n","protected":false},"excerpt":{"rendered":"<p>Esta pintura es obra del excepcional artista Melero, que me honra con su amistad. Con motivo del D\u00eda Internacional de la Mujer quiero celebrarlo regalando a mis amigos del blogs un poema in\u00e9dito que pertenece a mi \u00faltimo poemario titulado &#8220;Miradas C\u00f3mplices&#8221; y que presentar\u00e9 en primavera en Murcia y Madrid. La mujer. Siempre ella [&hellip;]<\/p>\n","protected":false},"author":17,"featured_media":0,"comment_status":"open","ping_status":"closed","sticky":false,"template":"","format":"standard","meta":[],"categories":[2],"tags":[],"_links":{"self":[{"href":"https:\/\/blogs.laverdad.es\/anamariatomas\/wp-json\/wp\/v2\/posts\/104"}],"collection":[{"href":"https:\/\/blogs.laverdad.es\/anamariatomas\/wp-json\/wp\/v2\/posts"}],"about":[{"href":"https:\/\/blogs.laverdad.es\/anamariatomas\/wp-json\/wp\/v2\/types\/post"}],"author":[{"embeddable":true,"href":"https:\/\/blogs.laverdad.es\/anamariatomas\/wp-json\/wp\/v2\/users\/17"}],"replies":[{"embeddable":true,"href":"https:\/\/blogs.laverdad.es\/anamariatomas\/wp-json\/wp\/v2\/comments?post=104"}],"version-history":[{"count":0,"href":"https:\/\/blogs.laverdad.es\/anamariatomas\/wp-json\/wp\/v2\/posts\/104\/revisions"}],"wp:attachment":[{"href":"https:\/\/blogs.laverdad.es\/anamariatomas\/wp-json\/wp\/v2\/media?parent=104"}],"wp:term":[{"taxonomy":"category","embeddable":true,"href":"https:\/\/blogs.laverdad.es\/anamariatomas\/wp-json\/wp\/v2\/categories?post=104"},{"taxonomy":"post_tag","embeddable":true,"href":"https:\/\/blogs.laverdad.es\/anamariatomas\/wp-json\/wp\/v2\/tags?post=104"}],"curies":[{"name":"wp","href":"https:\/\/api.w.org\/{rel}","templated":true}]}}