{"id":106,"date":"2011-03-12T11:58:00","date_gmt":"2011-03-12T11:58:00","guid":{"rendered":"http:\/\/blogs.laverdad.es\/anamariatomas\/?p=106"},"modified":"2011-03-12T11:58:00","modified_gmt":"2011-03-12T11:58:00","slug":"descendiendo","status":"publish","type":"post","link":"https:\/\/blogs.laverdad.es\/anamariatomas\/2011\/03\/12\/descendiendo\/","title":{"rendered":"DESCENDIENDO"},"content":{"rendered":"<p class=\"MsoNormal\" style=\"text-align:justify\"><font class=\"Apple-style-span\" face=\"'Times New Roman', serif\" size=\"3\"><span class=\"Apple-style-span\" style=\"line-height: 18px;\"><br \/>\n<\/span><\/span><\/p>\n<p><IMG src=\"\/anamariatomas\/wp-content\/uploads\/sites\/17\" id=\"img_0\" class=\"imgizqda\"><\/p>\n<div>\n<\/div>\n<div>\n<p class=\"MsoNormal\" style=\"margin-top: 0px; margin-right: 0px; margin-bottom: 0px; margin-left: 0px; padding-top: 0px; padding-right: 0px; padding-bottom: 11px; padding-left: 0px; text-align: justify; \"><span lang=\"ES-TRAD\" style=\"font-size: 12pt; line-height: 18px; font-family: 'Times New Roman', serif; \">         Aunque el Hombre descienda del mono, si se lo propone, siempre es capaz de descender un poco m\u00e1s; que se lo pregunten, si no, al esperpento de John Galiano. Tengo delante de m\u00ed (que no delante m\u00eda) varias fotos de \u00e9l, una en concreto en el desfile de Par\u00eds del a\u00f1o pasado y, al margen de ser un gran creador, las im\u00e1genes no dejan lugar a dudas de la excentricidad -va vestido que ni para los carnavales de Canarias-, con su puntito subido de soberbia del se\u00f1or Galiano.<span> <\/span><o:p><\/o:p><\/span><\/p>\n<p class=\"MsoNormal\" style=\"margin-top: 0px; margin-right: 0px; margin-bottom: 0px; margin-left: 0px; padding-top: 0px; padding-right: 0px; padding-bottom: 11px; padding-left: 0px; text-align: justify; \"><span lang=\"ES-TRAD\" style=\"font-size: 12pt; line-height: 18px; font-family: 'Times New Roman', serif; \"><span>            <\/span>Dicen que ten\u00eda una tasa alta, alt\u00edsima, de alcohol en la sangre cuando escupi\u00f3 sus palabras antisemitas (\u201cSucia cabeza jud\u00eda, deber\u00edas estar muerta\u201d) a un jud\u00edo que se encontraba en una mesa contigua a \u00e9l en una cafeter\u00eda parisina. Sin embargo, estar bebido no deber\u00eda ser un eximente, sino todo lo contrario: un agravante. Todos sabemos que s\u00f3lo los ni\u00f1os y los borrachos dicen la verdad, o sea, su verdad, lo que sienten. Puede que el alcohol nuble la raz\u00f3n, pero hace transparente al coraz\u00f3n.<o:p><\/o:p><\/span><\/p>\n<p class=\"MsoNormal\" style=\"margin-top: 0px; margin-right: 0px; margin-bottom: 0px; margin-left: 0px; padding-top: 0px; padding-right: 0px; padding-bottom: 11px; padding-left: 0px; text-align: justify; \"><span lang=\"ES-TRAD\" style=\"font-size: 12pt; line-height: 18px; font-family: 'Times New Roman', serif; \"><span>            <\/span>No es la primera vez que el famoso dise\u00f1ador de la casa Dior arroja su odio hacia los jud\u00edos y su amor por Hitler. Evidentemente, cada uno puede tener sus filias y sus fobias que no hacen m\u00e1s que definirlo como persona, pero, teniendo en cuenta que la imagen p\u00fablica del perfume <em>Miss Dior Cherie<\/em>, Natalie Portman, es jud\u00eda, aunque s\u00f3lo hubiese sido por pura y dura diplomacia, deber\u00eda haberse hecho un nudito en la lengua antes de mostrar al mundo la clase de ser humano que es.<o:p><\/o:p><\/span><\/p>\n<p class=\"MsoNormal\" style=\"margin-top: 0px; margin-right: 0px; margin-bottom: 0px; margin-left: 0px; padding-top: 0px; padding-right: 0px; padding-bottom: 11px; padding-left: 0px; text-align: justify; \"><span lang=\"ES-TRAD\" style=\"font-size: 12pt; line-height: 18px; font-family: 'Times New Roman', serif; \"><span>            <\/span>Personalmente creo que su problema, como el que tienen numerosos personajes esnifados de fama -el \u00faltimo protagonizado por Charlie Sheen, que atac\u00f3 verbalmente al hombre que le pagaba millones de euros por su papel en una serie americana- es el endiosamiento absoluto que sufre esta gente. Poco a poco o de golpe, nunca se sabe, se convencen de su genialidad y de estar por encima del bien y del mal. Piensan que, cada vez que hablan, paren genialidades que todo el mundo debe aplaudir y se rodean de una cohorte que los aleja de la realidad y les engordan su petulancia y su egolatr\u00eda. Y ellos se sit\u00faan all\u00e1 arriba sin darse cuenta de que siguen en el mismo lugar que el resto de los mortales s\u00f3lo que en un punto de mira diferente, y, cuando realizan declaraciones como \u201cPuto bastardo asi\u00e1tico, te voy a matar\u201d -Galiano dixit-, lo \u00fanico que hacen es descender bastante del nivel humano y subir un poco al \u00e1rbol del que hace tantos siglos comenzamos a bajar.<o:p><\/o:p><\/span><\/p>\n<p class=\"MsoNormal\" style=\"margin-top: 0px; margin-right: 0px; margin-bottom: 0px; margin-left: 0px; padding-top: 0px; padding-right: 0px; padding-bottom: 11px; padding-left: 0px; text-align: justify; \"><span lang=\"ES-TRAD\" style=\"font-size: 12pt; line-height: 18px; font-family: 'Times New Roman', serif; \"><span>            <\/span>Desgraciadamente, todos conocemos casos, tanto del extranjero como del suelo patrio, que, teni\u00e9ndolo todo y consider\u00e1ndose torres inexpugnables, han sido abatidos por su propia petulancia. Descender del nimio pedestal, donde en realidad est\u00e1n, a la altura del resto de los mortales es, apenas, un peque\u00f1o golpe de gracia, aunque ellos crean que es un descenso al infierno. Nada comparable al aut\u00e9ntico descenso a los infiernos, en tren de alta velocidad, que sufren los toxic\u00f3manos que ejercen de esclavos para cuantos trabajos, vejaciones y humillaciones gusten los camellos que les proporcionan una peque\u00f1a dosis a cambio de su vida.<o:p><\/o:p><\/span><\/p>\n<p class=\"MsoNormal\" style=\"margin-top: 0px; margin-right: 0px; margin-bottom: 0px; margin-left: 0px; padding-top: 0px; padding-right: 0px; padding-bottom: 11px; padding-left: 0px; text-align: justify; \"><span lang=\"ES-TRAD\" style=\"font-size: 12pt; line-height: 18px; font-family: 'Times New Roman', serif; \"><span>            <\/span>S\u00ed, el hombre puede descender\u2026 y mucho\u2026 desde el \u00e1rbol al suelo y desde \u00e9ste a los s\u00f3tanos del mism\u00edsimo infierno\u2026 Y lo peor de todo es que no hay que salir de nosotros mismos para encontrarlo.<o:p><\/o:p><\/span><\/p>\n<p class=\"MsoNormal\" style=\"margin-top: 0px; margin-right: 0px; margin-bottom: 0px; margin-left: 0px; padding-top: 0px; padding-right: 0px; padding-bottom: 11px; padding-left: 0px; text-align: justify; \"><font class=\"Apple-style-span\" face=\"'Times New Roman', serif\" size=\"3\"><span class=\"Apple-style-span\" style=\"line-height: 18px; \">www.anamariatomas.com<\/span><\/span><\/p>\n<\/div>\n","protected":false},"excerpt":{"rendered":"<p>Aunque el Hombre descienda del mono, si se lo propone, siempre es capaz de descender un poco m\u00e1s; que se lo pregunten, si no, al esperpento de John Galiano. Tengo delante de m\u00ed (que no delante m\u00eda) varias fotos de \u00e9l, una en concreto en el desfile de Par\u00eds del a\u00f1o pasado y, al margen [&hellip;]<\/p>\n","protected":false},"author":17,"featured_media":0,"comment_status":"open","ping_status":"closed","sticky":false,"template":"","format":"standard","meta":[],"categories":[2],"tags":[],"_links":{"self":[{"href":"https:\/\/blogs.laverdad.es\/anamariatomas\/wp-json\/wp\/v2\/posts\/106"}],"collection":[{"href":"https:\/\/blogs.laverdad.es\/anamariatomas\/wp-json\/wp\/v2\/posts"}],"about":[{"href":"https:\/\/blogs.laverdad.es\/anamariatomas\/wp-json\/wp\/v2\/types\/post"}],"author":[{"embeddable":true,"href":"https:\/\/blogs.laverdad.es\/anamariatomas\/wp-json\/wp\/v2\/users\/17"}],"replies":[{"embeddable":true,"href":"https:\/\/blogs.laverdad.es\/anamariatomas\/wp-json\/wp\/v2\/comments?post=106"}],"version-history":[{"count":0,"href":"https:\/\/blogs.laverdad.es\/anamariatomas\/wp-json\/wp\/v2\/posts\/106\/revisions"}],"wp:attachment":[{"href":"https:\/\/blogs.laverdad.es\/anamariatomas\/wp-json\/wp\/v2\/media?parent=106"}],"wp:term":[{"taxonomy":"category","embeddable":true,"href":"https:\/\/blogs.laverdad.es\/anamariatomas\/wp-json\/wp\/v2\/categories?post=106"},{"taxonomy":"post_tag","embeddable":true,"href":"https:\/\/blogs.laverdad.es\/anamariatomas\/wp-json\/wp\/v2\/tags?post=106"}],"curies":[{"name":"wp","href":"https:\/\/api.w.org\/{rel}","templated":true}]}}