{"id":107,"date":"2011-03-20T18:57:00","date_gmt":"2011-03-20T18:57:00","guid":{"rendered":"http:\/\/blogs.laverdad.es\/anamariatomas\/?p=107"},"modified":"2011-03-20T18:57:00","modified_gmt":"2011-03-20T18:57:00","slug":"tolerantes","status":"publish","type":"post","link":"https:\/\/blogs.laverdad.es\/anamariatomas\/2011\/03\/20\/tolerantes\/","title":{"rendered":"TOLERANTES"},"content":{"rendered":"<p class=\"MsoNormal\" style=\"text-align:justify\"><span lang=\"ES-TRAD\" style=\"font-size:12.0pt;line-height:115%;font-family:\"Times New Roman\",\"serif\"; mso-ansi-language:ES-TRAD\">Me precio de tener amigos que caminan en todas direcciones, l\u00e9ase de izquierdas, derechas, de centro,<span style=\"mso-spacerun:yes\">  <\/span>pacifistas, revolucionarios, creyentes, agn\u00f3sticos, <span style=\"mso-spacerun:yes\"> <\/span>ateos y los ecl\u00e9cticos, que son los m\u00e1s dif\u00edciles de clasificar, entre los que me encuentro. De todos aprendo algo y son, precisamente, esas diferencias las que nos enriquecen a todos porque si algo compartimos es el respeto, el profundo respeto,<span style=\"mso-spacerun:yes\">  <\/span>por la ideolog\u00eda o las creencias del otro. Por eso me produce mucho m\u00e1s desasosiego encontrarme con actos vand\u00e1licos como los protagonizados por algunos alumnos de la Facultad de Pol\u00edticas y Sociolog\u00eda de la Universidad Complutense de Madrid que no tuvieron mejor idea que la de asaltar una capilla del Campus de Somosaguas en un acto cargado de ofensas, insultos, obscenidades y agravios contra los cat\u00f3licos.<o:p><\/o:p><\/span><\/p>\n<p class=\"MsoNormal\" style=\"text-align:justify\"><span lang=\"ES-TRAD\" style=\"font-size:12.0pt;line-height:115%;font-family:\"Times New Roman\",\"serif\"; mso-ansi-language:ES-TRAD\"><span style=\"mso-tab-count:1\">            <\/span>Por fortuna estamos en un pa\u00eds que se proclama aconfesional, o sea, que nadie les pide a quienes se definen como izquierdistas radicales que crean o dejen de creer en m\u00e1s dios o mandamientos que los que ellos mismos se impongan. Ning\u00fan cat\u00f3lico creo que vaya tras ellos oblig\u00e1ndoles a entrar en el \u201cobsoleto\u201d club de la Iglesia Cat\u00f3lica. Considero, por tanto, que tambi\u00e9n ellos deber\u00edan dejar tranquilos a quienes no pertenezcan a su club de superchachiprogres.<o:p><\/o:p><\/span><\/p>\n<p class=\"MsoNormal\" style=\"text-align:justify\"><span lang=\"ES-TRAD\" style=\"font-size:12.0pt;line-height:115%;font-family:\"Times New Roman\",\"serif\"; mso-ansi-language:ES-TRAD\"><span style=\"mso-spacerun:yes\"> <\/span><span style=\"mso-tab-count:1\">           <\/span>Ellos se llaman progresistas, aunque yo los llamar\u00eda cobardes del tres al cuarto. Me gustar\u00eda a m\u00ed ver la valent\u00eda que se gastar\u00edan para atacar a los creyentes en alguno de los pa\u00edses islamistas, me gustar\u00eda a m\u00ed ver a las ni\u00f1atas estas quit\u00e1ndose el sujetador y realizando actos obscenos en alguna mezquita \u00e1rabe, me encantar\u00eda ver los huevos que le echan a la hora de proferir insultos contra Al\u00e1 y su profeta. Sin embargo, son muy valientes con el Dios cristiano, muy progresistas ante los \u201ccobardes\u201d cat\u00f3licos que se encontraban en la capilla y quedaron estupefactos ante tanto despliegue de \u201cvalent\u00eda\u201d acertando s\u00f3lo a agachar la cabeza y rezar en lugar de hacer como ya hizo Jesucristo hace unos cuantos a\u00f1os: agarrar una l\u00e1tigo y correrlos a todos a latigazo limpio. \u00bfPoco tolerante? \u00bfEst\u00e1n pensando que soy poco tolerante ante tan desproporcionada desverg\u00fcenza\u2026? Es posible. Quiz\u00e1 porque el d\u00eda que repartieron la tolerancia s\u00f3lo llegaron a tiempo de recibirla los radicales de izquierda, los valientes radicales que se autoproclaman \u201ctolerantes\u201d y, a la vista est\u00e1, lo demuestran. Demuestran su tolerancia con quienes se confiesan cat\u00f3licos -\u00a1ojo! ca-t\u00f3-li-cos, expresan su tolerancia con gratuitas ofensas puras y duras. Manifiestan su absoluta tolerancia con insultos y agravios\u2026 pero eso s\u00ed, ellos son muy tolerantes, muy respetuosos. Siempre dando lo mismo que piden para ellos.<o:p><\/o:p><\/span><\/p>\n<p class=\"MsoNormal\" style=\"text-align:justify\"><span lang=\"ES-TRAD\" style=\"font-size:12.0pt;line-height:115%;font-family:\"Times New Roman\",\"serif\"; mso-ansi-language:ES-TRAD\"><span style=\"mso-tab-count:1\">            <\/span>As\u00ed que, ah\u00ed est\u00e1n los \u201cintolerantes\u201d afrontando con pasividad las canalladas, los \u201cdelitos contra la libertad de conciencia y los sentimientos religiosos\u201d -porque lo que hicieron es un delito en toda regla aunque les quede absolutamente impune-,<span style=\"mso-spacerun:yes\">  <\/span>sinti\u00e9ndose desprotegidos frente a quienes son muy \u201ctolerantes y valientes\u201d con quienes saben que no actuar\u00e1n con ellos como lo har\u00edan hermanos de otra religi\u00f3n. <span style=\"mso-tab-count:1\">           <\/span><o:p><\/o:p><\/span><\/p>\n<p class=\"MsoNormal\" style=\"text-align:justify\"><span lang=\"ES-TRAD\" style=\"font-size:12.0pt;line-height:115%;font-family:\"Times New Roman\",\"serif\"; mso-ansi-language:ES-TRAD\"><span style=\"mso-spacerun:yes\"> <\/span><span style=\"mso-tab-count:1\">           <\/span>De todas formas Mahatma Gandhi ven\u00eda a decir algo as\u00ed como que a una civilizaci\u00f3n se la conoc\u00eda por la forma en que trataba a sus animales, as\u00ed que creo que, es ese aspecto y como se ha demostrado, los \u201cintolerantes\u201d han pasado la prueba.<o:p><\/o:p><\/span><\/p>\n<p style=\"text-align:justify\"><span style=\"font-family:\"Arial\",\"sans-serif\"; color:black\"><span style=\"mso-spacerun:yes\">  <\/span><span style=\"mso-spacerun:yes\">                          <\/span>www.anamariatomas.com<\/span><span style=\"font-size:10.0pt;font-family:\"Arial\",\"sans-serif\";color:black\"><o:p><\/o:p><\/span><\/p>\n<p class=\"MsoNormal\"><span style=\"color:black\"> <\/span><span style=\"mso-ascii-font-family:Calibri;mso-hansi-font-family:Calibri;color:black\">                          <\/span><\/p>\n<p><IMG src=\"\/anamariatomas\/wp-content\/uploads\/sites\/17\" id=\"img_0\" class=\"imgcen\"><\/p>\n<p class=\"MsoNormal\"><span class=\"Apple-style-span\" style=\"font-family: 'Times New Roman', serif; font-size: 16px; line-height: 18px; \"> <\/span><\/p>\n","protected":false},"excerpt":{"rendered":"<p>Me precio de tener amigos que caminan en todas direcciones, l\u00e9ase de izquierdas, derechas, de centro, pacifistas, revolucionarios, creyentes, agn\u00f3sticos, ateos y los ecl\u00e9cticos, que son los m\u00e1s dif\u00edciles de clasificar, entre los que me encuentro. De todos aprendo algo y son, precisamente, esas diferencias las que nos enriquecen a todos porque si algo compartimos [&hellip;]<\/p>\n","protected":false},"author":17,"featured_media":0,"comment_status":"open","ping_status":"closed","sticky":false,"template":"","format":"standard","meta":[],"categories":[2],"tags":[],"_links":{"self":[{"href":"https:\/\/blogs.laverdad.es\/anamariatomas\/wp-json\/wp\/v2\/posts\/107"}],"collection":[{"href":"https:\/\/blogs.laverdad.es\/anamariatomas\/wp-json\/wp\/v2\/posts"}],"about":[{"href":"https:\/\/blogs.laverdad.es\/anamariatomas\/wp-json\/wp\/v2\/types\/post"}],"author":[{"embeddable":true,"href":"https:\/\/blogs.laverdad.es\/anamariatomas\/wp-json\/wp\/v2\/users\/17"}],"replies":[{"embeddable":true,"href":"https:\/\/blogs.laverdad.es\/anamariatomas\/wp-json\/wp\/v2\/comments?post=107"}],"version-history":[{"count":0,"href":"https:\/\/blogs.laverdad.es\/anamariatomas\/wp-json\/wp\/v2\/posts\/107\/revisions"}],"wp:attachment":[{"href":"https:\/\/blogs.laverdad.es\/anamariatomas\/wp-json\/wp\/v2\/media?parent=107"}],"wp:term":[{"taxonomy":"category","embeddable":true,"href":"https:\/\/blogs.laverdad.es\/anamariatomas\/wp-json\/wp\/v2\/categories?post=107"},{"taxonomy":"post_tag","embeddable":true,"href":"https:\/\/blogs.laverdad.es\/anamariatomas\/wp-json\/wp\/v2\/tags?post=107"}],"curies":[{"name":"wp","href":"https:\/\/api.w.org\/{rel}","templated":true}]}}