{"id":108,"date":"2011-03-24T16:35:00","date_gmt":"2011-03-24T16:35:00","guid":{"rendered":"http:\/\/blogs.laverdad.es\/anamariatomas\/?p=108"},"modified":"2011-03-24T16:35:00","modified_gmt":"2011-03-24T16:35:00","slug":"ballena-o-sirena","status":"publish","type":"post","link":"https:\/\/blogs.laverdad.es\/anamariatomas\/2011\/03\/24\/ballena-o-sirena\/","title":{"rendered":"BALLENA O SIRENA"},"content":{"rendered":"<p>ME ACABA DE LLEGAR ESTO AL CORREO ELECTR\u00d3NICO Y ME HA PARECIDO GENIAL COMPARTIRLO CON TODOS VOSOTROS. SOBRE TODO AHORA QUE VAMOS ENTRANDO EN LOS MESECITOS PREVERANIEGOS.<\/p>\n<div>\n<\/div>\n<div>\n<p class=\"MsoNormal\" style=\"text-align:justify\"><span class=\"apple-style-span\"><span style=\"font-size:14.0pt;line-height:115%;font-family:\"Verdana\",\"sans-serif\"; mso-bidi-font-family:\"Courier New\";color:black\">Hace unos d\u00edas, en una ciudad de Francia, un cartel, con una joven espectacular, en el escaparate de un gimnasio, dec\u00eda:<o:p><\/o:p><\/span><\/span><\/p>\n<p class=\"MsoNormal\" style=\"text-align:justify\"><span style=\"font-size:14.0pt; line-height:115%;font-family:\"Verdana\",\"sans-serif\";mso-bidi-font-family:\"Courier New\"; color:black\"><\/p>\n<p> <span class=\"apple-style-span\">  &#8216;ESTE VERANO \u00bfQUIERES SER SIRENA O BALLENA?&#8217;<\/span><\/p>\n<p> <span class=\"apple-style-span\">  Dicen que una mujer joven-madura, cuyas caracter\u00edsticas f\u00edsicas no han  trascendido, respondi\u00f3 a la pregunta publicitaria en estos t\u00e9rminos:<o:p><\/o:p><\/span><\/span><\/p>\n<p class=\"MsoNormal\" style=\"text-align:justify\"><span style=\"font-size:14.0pt; line-height:115%;font-family:\"Verdana\",\"sans-serif\";mso-bidi-font-family:\"Courier New\"; color:black\"><\/p>\n<p> <span class=\"apple-style-span\"> Estimados Srs: <o:p><\/o:p><\/span><\/span><\/p>\n<p class=\"MsoNormal\" style=\"text-align:justify\"><span style=\"font-size:14.0pt; line-height:115%;font-family:\"Verdana\",\"sans-serif\";mso-bidi-font-family:\"Courier New\"; color:black\"><br \/>\n <span class=\"apple-style-span\">  Las ballenas est\u00e1n siempre rodeadas de amigos (delfines, leones marinos, humanos curiosos). Tienen una vida sexual muy activa, se embarazan y  tienen ballenitas de lo m\u00e1s tiernas a las que amamantan. Se lo pasan  bomba con los delfines poni\u00e9ndose moradas de camarones. Juegan y nadan surcando los mares, conociendo lugares tan maravillosos como La Patagonia, el mar de Barens o los arrecifes de Coral de la Polinesia.<o:p><\/o:p><\/span><\/span><\/p>\n<p class=\"MsoNormal\" style=\"text-align:justify\"><span class=\"apple-style-span\"><span style=\"font-size:14.0pt;line-height:115%;font-family:\"Verdana\",\"sans-serif\"; mso-bidi-font-family:\"Courier New\";color:black\"><span style=\"mso-spacerun:yes\"> <\/span>Las ballenas cantan muy bien y hasta graban CD&#8217;s. Son impresionantes y casi no tienen  m\u00e1s depredador que los humanos. Son queridas, defendidas y admiradas por<\/span><\/span><span style=\"font-size: 14.0pt;line-height:115%;font-family:\"Verdana\",\"sans-serif\";mso-bidi-font-family: \"Courier New\";color:black\"><br \/>\n <span class=\"apple-style-span\">casi todo el mundo.<o:p><\/o:p><\/span><\/span><\/p>\n<p class=\"MsoNormal\" style=\"text-align:justify\"><span class=\"apple-style-span\"><span style=\"font-size:14.0pt;line-height:115%;font-family:\"Verdana\",\"sans-serif\"; mso-bidi-font-family:\"Courier New\";color:black\"><span style=\"mso-spacerun:yes\"> <\/span><span style=\"mso-tab-count:1\">      <\/span>Las sirenas no existen. Y si existieran har\u00edan colas en las consultas de los psicoanalistas porque tendr\u00edan un grave problema de personalidad &#8216;\u00bfmujer o pescado?&#8217; No tienen vida sexual porque matan a los hombres que se acercan a ellas, adem\u00e1s por donde? <o:p><\/o:p><\/span><\/span><\/p>\n<p class=\"MsoNormal\" style=\"text-align:justify\"><span class=\"apple-style-span\"><span style=\"font-size:14.0pt;line-height:115%;font-family:\"Verdana\",\"sans-serif\"; mso-bidi-font-family:\"Courier New\";color:black\"><span style=\"mso-spacerun:yes\"> <\/span><span style=\"mso-tab-count:1\">      <\/span>As\u00ed que tampoco tienen hijos. Son bonitas, es verdad,<o:p><\/o:p><\/span><\/span><\/p>\n<p class=\"MsoNormal\" style=\"text-align:justify\"><span class=\"apple-style-span\"><span style=\"font-size:14.0pt;line-height:115%;font-family:\"Verdana\",\"sans-serif\"; mso-bidi-font-family:\"Courier New\";color:black\"><span style=\"mso-spacerun:yes\"> <\/span>pero solitarias y tristes. Adem\u00e1s \u00bfQui\u00e9n querr\u00eda acercarse a una chica que huele a pescader\u00eda?<o:p><\/o:p><\/span><\/span><\/p>\n<p class=\"MsoNormal\" style=\"text-align:justify\"><span class=\"apple-style-span\"><span style=\"font-size:14.0pt;line-height:115%;font-family:\"Verdana\",\"sans-serif\"; mso-bidi-font-family:\"Courier New\";color:black\"><span style=\"mso-spacerun:yes\"> <\/span><span style=\"mso-tab-count:1\">      <\/span><span style=\"mso-spacerun:yes\"> <\/span>Yo lo tengo claro, quiero ser ballena.<o:p><\/o:p><\/span><\/span><\/p>\n<p class=\"MsoNormal\" style=\"text-align:justify\"><span class=\"apple-style-span\"><span style=\"font-size:14.0pt;line-height:115%;font-family:\"Verdana\",\"sans-serif\"; mso-bidi-font-family:\"Courier New\";color:black\">  PD : En esta \u00e9poca en que los medios de comunicaci\u00f3n nos meten en la  cabeza la idea de que solo las flacas son bellas, prefiero disfrutar de un helado con mis hijos, de una buena cena con un hombre que me haga <\/span><\/span><span style=\"font-size:14.0pt; line-height:115%;font-family:\"Verdana\",\"sans-serif\";mso-bidi-font-family:\"Courier New\"; color:black\"><br \/>\n <span class=\"apple-style-span\"><span style=\"mso-spacerun:yes\"> <\/span>vibrar, de un caf\u00e9 con pastas con mis amigos. Con el tiempo ganamos peso porque al acumular tanta informaci\u00f3n en la cabeza, cuando ya no hay m\u00e1s<\/span><br \/>\n <span class=\"apple-style-span\">sitio, se reparte por el resto del cuerpo, as\u00ed que no estamos gordas,   somos tremendamente cultas.<o:p><\/o:p><\/span><\/span><\/p>\n<p class=\"MsoNormal\" style=\"text-align:justify\"><span class=\"apple-style-span\"><span style=\"font-size:14.0pt;line-height:115%;font-family:\"Verdana\",\"sans-serif\"; mso-bidi-font-family:\"Courier New\";color:black\"><span style=\"mso-spacerun:yes\"> <\/span><span style=\"mso-tab-count:1\">      <\/span><span style=\"mso-spacerun:yes\"> <\/span>Desde hoy cuando me vea el culo en el espejo<\/span><\/span><span style=\"font-size:14.0pt;line-height:115%;font-family:\"Verdana\",\"sans-serif\"; mso-bidi-font-family:\"Courier New\";color:black\"><br \/>\n <span class=\"apple-style-span\">pensar\u00e9, madre m\u00eda, lo lista que soy&#8230;&#8230;.<\/span><br style=\"mso-special-character:line-break\"> <\/span><span style=\"font-size:14.0pt;line-height:115%;font-family: \"Verdana\",\"sans-serif\"\"><o:p><\/o:p><\/span><\/p>\n<\/div>\n","protected":false},"excerpt":{"rendered":"<p>ME ACABA DE LLEGAR ESTO AL CORREO ELECTR\u00d3NICO Y ME HA PARECIDO GENIAL COMPARTIRLO CON TODOS VOSOTROS. SOBRE TODO AHORA QUE VAMOS ENTRANDO EN LOS MESECITOS PREVERANIEGOS. Hace unos d\u00edas, en una ciudad de Francia, un cartel, con una joven espectacular, en el escaparate de un gimnasio, dec\u00eda: &#8216;ESTE VERANO \u00bfQUIERES SER SIRENA O BALLENA?&#8217; [&hellip;]<\/p>\n","protected":false},"author":17,"featured_media":0,"comment_status":"open","ping_status":"closed","sticky":false,"template":"","format":"standard","meta":[],"categories":[2],"tags":[],"_links":{"self":[{"href":"https:\/\/blogs.laverdad.es\/anamariatomas\/wp-json\/wp\/v2\/posts\/108"}],"collection":[{"href":"https:\/\/blogs.laverdad.es\/anamariatomas\/wp-json\/wp\/v2\/posts"}],"about":[{"href":"https:\/\/blogs.laverdad.es\/anamariatomas\/wp-json\/wp\/v2\/types\/post"}],"author":[{"embeddable":true,"href":"https:\/\/blogs.laverdad.es\/anamariatomas\/wp-json\/wp\/v2\/users\/17"}],"replies":[{"embeddable":true,"href":"https:\/\/blogs.laverdad.es\/anamariatomas\/wp-json\/wp\/v2\/comments?post=108"}],"version-history":[{"count":0,"href":"https:\/\/blogs.laverdad.es\/anamariatomas\/wp-json\/wp\/v2\/posts\/108\/revisions"}],"wp:attachment":[{"href":"https:\/\/blogs.laverdad.es\/anamariatomas\/wp-json\/wp\/v2\/media?parent=108"}],"wp:term":[{"taxonomy":"category","embeddable":true,"href":"https:\/\/blogs.laverdad.es\/anamariatomas\/wp-json\/wp\/v2\/categories?post=108"},{"taxonomy":"post_tag","embeddable":true,"href":"https:\/\/blogs.laverdad.es\/anamariatomas\/wp-json\/wp\/v2\/tags?post=108"}],"curies":[{"name":"wp","href":"https:\/\/api.w.org\/{rel}","templated":true}]}}