{"id":111,"date":"2011-04-11T13:08:00","date_gmt":"2011-04-11T13:08:00","guid":{"rendered":"http:\/\/blogs.laverdad.es\/anamariatomas\/?p=111"},"modified":"2011-04-11T13:08:00","modified_gmt":"2011-04-11T13:08:00","slug":"mujeres-creadoras","status":"publish","type":"post","link":"https:\/\/blogs.laverdad.es\/anamariatomas\/2011\/04\/11\/mujeres-creadoras\/","title":{"rendered":"MUJERES CREADORAS"},"content":{"rendered":"<p>Queridos amigos del blogs, ma\u00f1ana, a las 8 de la tarde, en la biblioteca Salvador Garcia Aguilar de Molina de Segura, nos reunimos un grupo de mujeres amigas: Lola L\u00f3pez M\u00f3ndejar, Marisa L\u00f3pez Soria, Lola Gracia y una servidora junto al poeta Soren Pe\u00f1alver para hablar de &#8220;Mujeres Creadoras&#8221;, as\u00ed que&#8230; si pod\u00e9is, si os apetece, si ten\u00e9is tiempo, si os viene bien&#8230; en fin, que a todas nos encantar\u00eda que nos acompa\u00f1aseis. Y de paso podr\u00edamos conocernos personalmente. OS ESPERO.<IMG src=\"\/anamariatomas\/wp-content\/uploads\/sites\/17\" id=\"img_0\" class=\"imgcen\"><\/p>\n","protected":false},"excerpt":{"rendered":"<p>Queridos amigos del blogs, ma\u00f1ana, a las 8 de la tarde, en la biblioteca Salvador Garcia Aguilar de Molina de Segura, nos reunimos un grupo de mujeres amigas: Lola L\u00f3pez M\u00f3ndejar, Marisa L\u00f3pez Soria, Lola Gracia y una servidora junto al poeta Soren Pe\u00f1alver para hablar de &#8220;Mujeres Creadoras&#8221;, as\u00ed que&#8230; si pod\u00e9is, si os [&hellip;]<\/p>\n","protected":false},"author":17,"featured_media":0,"comment_status":"open","ping_status":"closed","sticky":false,"template":"","format":"standard","meta":[],"categories":[2],"tags":[],"_links":{"self":[{"href":"https:\/\/blogs.laverdad.es\/anamariatomas\/wp-json\/wp\/v2\/posts\/111"}],"collection":[{"href":"https:\/\/blogs.laverdad.es\/anamariatomas\/wp-json\/wp\/v2\/posts"}],"about":[{"href":"https:\/\/blogs.laverdad.es\/anamariatomas\/wp-json\/wp\/v2\/types\/post"}],"author":[{"embeddable":true,"href":"https:\/\/blogs.laverdad.es\/anamariatomas\/wp-json\/wp\/v2\/users\/17"}],"replies":[{"embeddable":true,"href":"https:\/\/blogs.laverdad.es\/anamariatomas\/wp-json\/wp\/v2\/comments?post=111"}],"version-history":[{"count":0,"href":"https:\/\/blogs.laverdad.es\/anamariatomas\/wp-json\/wp\/v2\/posts\/111\/revisions"}],"wp:attachment":[{"href":"https:\/\/blogs.laverdad.es\/anamariatomas\/wp-json\/wp\/v2\/media?parent=111"}],"wp:term":[{"taxonomy":"category","embeddable":true,"href":"https:\/\/blogs.laverdad.es\/anamariatomas\/wp-json\/wp\/v2\/categories?post=111"},{"taxonomy":"post_tag","embeddable":true,"href":"https:\/\/blogs.laverdad.es\/anamariatomas\/wp-json\/wp\/v2\/tags?post=111"}],"curies":[{"name":"wp","href":"https:\/\/api.w.org\/{rel}","templated":true}]}}