{"id":113,"date":"2011-04-18T18:23:00","date_gmt":"2011-04-18T18:23:00","guid":{"rendered":"http:\/\/blogs.laverdad.es\/anamariatomas\/?p=113"},"modified":"2011-04-18T18:23:00","modified_gmt":"2011-04-18T18:23:00","slug":"mujer-y-semana-santa","status":"publish","type":"post","link":"https:\/\/blogs.laverdad.es\/anamariatomas\/2011\/04\/18\/mujer-y-semana-santa\/","title":{"rendered":"MUJER Y SEMANA SANTA"},"content":{"rendered":"<p class=\"MsoNormal\" style=\"text-align:justify\"><font class=\"Apple-style-span\" face=\"'Times New Roman', serif\" size=\"3\"><span class=\"Apple-style-span\" style=\"line-height: 18px;\"><br \/>\n<\/span><\/span><\/p>\n<p><IMG src=\"\/anamariatomas\/wp-content\/uploads\/sites\/17\" id=\"img_2\" class=\"imgizqda\"><\/p>\n<p class=\"MsoNormal\" style=\"margin-top: 0px; margin-right: 0px; margin-bottom: 0px; margin-left: 0px; padding-top: 0px; padding-right: 0px; padding-bottom: 11px; padding-left: 0px; text-align: justify; \"><font class=\"Apple-style-span\" face=\"'Times New Roman', serif\" size=\"3\"><span class=\"Apple-style-span\" style=\"line-height: 18px;\"><br \/>\n<\/span><\/span><\/p>\n<p style=\"margin-top: 0px; margin-right: 0px; margin-bottom: 0px; margin-left: 0px; padding-top: 0px; padding-right: 0px; padding-bottom: 11px; padding-left: 0px; text-align: justify; \"><span style=\"font-family: Arial, sans-serif; color: black; \"><span class=\"Apple-style-span\" style=\"font-family: Verdana; \"><\/p>\n<p class=\"MsoNormal\" style=\"margin-top: 0px; margin-right: 0px; margin-bottom: 0px; margin-left: 0px; padding-top: 0px; padding-right: 0px; padding-bottom: 11px; padding-left: 0px; text-align: justify; \"><span lang=\"ES-TRAD\" style=\"font-size: 12pt; line-height: 18px; font-family: 'Times New Roman', serif; \">Ya saben ustedes que se les suele llamar<span>  <\/span>\u201cBaranda\u201d a quienes en todo mandan.<span>  <\/span>Vamos, en todo todo, no, sino en la amplia parcela en la que los mandamases se mueven. Bien, pues esto va, con todo el respeto del mundo, <span> <\/span>para aquellos Barandas que se mueven en el terreno de las normativas semanasanteras. Y, por aquello de que algunas cofrad\u00edas le echan la patata caliente a la Iglesia y las jerarqu\u00edas eclesi\u00e1sticas a las cofrad\u00edas, con el permiso de unos y de otros, los aglutino a todos en mi reclamaci\u00f3n. Porque esto es una reclamaci\u00f3n p\u00fablica y en toda regla que hago en nombre de la Mujer.<o:p><\/o:p><\/span><\/p>\n<p class=\"MsoNormal\" style=\"margin-top: 0px; margin-right: 0px; margin-bottom: 0px; margin-left: 0px; padding-top: 0px; padding-right: 0px; padding-bottom: 11px; padding-left: 0px; text-align: justify; \"><span lang=\"ES-TRAD\" style=\"font-size: 12pt; line-height: 18px; font-family: 'Times New Roman', serif; \"><span>            <\/span>Nos encontramos en el inicio de la Semana Santa. Evidentemente, no puede negarse que <span> <\/span>muchos lo celebren m\u00e1s como una festividad \u201cfestiva\u201d que como un reencuentro de las ra\u00edces cristianas. Es cierto que muchos cofrades tienen en sus mentes apareada la idea de procesiones y juerga; im\u00e1genes y cervezas; tambores y diversi\u00f3n. Aunque tambi\u00e9n es cierto que otros la viven desde el recogimiento y el reencuentro con la esencia del ser humano. De todas formas, se viva como se viva no voy a ser yo \u2013no me atrever\u00eda a tanto-<span>  <\/span>quien critique o sugiera la forma individual de vivirla. Sin embargo, s\u00ed creo estar cualificada para pedir a las Hermandades que proh\u00edben expresamente que una mujer vista sus t\u00fanicas que deroguen tan lamentable y oscura decisi\u00f3n. F\u00edjense que no se me ocurre decir para nada que me parece una clara injusticia sexista puesto que considero que es una oscura e injusta decisi\u00f3n. Y se las argumento, tanto desde el punto de vista jur\u00eddico como religioso. Nadie desconoce (aunque la realidad diga lo contrario) que Mujeres y Hombres somos iguales ante la Ley, seg\u00fan nuestra Constituci\u00f3n, as\u00ed que, aunque s\u00f3lo fuera por eso, no hay raz\u00f3n argumentativa socialmente para prohibir la entrada a mujeres en determinadas Hermandades. Pero, si ante la sociedad somos iguales, ante la religi\u00f3n tambi\u00e9n, por mucho que el machismo imperante desde las cavernas se empe\u00f1e en demostrar lo contrario. San Pablo, obviamente condicionado por su cultura jud\u00eda y su tiempo, no olvidemos que ya hace de esto m\u00e1s de dos mil a\u00f1os, solt\u00f3 algunas perlas por su boca destinadas a descalabrar cualesquiera preponderancia de la mujer sobre el hombre, pero tambi\u00e9n dijo: \u201cYa no hay hombre ni mujer: todos sois uno en Cristo Jes\u00fas\u201d (Gal 3,28). Eso, sin olvidar que fue una Mujer la responsable de la cristianizaci\u00f3n definitiva del imperio romano a partir del s.IV: Sta. Elena, madre del emperador Constantino. Y \u201clo m\u00e1s importante\u201d: no olvidemos que fue el Maestro quien demostr\u00f3 a lo largo de su corta vida p\u00fablica que la<span>  <\/span>Mujer estaba a la misma altura que el hombre. O un poquito m\u00e1s. Tengan en cuenta los se\u00f1ores Barandas que impiden a la Mujer ponerse una t\u00fanica, que fue <span> <\/span>precisamente a una mujer a la primera que Jesucristo eligi\u00f3 para mostrarle su triunfo sobre la muerte. Y eso que conoc\u00eda perfectamente el valor que una mujer ten\u00eda en su comunidad.<span>  <\/span>\u00bfNo ser\u00eda eso suficiente raz\u00f3n para abolir cualquier vestigio de injusticia (que no de machismo) sobre la mujer y las cofrad\u00edas?<o:p><\/o:p><\/span><\/p>\n<p class=\"MsoNormal\" style=\"margin-top: 0px; margin-right: 0px; margin-bottom: 0px; margin-left: 0px; padding-top: 0px; padding-right: 0px; padding-bottom: 11px; padding-left: 0px; text-align: justify; \"><span lang=\"ES-TRAD\" style=\"font-size: 12pt; line-height: 18px; font-family: 'Times New Roman', serif; \"><span>            <\/span>Y no, no me vengan diciendo que si la tradici\u00f3n\u2026 porque por tradici\u00f3n los romanos seguir\u00edan ech\u00e1ndonos a los leones; que si la normativa\u2026 porque la normativa la hacen los hombres y pueden cambiarla cuando gusten; que si la religi\u00f3n\u2026 por religi\u00f3n hay franciscanos y clarisas, dominicos y dominicas\u2026, vamos, que no encuentro argumento alguno (s\u00ed, s\u00ed, ya s\u00e9 que muchos de ustedes me pueden dar montones, pero digo argumentos razonables) para que a d\u00eda de hoy todav\u00eda haya Hermandades en donde est\u00e9 prohibida la presencia de una mujer.<o:p><\/o:p><\/span><\/p>\n<p class=\"MsoNormal\" style=\"margin-top: 0px; margin-right: 0px; margin-bottom: 0px; margin-left: 0px; padding-top: 0px; padding-right: 0px; padding-bottom: 11px; padding-left: 0px; text-align: justify; \"><span lang=\"ES-TRAD\" style=\"font-size: 12pt; line-height: 18px; font-family: 'Times New Roman', serif; \"><span>            <\/span>Salvando las distancias, en Yecla ocurr\u00eda lo mismo con los Alcabuceros, hasta que una mujer agarr\u00f3 un escopetucho y se l\u00edo a pegar tiros junto a los hombres rompiendo as\u00ed una tradici\u00f3n de siglos \u00a1Pues claro! Toda tradici\u00f3n comienza un d\u00eda. Igual las mujeres apartadas de vestir una determinada t\u00fanica de Semana Santa tenemos que hacer como las yeclanas. Y no, no me refiero a ponernos a pegar tiros al aire (aunque lo piense) sino, simplemente, a vestirnos las t\u00fanicas de nuestros padres y a salir en procesi\u00f3n (con vela o trabuco) a ver qui\u00e9n en capaz de lanzarnos la primera piedra que nos saque fuera de la fila.<span>  <\/span><span> <\/span><o:p><\/o:p><\/span><\/p>\n<p style=\"margin-top: 0px; margin-right: 0px; margin-bottom: 0px; margin-left: 0px; padding-top: 0px; padding-right: 0px; padding-bottom: 11px; padding-left: 0px; text-align: justify; \"><span lang=\"ES-TRAD\"><span>                    <\/span><\/span><span style=\"font-family: Arial, sans-serif; color: black; \"><span>   <\/span>www.anamariatomas.com<\/span><\/p>\n<p><\/span><\/span><\/p>\n<p style=\"margin-top: 0px; margin-right: 0px; margin-bottom: 0px; margin-left: 0px; padding-top: 0px; padding-right: 0px; padding-bottom: 11px; padding-left: 0px; text-align: justify; \"><span style=\"font-family: Arial, sans-serif; color: black; \"><br \/>\n<\/span><\/p>\n","protected":false},"excerpt":{"rendered":"<p>Ya saben ustedes que se les suele llamar \u201cBaranda\u201d a quienes en todo mandan. Vamos, en todo todo, no, sino en la amplia parcela en la que los mandamases se mueven. Bien, pues esto va, con todo el respeto del mundo, para aquellos Barandas que se mueven en el terreno de las normativas semanasanteras. Y, [&hellip;]<\/p>\n","protected":false},"author":17,"featured_media":0,"comment_status":"open","ping_status":"closed","sticky":false,"template":"","format":"standard","meta":[],"categories":[2],"tags":[],"_links":{"self":[{"href":"https:\/\/blogs.laverdad.es\/anamariatomas\/wp-json\/wp\/v2\/posts\/113"}],"collection":[{"href":"https:\/\/blogs.laverdad.es\/anamariatomas\/wp-json\/wp\/v2\/posts"}],"about":[{"href":"https:\/\/blogs.laverdad.es\/anamariatomas\/wp-json\/wp\/v2\/types\/post"}],"author":[{"embeddable":true,"href":"https:\/\/blogs.laverdad.es\/anamariatomas\/wp-json\/wp\/v2\/users\/17"}],"replies":[{"embeddable":true,"href":"https:\/\/blogs.laverdad.es\/anamariatomas\/wp-json\/wp\/v2\/comments?post=113"}],"version-history":[{"count":0,"href":"https:\/\/blogs.laverdad.es\/anamariatomas\/wp-json\/wp\/v2\/posts\/113\/revisions"}],"wp:attachment":[{"href":"https:\/\/blogs.laverdad.es\/anamariatomas\/wp-json\/wp\/v2\/media?parent=113"}],"wp:term":[{"taxonomy":"category","embeddable":true,"href":"https:\/\/blogs.laverdad.es\/anamariatomas\/wp-json\/wp\/v2\/categories?post=113"},{"taxonomy":"post_tag","embeddable":true,"href":"https:\/\/blogs.laverdad.es\/anamariatomas\/wp-json\/wp\/v2\/tags?post=113"}],"curies":[{"name":"wp","href":"https:\/\/api.w.org\/{rel}","templated":true}]}}