{"id":161,"date":"2011-10-01T18:42:05","date_gmt":"2011-10-01T17:42:05","guid":{"rendered":"http:\/\/blogs.laverdad.es\/anamariatomas\/?p=161"},"modified":"2011-10-01T18:42:05","modified_gmt":"2011-10-01T17:42:05","slug":"y-ahora-que","status":"publish","type":"post","link":"https:\/\/blogs.laverdad.es\/anamariatomas\/2011\/10\/01\/y-ahora-que\/","title":{"rendered":"\u00bfY AHORA QU\u00c9?"},"content":{"rendered":"<p>&nbsp;<\/p>\n<p>Como no est\u00e1bamos poco asustados ya con la que tenemos encima, viene ahora el br\u00f3ker o el impostor de los cogollos a terminar de rematarnos. \u00bfAcaso no sabe el payo que, por muy negro que veamos el horizonte, la esperanza es lo \u00faltimo que se pierde\u2026? Debe ser que no, porque ha venido a darnos la estocada final: esto no tiene soluci\u00f3n, ha dicho. \u201cPues claro. Se ve\u00eda venir\u201d, dicen los pesimistas como si tuviesen en sus manos la bola de cristal. Otros le han acusado de crueldad y, no tanto por decirlo, sino por confesar que a \u00e9l le encanta esta situaci\u00f3n porque le permite hacer dinero. Y otros terceros opinan que es un tipo estupendo al advertir al mundo de lo que le espera.<\/p>\n<p>&nbsp;<\/p>\n<p>Hay que ver\u2026 algunos abren la boca y sube el pan. Que digo yo que este tipo sabr\u00e1 mucho\u00a0 -aunque seg\u00fan \u00faltimas informaciones no sabe tanto-, pero tampoco es Dios para que nos echemos a temblar con sus alarmantes noticias. Igual si hubiera predicho que todo iba a comenzar a encarrilarse todos nosotros hubi\u00e9semos comenzado a trabajar en ello con ganas y optimismo, pero as\u00ed\u2026 cualquiera se desmorona. Y, encima, con el oto\u00f1o por delante, que ya sabemos c\u00f3mo baja este tiempo la serotonina y c\u00f3mo nos pone de pochos.<\/p>\n<p>&nbsp;<\/p>\n<p>Recuerdo a la abuela de una amiga m\u00eda que se lament\u00f3 toda su vida de no haber gastado unos buenos duros -que luego no valieron de nada- haciendo acopio de unos Mantones de Manila que le ofrecieron poco antes de comenzar la contienda fratricida espa\u00f1ola del 36. Dec\u00eda que se hab\u00eda quedado sin su capricho, sin perras y sin la posibilidad de tener alguno de aquellos mantones para cambiarlos por objetos necesarios por aquellos d\u00edas.<\/p>\n<p>&nbsp;<\/p>\n<p>Hace unos a\u00f1os una se\u00f1ora -creo que en EEUU- demand\u00f3 a un m\u00e9dico que, por error, le hab\u00eda diagnosticado tres meses de vida y, despu\u00e9s de un a\u00f1o, segu\u00eda como una rosa. Puede parecer incongruente que alguien, en lugar de alegrarse de ese error m\u00e9dico, ponga una demanda, pero es que la buena se\u00f1ora en esos tres meses que le daban, supuestamente, de plazo <em>v\u00eddico<\/em> no tuvo mejor idea que la de gastarse no s\u00f3lo lo que ten\u00eda sino lo que no ten\u00eda ni ella ni su marido al que entramp\u00f3 <em>pa<\/em> los restos. Viaj\u00f3, se regalo las mejores cenas, las m\u00e1s estupendas experiencias con quienes pudo y se dejaron, los m\u00e1s sensuales masajes\u2026 vamos, que antes de irse para el cielo decidi\u00f3 probar la gloria. El problema estuvo cuando vio que no se mor\u00eda ni a la de tres y ya\u00a0 comenzaba a tener inconvenientes con pr\u00e9stamos,\u00a0 adquisiciones y lucros no pagados.<\/p>\n<p>&nbsp;<\/p>\n<p>Pero, ahora, el c\u00ednico agorero Alessio Rastani, en una entrevista de s\u00f3lo tres minutos en la BBC, ha vaticinado que los pocos ahorros que podamos tener se nos van a ir a tomar\u2026 -justo por donde est\u00e1n pensando- y nos quedaremos vivitos pero poco coleantes,\u00a0 ya saben que las colitas no suelen funcionar muy bien cuando no lo hace el bolsillo, as\u00ed que, se\u00f1ores m\u00edos, no lo permitan, hagan como la se\u00f1ora de la demanda: gasten lo que tengan y lo que no tengan, total\u2026 vamos todos directos al trueque. A ver, \u00bfqui\u00e9n me da alg\u00fan diamantillo, lingotazo de oro o similar por cuarto y mitad de una sonrisa? Aunque, entre nosotros, prefiero regal\u00e1rsela a que me la quite un br\u00f3ker de pacotilla.<\/p>\n<p>&nbsp;<\/p>\n<p>&nbsp;<\/p>\n<p>&nbsp;<\/p>\n<p><a href=\"\/anamariatomas\/wp-content\/uploads\/sites\/17\/2011\/10\/MANTONES-DE-MANILA.jpg\"><br \/>\n<\/a><a href=\"\/anamariatomas\/wp-content\/uploads\/sites\/17\/2011\/10\/MANTON.jpg\"><img loading=\"lazy\" class=\"alignleft size-medium wp-image-163\" title=\"MANTON\" src=\"\/anamariatomas\/wp-content\/uploads\/sites\/17\/2011\/10\/MANTON.jpg\" alt=\"\" width=\"252\" height=\"300\" srcset=\"https:\/\/static-blogs.laverdad.es\/wp-content\/uploads\/sites\/17\/2011\/10\/MANTON.jpg 498w, https:\/\/static-blogs.laverdad.es\/wp-content\/uploads\/sites\/17\/2011\/10\/MANTON-252x300.jpg 252w\" sizes=\"(max-width: 252px) 100vw, 252px\" \/><\/a><a href=\"\/anamariatomas\/wp-content\/uploads\/sites\/17\/2011\/10\/MANTONES-DE-MANILA.jpg\"><br \/>\n<\/a><\/p>\n","protected":false},"excerpt":{"rendered":"<p>&nbsp; Como no est\u00e1bamos poco asustados ya con la que tenemos encima, viene ahora el br\u00f3ker o el impostor de los cogollos a terminar de rematarnos. \u00bfAcaso no sabe el payo que, por muy negro que veamos el horizonte, la esperanza es lo \u00faltimo que se pierde\u2026? Debe ser que no, porque ha venido a [&hellip;]<\/p>\n","protected":false},"author":17,"featured_media":0,"comment_status":"open","ping_status":"closed","sticky":false,"template":"","format":"standard","meta":[],"categories":[2],"tags":[],"_links":{"self":[{"href":"https:\/\/blogs.laverdad.es\/anamariatomas\/wp-json\/wp\/v2\/posts\/161"}],"collection":[{"href":"https:\/\/blogs.laverdad.es\/anamariatomas\/wp-json\/wp\/v2\/posts"}],"about":[{"href":"https:\/\/blogs.laverdad.es\/anamariatomas\/wp-json\/wp\/v2\/types\/post"}],"author":[{"embeddable":true,"href":"https:\/\/blogs.laverdad.es\/anamariatomas\/wp-json\/wp\/v2\/users\/17"}],"replies":[{"embeddable":true,"href":"https:\/\/blogs.laverdad.es\/anamariatomas\/wp-json\/wp\/v2\/comments?post=161"}],"version-history":[{"count":0,"href":"https:\/\/blogs.laverdad.es\/anamariatomas\/wp-json\/wp\/v2\/posts\/161\/revisions"}],"wp:attachment":[{"href":"https:\/\/blogs.laverdad.es\/anamariatomas\/wp-json\/wp\/v2\/media?parent=161"}],"wp:term":[{"taxonomy":"category","embeddable":true,"href":"https:\/\/blogs.laverdad.es\/anamariatomas\/wp-json\/wp\/v2\/categories?post=161"},{"taxonomy":"post_tag","embeddable":true,"href":"https:\/\/blogs.laverdad.es\/anamariatomas\/wp-json\/wp\/v2\/tags?post=161"}],"curies":[{"name":"wp","href":"https:\/\/api.w.org\/{rel}","templated":true}]}}