{"id":164,"date":"2011-10-08T12:27:18","date_gmt":"2011-10-08T11:27:18","guid":{"rendered":"http:\/\/blogs.laverdad.es\/anamariatomas\/?p=164"},"modified":"2011-10-08T12:27:18","modified_gmt":"2011-10-08T11:27:18","slug":"el-juez-zorro","status":"publish","type":"post","link":"https:\/\/blogs.laverdad.es\/anamariatomas\/2011\/10\/08\/el-juez-zorro\/","title":{"rendered":"EL JUEZ ZORRO"},"content":{"rendered":"<p>La Audiencia Provincial de Murcia, a trav\u00e9s del se\u00f1or juez Del Olmo, ha determinado que no es\u00a0\u00a0insulto el que un hombre llame a su mujer \u201czorra\u201d. Considera que podr\u00eda referirse, m\u00e1s que a un agravio, a un halago, es decir, que quer\u00eda catalogarla de \u201cpersona astuta\u201d.\u00a0\u00a0\u00a0A otro zorro con esa gallina\u2026 Porque una cosa es la incultura y el desconocimiento de la econom\u00eda del lenguaje a la hora de hablar redundando entre \u201ccompa\u00f1eros y compa\u00f1eras; vascos y vascas; ni\u00f1os y ni\u00f1as\u2026\u201d y otra, bien distinta, no saber que, entre determinados masculinos y femeninos, el significado es absolutamente distinto. V\u00e9ase, por ejemplo, la palabreja en cuesti\u00f3n, sin ir m\u00e1s lejos: Zorro: h\u00e9roe justiciero; zorra: puta. Pero sigamos: Perro: mejor amigo del hombre; perra: puta. Cualquier: fulano, mengano, zutano; cualquiera: puta. Hombrezuelo: hombrecillo m\u00ednimo, peque\u00f1o; mujerzuela: puta. Hombre p\u00fablico: personaje prominente; mujer p\u00fablica: puta. Podr\u00eda seguir con una buena lista de palabrejas que nos llevan, siempre, al mismo significado o al mismo insulto. Evidentemente, llamarle zorro a este o a cualquier otro se\u00f1or es un halago, puesto que no solamente se piensa en Antonio Banderas haciendo la zeta en la cara de los malos, sino en el tipo listo que se manduca a cuantas gallinas le salen al paso, pero, le puedo asegurar al se\u00f1or juez, que el femenino de la palabra no es, ni por asomo, una palabra neutra y muchos menos un piropo, sino una pu\u00f1alada al alma, incluso cuando lo que pretenda no sea un insulto por causa de cuernos.<\/p>\n<p>Que s\u00ed, que ya s\u00e9 que me van a decir que a muchas f\u00e9minas no se les encoge la lengua a la hora de largar insultos a sus maromos y que, a lo peor, no se arma tanto revuelo como con este caso, pero es que, se\u00f1ores m\u00edos, el alboroto no ha sido por un \u201cperrito piloto\u201d como en las t\u00f3mbolas de pueblo, ni tampoco por el insulto en cuesti\u00f3n, sino porque todo un se\u00f1or magistrado ha considerado que decirle zorra a una mujer no es un insulto. Me pregunto si \u00e9l se lo dir\u00eda a la suya a modo de\u2026 reconocimiento por su inteligencia y astucia. Eso, por no decir que, al parecer, no ha tenido en cuenta que el tipo que pronunci\u00f3 el insulto ya ten\u00eda antecedentes\u00a0\u00a0y que lo adorn\u00f3 con el deseo expreso de ver a su mujer en el cementerio en una caja de pino. Vamos, blanco y en botella\u2026<\/p>\n<p>Yo s\u00e9 que a todos nosotros, todos, en un momento determinado se nos puede calentar la lengua y decir lo que sentimos y lo que sentiremos haber dicho, lo que pensamos y lo que decimos sin pensar,\u00a0\u00a0y no es que eso tenga disculpa alguna, y que, incluso, despu\u00e9s podemos venir poniendo pa\u00f1os calientes y diciendo digo donde dijimos diego. Y, hasta s\u00e9 que, en un arrebato de generosidad, podemos perdonar o conseguir que nos perdonen, pero, se\u00f1or m\u00edo, lo que resulta imperdonable es que quienes han de cog\u00e9rsela con pinzas, con todo el problema y el mercadeo de la violencia masculina o femenina -que no de g\u00e9nero, puesto que las personas tenemos sexo no g\u00e9nero- vengan diciendo que \u201czorra\u201d no es un insulto, puesto que no s\u00f3lo ponen de manifiesto su falta de empat\u00eda, sino que demuestran que desconocen la verdadera violencia de g\u00e9nero que es la que tienen las palabras.<\/p>\n<p><a href=\"\/anamariatomas\/wp-content\/uploads\/sites\/17\/2011\/10\/ZORRO.jpg\"><img loading=\"lazy\" class=\"aligncenter size-medium wp-image-165\" title=\"ZORRO\" src=\"\/anamariatomas\/wp-content\/uploads\/sites\/17\/2011\/10\/ZORRO.jpg\" alt=\"\" width=\"300\" height=\"225\" srcset=\"https:\/\/static-blogs.laverdad.es\/wp-content\/uploads\/sites\/17\/2011\/10\/ZORRO.jpg 400w, https:\/\/static-blogs.laverdad.es\/wp-content\/uploads\/sites\/17\/2011\/10\/ZORRO-300x225.jpg 300w\" sizes=\"(max-width: 300px) 100vw, 300px\" \/><\/a><\/p>\n<p>&nbsp;<\/p>\n<p>&nbsp;<\/p>\n<p>&nbsp;<\/p>\n<p>&nbsp;<\/p>\n<p>&nbsp;<\/p>\n","protected":false},"excerpt":{"rendered":"<p>La Audiencia Provincial de Murcia, a trav\u00e9s del se\u00f1or juez Del Olmo, ha determinado que no es\u00a0\u00a0insulto el que un hombre llame a su mujer \u201czorra\u201d. Considera que podr\u00eda referirse, m\u00e1s que a un agravio, a un halago, es decir, que quer\u00eda catalogarla de \u201cpersona astuta\u201d.\u00a0\u00a0\u00a0A otro zorro con esa gallina\u2026 Porque una cosa es [&hellip;]<\/p>\n","protected":false},"author":17,"featured_media":0,"comment_status":"open","ping_status":"closed","sticky":false,"template":"","format":"standard","meta":[],"categories":[2],"tags":[],"_links":{"self":[{"href":"https:\/\/blogs.laverdad.es\/anamariatomas\/wp-json\/wp\/v2\/posts\/164"}],"collection":[{"href":"https:\/\/blogs.laverdad.es\/anamariatomas\/wp-json\/wp\/v2\/posts"}],"about":[{"href":"https:\/\/blogs.laverdad.es\/anamariatomas\/wp-json\/wp\/v2\/types\/post"}],"author":[{"embeddable":true,"href":"https:\/\/blogs.laverdad.es\/anamariatomas\/wp-json\/wp\/v2\/users\/17"}],"replies":[{"embeddable":true,"href":"https:\/\/blogs.laverdad.es\/anamariatomas\/wp-json\/wp\/v2\/comments?post=164"}],"version-history":[{"count":0,"href":"https:\/\/blogs.laverdad.es\/anamariatomas\/wp-json\/wp\/v2\/posts\/164\/revisions"}],"wp:attachment":[{"href":"https:\/\/blogs.laverdad.es\/anamariatomas\/wp-json\/wp\/v2\/media?parent=164"}],"wp:term":[{"taxonomy":"category","embeddable":true,"href":"https:\/\/blogs.laverdad.es\/anamariatomas\/wp-json\/wp\/v2\/categories?post=164"},{"taxonomy":"post_tag","embeddable":true,"href":"https:\/\/blogs.laverdad.es\/anamariatomas\/wp-json\/wp\/v2\/tags?post=164"}],"curies":[{"name":"wp","href":"https:\/\/api.w.org\/{rel}","templated":true}]}}