{"id":167,"date":"2011-10-15T11:00:01","date_gmt":"2011-10-15T10:00:01","guid":{"rendered":"http:\/\/blogs.laverdad.es\/anamariatomas\/?p=167"},"modified":"2011-10-15T11:00:01","modified_gmt":"2011-10-15T10:00:01","slug":"lunas-de-miel-seca","status":"publish","type":"post","link":"https:\/\/blogs.laverdad.es\/anamariatomas\/2011\/10\/15\/lunas-de-miel-seca\/","title":{"rendered":"LUNAS DE MIEL SECA"},"content":{"rendered":"<p><a href=\"\/anamariatomas\/wp-content\/uploads\/sites\/17\/2011\/10\/MIEL.jpg\"><img loading=\"lazy\" class=\"aligncenter size-medium wp-image-168\" title=\"MIEL\" src=\"\/anamariatomas\/wp-content\/uploads\/sites\/17\/2011\/10\/MIEL.jpg\" alt=\"\" width=\"300\" height=\"225\" srcset=\"https:\/\/static-blogs.laverdad.es\/wp-content\/uploads\/sites\/17\/2011\/10\/MIEL.jpg 480w, https:\/\/static-blogs.laverdad.es\/wp-content\/uploads\/sites\/17\/2011\/10\/MIEL-300x225.jpg 300w\" sizes=\"(max-width: 300px) 100vw, 300px\" \/><\/a><\/p>\n<p>Pasados los primeros chistecitos sobre el enlace de la duquesa de Alba, casi todos crueles, aunque de un ingenio y una brillantez extraordinaria -me viene a la mente el que dec\u00eda que la tarta se cortar\u00eda con la m\u00edtica espada\u00a0<em>Excalibur<\/em>\u00a0que fue adquirida por la duquesa durante su estancia como Erasmus en Camelot-, ahora llega el momento de la reflexi\u00f3n sobre un acontecimiento que, nos parezca una gilipollez o no, ha dado la vuelta al mundo.<\/p>\n<p>&nbsp;<\/p>\n<p>Nos encontramos sumidos, adem\u00e1s de en una ya largu\u00edsima y \u201ccasi\u201d insolucionable crisis econ\u00f3mica a la que me niego a seguir dando palabras, en plena luna de miel de una mujer que se ha puesto por montera a tontos y listos de esta \u201cEspa\u00f1a nuestra, ay, ay, ay\u201d, que dir\u00eda la canci\u00f3n de Cecilia. Y yo, la verdad, no es que quiera negarle a esta buena se\u00f1ora todo su derecho a pasarlo bien como y donde pueda, pero eso no es \u00f3bice para reconocer que la miel de su luna tiene que andar como para que su se\u00f1or consorte desista de hincarle el diente.\u00a0\u00a0\u00a0\u00a0\u00a0Ya se sabe que si ustedes compran miel comercializada, tratada, estirada y disfrazada no tendr\u00e1n ning\u00fan problema en que\u00a0\u00a0\u00e9sta, con el tiempo, se les haga un pan, dulce, pero duro y seco que es lo que ocurre con la aut\u00e9ntica miel,\u00a0\u00a0es decir, con esa otra que todav\u00eda se puede conseguir en alg\u00fan pueblo perdido y que va \u201cdirectica\u201d del panal a la despensa. Pero, a lo que iba, aqu\u00ed, con esta desigual boda, en todos los sentidos: edad, cuna, estatus, salud, bolsillo, belleza, edad, bolsillo -vaya, ya hab\u00eda dicho lo de la edad y lo del bolsillo- se han llenado p\u00e1ginas de prensa y horas televisivas, sin embargo, en ning\u00fan momento se ha hablado de la ra\u00edz del problema, de un problema que no s\u00f3lo afecta a vetustas duquesas, a escritores ancianos y famosos o a hombres asquerosamente ricos pero absolutamente decr\u00e9pitos \u2013son hombres en su mayor\u00eda-. Aqu\u00ed, parece que nadie se ha dado cuenta de que el aut\u00e9ntico problema no es el dinero, el inter\u00e9s, la hipocres\u00eda del mundo -era pat\u00e9tico ver c\u00f3mo jaleaban a una momia descalza llena de tiritas en los pies, mientras se tambaleaba haciendo como que bailaba, con el correspondiente miedo de su ya marido a que se descuajeringase del todo-. No, el problema, a mi parecer,\u00a0\u00a0no es ese que tanto ha dado que hablar, el aut\u00e9ntico problema es que pocos de nosotros sentimos que envejecemos por dentro. Comprobamos, con los a\u00f1os, que nuestra carrocer\u00eda se va desajustando de nuestro interior, que nos faltan fuerzas\u2026, pero pocas veces vemos realmente ese deterioro externo. En nuestro interior seguimos siendo, \u00a1sinti\u00e9ndonos!, aquellas muchachas capaces de despertar las m\u00e1s dormidas pasiones, aquellos chicos que se com\u00edan el mundo y que gracias a su voluntad, a su valent\u00eda y a sus muchas horas de trabajo fueron capaces de levantar imperios listos para ser colocados a los pies de la primera pelandusca que les haga creer que los ve, \u00a1que nos ve!, justo como nosotros mismos nos vemos.<\/p>\n<p>&nbsp;<\/p>\n<p>Esa es la cuesti\u00f3n. He ah\u00ed el problema. El sibilino problema que nos pasa desapercibido. Se re\u00eda el personal a mand\u00edbula batiente, hace unos d\u00edas, en una sala de espera de un ambulatorio, porque una anciana de ochenta y seis a\u00f1os, en rehabilitaci\u00f3n por la rotura de un pie, dec\u00eda que le hab\u00eda recomendado el m\u00e9dico que ya no utilizara\u00a0\u00a0tacones. Los muy idiotas se re\u00edan mientras comentaban por lo bajini que qu\u00e9 quer\u00eda \u201cla vieja de los cojones\u201d. Qu\u00e9 iba a querer\u2026 Lo que querremos todos al llegar a ciertas edades, pensar que la miel que contenemos sigue l\u00edquida y, por pat\u00e9tico o triste que parezca, que nadie nos venga a decir que se nos ha hecho un pan duro. Y no, la soluci\u00f3n no es evitar que \u201chagamos el rid\u00edculo\u201d, sino inventar un colirio que cure el rid\u00edculo de los ojos del mundo.<\/p>\n<p>&nbsp;<\/p>\n","protected":false},"excerpt":{"rendered":"<p>Pasados los primeros chistecitos sobre el enlace de la duquesa de Alba, casi todos crueles, aunque de un ingenio y una brillantez extraordinaria -me viene a la mente el que dec\u00eda que la tarta se cortar\u00eda con la m\u00edtica espada\u00a0Excalibur\u00a0que fue adquirida por la duquesa durante su estancia como Erasmus en Camelot-, ahora llega el [&hellip;]<\/p>\n","protected":false},"author":17,"featured_media":0,"comment_status":"open","ping_status":"closed","sticky":false,"template":"","format":"standard","meta":[],"categories":[2],"tags":[],"_links":{"self":[{"href":"https:\/\/blogs.laverdad.es\/anamariatomas\/wp-json\/wp\/v2\/posts\/167"}],"collection":[{"href":"https:\/\/blogs.laverdad.es\/anamariatomas\/wp-json\/wp\/v2\/posts"}],"about":[{"href":"https:\/\/blogs.laverdad.es\/anamariatomas\/wp-json\/wp\/v2\/types\/post"}],"author":[{"embeddable":true,"href":"https:\/\/blogs.laverdad.es\/anamariatomas\/wp-json\/wp\/v2\/users\/17"}],"replies":[{"embeddable":true,"href":"https:\/\/blogs.laverdad.es\/anamariatomas\/wp-json\/wp\/v2\/comments?post=167"}],"version-history":[{"count":0,"href":"https:\/\/blogs.laverdad.es\/anamariatomas\/wp-json\/wp\/v2\/posts\/167\/revisions"}],"wp:attachment":[{"href":"https:\/\/blogs.laverdad.es\/anamariatomas\/wp-json\/wp\/v2\/media?parent=167"}],"wp:term":[{"taxonomy":"category","embeddable":true,"href":"https:\/\/blogs.laverdad.es\/anamariatomas\/wp-json\/wp\/v2\/categories?post=167"},{"taxonomy":"post_tag","embeddable":true,"href":"https:\/\/blogs.laverdad.es\/anamariatomas\/wp-json\/wp\/v2\/tags?post=167"}],"curies":[{"name":"wp","href":"https:\/\/api.w.org\/{rel}","templated":true}]}}