{"id":174,"date":"2011-10-29T12:53:13","date_gmt":"2011-10-29T11:53:13","guid":{"rendered":"http:\/\/blogs.laverdad.es\/anamariatomas\/?p=174"},"modified":"2011-10-29T12:53:13","modified_gmt":"2011-10-29T11:53:13","slug":"mas-mato-la-receta-que-la-escopeta","status":"publish","type":"post","link":"https:\/\/blogs.laverdad.es\/anamariatomas\/2011\/10\/29\/mas-mato-la-receta-que-la-escopeta\/","title":{"rendered":"M\u00c1S MAT\u00d3 LA RECETA QUE LA ESCOPETA"},"content":{"rendered":"<p><a href=\"\/anamariatomas\/wp-content\/uploads\/sites\/17\/2011\/10\/medicos.jpg\"><img loading=\"lazy\" class=\"aligncenter size-full wp-image-175\" title=\"medicos\" src=\"\/anamariatomas\/wp-content\/uploads\/sites\/17\/2011\/10\/medicos.jpg\" alt=\"\" width=\"300\" height=\"300\" srcset=\"https:\/\/static-blogs.laverdad.es\/wp-content\/uploads\/sites\/17\/2011\/10\/medicos.jpg 300w, https:\/\/static-blogs.laverdad.es\/wp-content\/uploads\/sites\/17\/2011\/10\/medicos-150x150.jpg 150w\" sizes=\"(max-width: 300px) 100vw, 300px\" \/><\/a><\/p>\n<p>Acabo de recibir en un correo electr\u00f3nico algunos s\u00edntomas patol\u00f3gicos que aparecen con la edad y la forma de tratarlos. Paso a indic\u00e1rselos: \u201c<strong>Dificultad de perder peso<\/strong>; lo que est\u00e1 faltando: \u00e1cidos grasos esenciales y vitamina A; d\u00f3nde obtenerlo: semillas de linaza, zanahoria y salm\u00f3n. <strong>Retenci\u00f3n de l\u00edquidos<\/strong>; lo que est\u00e1 faltando: es un desequilibrio entre potasio, f\u00f3sforo y sodio; d\u00f3nde obtenerlo: agua de coco, ciruela, almendras. Acelgas. <strong>Necesidad de comer dulces<\/strong>; lo que est\u00e1 faltando: cromo; D\u00f3nde obtenerlo: cereales integrales, nueces, pl\u00e1tano. <strong>Des\u00e1nimo, apat\u00eda, rabia, insatisfacci\u00f3n<\/strong>; lo que est\u00e1 faltando: dinero y buen sexo; d\u00f3nde obtenerlo\u2026 si llegas a saberlo no seas ego\u00edsta y d\u00edmelo, joder, mira toda la informaci\u00f3n que te he pasado\u201d. S\u00ed, s\u00ed, ustedes r\u00edanse, pero aqu\u00ed, el se\u00f1or Boi Ruiz ha destapado la caja de los truenos dici\u00e9ndonos, bueno, dici\u00e9ndoles a nuestros hermanos catalanes que los responsables de su salud son ellos mismos. Que digo yo que no entiendo a qu\u00e9 tanto revuelo con afirmaciones que tienen mucho de verdad.<\/p>\n<p>&nbsp;<\/p>\n<p>Hombre, quiz\u00e1 al ser Consejero de Salud, no haya estado muy fino al asegurar que la salud depende del c\u00f3digo gen\u00e9tico, cosa, por otra parte, que es absolutamente cierta, por ejemplo, cuando las mujeres nos hacemos revisiones de c\u00e1ncer de mama, si hay antecedentes en la familia, somos miradas con una lupa m\u00e1s grande que el resto; por no hablar de hemofilia y de cantidad de enfermedades que pasan directa y gen\u00e9ticamente de padres a hijos, pero, bueno, todos sabemos que ya que los pol\u00edticos gastan tanto maquillaje para decir algunas cosas, pues bien podr\u00eda haber hecho lo mismo el se\u00f1or Boi para denunciar que cada d\u00eda \u2013s\u00ed, cada d\u00eda- se dejan colgadas en Catalu\u00f1a 1.300 visitas a especialistas porque los enfermos no acuden a ellas.<\/p>\n<p>&nbsp;<\/p>\n<p>La verdad es que entiendo que est\u00e9 hasta los \u201ccullons\u201d y que haya soltado la lengua. El buen hombre, con un cabreo <em>morrocotonudo<\/em> ha disparado con que \u201cla salud \u00a0es un bien privado que depende de uno mismo y no del Estado\u201d, eso, aunque creo ya fue dicho antes, deber\u00eda de haberlo matizado porque as\u00ed, tal y como suena, m\u00e1s parece que se quiera dar un paso de gigante para atr\u00e1s que reconocer que, aunque la salud es un derecho tambi\u00e9n lo es el que nosotros mismos cuidemos de ella.<\/p>\n<p>&nbsp;<\/p>\n<p>Tener la Sanidad que tenemos es un lujo. Y miren, no me vengan diciendo que si listas, que si poco tiempo, que si mala leche de los m\u00e9dicos, las enfermeras o de quien da las citas, porque todo eso es nada si se sientan delante de sus <em>deuved\u00e9s,<\/em> se ponen la pel\u00edcula <em>John Q.<\/em> y se enteran de c\u00f3mo va el tema de la sanidad en uno de los pa\u00edses\u00a0 m\u00e1s poderoso y con m\u00e1s recursos del mundo, o sea EEUU.<\/p>\n<p>&nbsp;<\/p>\n<p>Pues claro que nuestra sanidad tiene deficiencias y, probablemente, muchos hijos de se\u00f1oras de moral distra\u00edda, y que es posible que se nos olvide de ir a las consultas de especialistas porque nos las dan para cuando ya estemos curados o muertos, pero no es menos cierto que, dejando demagogias y tocapelotas,\u00a0 tenemos la obligaci\u00f3n de aprovechar al m\u00e1ximo los recursos que tenemos y, desde luego, nosotros mismos somos los primeros responsables de nuestra propia salud. No podemos andar meti\u00e9ndonos en el cuerpo cuantas sustancias nos envenenen y pretender quedarnos como nuevos con una receta del m\u00e9dico. \u00bfAcaso no saben que nuestro refranero siempre nos advirti\u00f3 que \u201cm\u00e1s mat\u00f3 la receta que la escopeta\u201d? Pues eso.<\/p>\n<p>&nbsp;<\/p>\n","protected":false},"excerpt":{"rendered":"<p>Acabo de recibir en un correo electr\u00f3nico algunos s\u00edntomas patol\u00f3gicos que aparecen con la edad y la forma de tratarlos. Paso a indic\u00e1rselos: \u201cDificultad de perder peso; lo que est\u00e1 faltando: \u00e1cidos grasos esenciales y vitamina A; d\u00f3nde obtenerlo: semillas de linaza, zanahoria y salm\u00f3n. Retenci\u00f3n de l\u00edquidos; lo que est\u00e1 faltando: es un desequilibrio [&hellip;]<\/p>\n","protected":false},"author":17,"featured_media":0,"comment_status":"open","ping_status":"closed","sticky":false,"template":"","format":"standard","meta":[],"categories":[2],"tags":[],"_links":{"self":[{"href":"https:\/\/blogs.laverdad.es\/anamariatomas\/wp-json\/wp\/v2\/posts\/174"}],"collection":[{"href":"https:\/\/blogs.laverdad.es\/anamariatomas\/wp-json\/wp\/v2\/posts"}],"about":[{"href":"https:\/\/blogs.laverdad.es\/anamariatomas\/wp-json\/wp\/v2\/types\/post"}],"author":[{"embeddable":true,"href":"https:\/\/blogs.laverdad.es\/anamariatomas\/wp-json\/wp\/v2\/users\/17"}],"replies":[{"embeddable":true,"href":"https:\/\/blogs.laverdad.es\/anamariatomas\/wp-json\/wp\/v2\/comments?post=174"}],"version-history":[{"count":0,"href":"https:\/\/blogs.laverdad.es\/anamariatomas\/wp-json\/wp\/v2\/posts\/174\/revisions"}],"wp:attachment":[{"href":"https:\/\/blogs.laverdad.es\/anamariatomas\/wp-json\/wp\/v2\/media?parent=174"}],"wp:term":[{"taxonomy":"category","embeddable":true,"href":"https:\/\/blogs.laverdad.es\/anamariatomas\/wp-json\/wp\/v2\/categories?post=174"},{"taxonomy":"post_tag","embeddable":true,"href":"https:\/\/blogs.laverdad.es\/anamariatomas\/wp-json\/wp\/v2\/tags?post=174"}],"curies":[{"name":"wp","href":"https:\/\/api.w.org\/{rel}","templated":true}]}}