{"id":185,"date":"2011-11-19T11:02:32","date_gmt":"2011-11-19T10:02:32","guid":{"rendered":"http:\/\/blogs.laverdad.es\/anamariatomas\/?p=185"},"modified":"2011-11-19T11:02:32","modified_gmt":"2011-11-19T10:02:32","slug":"cara-de-gilipuertas","status":"publish","type":"post","link":"https:\/\/blogs.laverdad.es\/anamariatomas\/2011\/11\/19\/cara-de-gilipuertas\/","title":{"rendered":"CARA DE GILIPUERTAS"},"content":{"rendered":"<p>&nbsp;<\/p>\n<p>&nbsp;<\/p>\n<p><a href=\"\/anamariatomas\/wp-content\/uploads\/sites\/17\/2011\/11\/mono.jpg\"><img loading=\"lazy\" class=\"aligncenter size-medium wp-image-186\" title=\"mono\" src=\"\/anamariatomas\/wp-content\/uploads\/sites\/17\/2011\/11\/mono.jpg\" alt=\"\" width=\"300\" height=\"230\" srcset=\"https:\/\/static-blogs.laverdad.es\/wp-content\/uploads\/sites\/17\/2011\/11\/mono.jpg 369w, https:\/\/static-blogs.laverdad.es\/wp-content\/uploads\/sites\/17\/2011\/11\/mono-300x230.jpg 300w\" sizes=\"(max-width: 300px) 100vw, 300px\" \/><\/a>\u00a0 \u00a0 \u00a0 \u00a0 \u00a0 \u00a0 \u00a0 \u00a0Aunque a nadie le gusta escuchar que, en un momento determinado, pueda tener cara de gilipuertas, lo cierto y seguro es que todos, absolutamente todos, somos conscientes de que en algunas ocasiones se nos ha quedado una cara de gilipollas que no aguantamos ni nosotros, por no hablar de la sensaci\u00f3n que eso produce. No es que haya reglas preestablecidas para ello, pero, si hablamos de arte,\u00a0 las ocasiones se multiplican: nos convertimos en est\u00fapidos \u00fanicamente por miedo a parecerlo. Todos los d\u00edas est\u00e1n llenos de momentos \u201ccumbres\u201d aunque no siempre salgan a la luz. No tenemos que ir muy lejos: hace apenas unos d\u00edas, la casa Sotheby\u2019s, en Londres, ha subastado una obra que no es otra cosa que una de las muchas tomaduras de pelo que ha producido nuestra \u00faltima historia \u201cculta\u201d. \u00a0Se trata de una obra de arte que no es tal obra, de un autor que no es tal autor, con una historia detr\u00e1s que no es tal historia. O sea, ni existe la historia ni el autor y, por ende, tampoco la obra. Todo se debe a la broma del escritor William Boyd que, con unos cuantos c\u00f3mplices, entre ellos David Bowie, se invent\u00f3 al pintor Nat Tate, ide\u00f3 una curiosa biograf\u00eda y se dedico a pintar puentecitos infantiles como se\u00f1a de identidad del famos\u00edsimo pintor. No ha sido la primera vez: conocidas son las tomaduras de pelo al colgar en grandes museos obras de ni\u00f1os o de chimpaces como el que hac\u00edan pasar por Pierre Brassau y al que un especializado cr\u00edtico calific\u00f3 su obra como de \u201cdelicado trazo\u201d, \u00a1toma del frasco!<\/p>\n<p>Hace unos meses, cuando fui a ver la sonada y publicitada pel\u00edcula de <em>El \u00e1rbol de la vida<\/em> no pod\u00eda creer que todas las maravillosas cr\u00edticas que hab\u00eda le\u00eddo al respecto se refirieran a semejante bodrio \u2013para ver magn\u00edficos documentales sobre volcanes o r\u00edos me basta con la dos de televisi\u00f3n-. Pero lo que m\u00e1s me admir\u00f3 fue el \u201cmiedo\u201d de \u00a0la gente en general \u00a0a hablar con franqueza del sentimiento de frustraci\u00f3n que les hab\u00eda producido el pel\u00edculo por temor a parecer incultos. Otro tanto me paso con una de las salas del Guggenheim \u00bfalguien puede creer que un mont\u00f3n de ropa sucia, dejada de mala manera en el suelo, sea arte\u2026? Vamos, \u00a1manda huevos!, y yo quitando los atav\u00edos de mis hijos adolescentes de sus habitaciones\u2026 sin darme cuenta de eso no son enredos o porquer\u00eda sino arte puro y duro. O sea, que la casa de cualquier enfermo con s\u00edndrome de Di\u00f3genes es un museo de toma pan y moja.<\/p>\n<p>S\u00f3lo as\u00ed se entiende que una diligente limpiadora de un museo alem\u00e1n haya destrozado, simplemente con fregarla, una de esas incomprensibles obras de arte: una torre de tablas de madera en cuya base se encontraba un recipiente sucio de cal blanca, que, evidentemente, ella dej\u00f3 como los chorros del oro, arruinando as\u00ed lo que era una obra valorada en ochocientos mil euros. Como lo oyen, digo, como lo leen.<\/p>\n<p>William Boyd y sus amigos, como otros antes y despu\u00e9s, no han hecho otra cosa que ponernos cara de gilipollas y sacarnos los colores de la verg\u00fcenza \u201cculta\u201d \u00bfPor qu\u00e9 hemos de ser tan est\u00fapidos o tener tanto miedo a pasar por idiotas, simplemente, por decir en voz alta lo que el sentido com\u00fan nos dicte en determinados momentos?<\/p>\n<p>En el Guggenheim me dedique durante m\u00e1s de media hora a observar la reacci\u00f3n de las personas que prestaban atenci\u00f3n al mont\u00f3n de ropa sucia: todas, todas las que pasaron mientras estuve mirando, afirmaban con la cabeza mientras enarcaban las cejas, satisfechas de visitar semejante obra de arte. Y a m\u00ed se me iban y se me ven\u00edan unas ganas de decirle lo gilipollas que \u00e9ramos todos los que pag\u00e1bamos para ver aquello y no s\u00f3lo no protest\u00e1bamos, sino que nos sent\u00edamos complacidos de pensarnos m\u00e1s \u201ccultos\u201d \u2013v\u00e1lgame el cielo- por tener la oportunidad de admirar lo que alguno, listo \u00e9l, hab\u00eda determinado que era arte.<\/p>\n<p>Aunque ya sabemos que \u201chel-arte\u201d es morirse de fr\u00edo parece que a\u00fan no nos hemos enterado de que todo lo que se publicite debidamente y tenga detr\u00e1s a un tontolaba que se las d\u00e9 de culto o de listillo no s\u00f3lo est\u00e1 destinado a ponernos cara de gilipollas, sino a convertirse en la m\u00e1s sublime de las obras de arte.<\/p>\n","protected":false},"excerpt":{"rendered":"<p>&nbsp; &nbsp; \u00a0 \u00a0 \u00a0 \u00a0 \u00a0 \u00a0 \u00a0 \u00a0Aunque a nadie le gusta escuchar que, en un momento determinado, pueda tener cara de gilipuertas, lo cierto y seguro es que todos, absolutamente todos, somos conscientes de que en algunas ocasiones se nos ha quedado una cara de gilipollas que no aguantamos ni nosotros, por [&hellip;]<\/p>\n","protected":false},"author":17,"featured_media":0,"comment_status":"open","ping_status":"closed","sticky":false,"template":"","format":"standard","meta":[],"categories":[2],"tags":[],"_links":{"self":[{"href":"https:\/\/blogs.laverdad.es\/anamariatomas\/wp-json\/wp\/v2\/posts\/185"}],"collection":[{"href":"https:\/\/blogs.laverdad.es\/anamariatomas\/wp-json\/wp\/v2\/posts"}],"about":[{"href":"https:\/\/blogs.laverdad.es\/anamariatomas\/wp-json\/wp\/v2\/types\/post"}],"author":[{"embeddable":true,"href":"https:\/\/blogs.laverdad.es\/anamariatomas\/wp-json\/wp\/v2\/users\/17"}],"replies":[{"embeddable":true,"href":"https:\/\/blogs.laverdad.es\/anamariatomas\/wp-json\/wp\/v2\/comments?post=185"}],"version-history":[{"count":0,"href":"https:\/\/blogs.laverdad.es\/anamariatomas\/wp-json\/wp\/v2\/posts\/185\/revisions"}],"wp:attachment":[{"href":"https:\/\/blogs.laverdad.es\/anamariatomas\/wp-json\/wp\/v2\/media?parent=185"}],"wp:term":[{"taxonomy":"category","embeddable":true,"href":"https:\/\/blogs.laverdad.es\/anamariatomas\/wp-json\/wp\/v2\/categories?post=185"},{"taxonomy":"post_tag","embeddable":true,"href":"https:\/\/blogs.laverdad.es\/anamariatomas\/wp-json\/wp\/v2\/tags?post=185"}],"curies":[{"name":"wp","href":"https:\/\/api.w.org\/{rel}","templated":true}]}}