{"id":187,"date":"2011-11-26T12:39:40","date_gmt":"2011-11-26T11:39:40","guid":{"rendered":"http:\/\/blogs.laverdad.es\/anamariatomas\/?p=187"},"modified":"2011-11-26T12:39:40","modified_gmt":"2011-11-26T11:39:40","slug":"mi-futuro-por-la-borda","status":"publish","type":"post","link":"https:\/\/blogs.laverdad.es\/anamariatomas\/2011\/11\/26\/mi-futuro-por-la-borda\/","title":{"rendered":"MI FUTURO POR LA BORDA"},"content":{"rendered":"<p><a href=\"\/anamariatomas\/wp-content\/uploads\/sites\/17\/2011\/11\/13710260.jpg\"><img loading=\"lazy\" class=\"aligncenter size-full wp-image-188\" title=\"13710260\" src=\"\/anamariatomas\/wp-content\/uploads\/sites\/17\/2011\/11\/13710260.jpg\" alt=\"\" width=\"300\" height=\"172\" \/><\/a>\u00a0 \u00a0 \u00a0 \u00a0 \u00a0 \u00a0 \u00a0 M\u00e1s de una vez he confesado aqu\u00ed mi inclinaci\u00f3n a prestar atenci\u00f3n a esas m\u00faltiples conversaciones que se dan entre conocidos o amigos, a toda voz, en lugares donde hay muchas orejas. Hace unos d\u00edas, mientras me desplazaba en un transporte p\u00fablico no pude evitar escuchar que una joven, de no m\u00e1s de veinte a\u00f1os, se lamentaba con la expresi\u00f3n: \u201cYo tir\u00e9 mi futuro por la borda\u201d. Al parecer, y seg\u00fan segu\u00ed escuchando, no hab\u00eda querido estudiar una carrera porque se hab\u00eda enamorado de un hombre \u2013dijo hombre y no chico- que le pidi\u00f3 que no lo hiciera para poder mantener con \u00e9l una relaci\u00f3n de pareja. M\u00e1s tarde, ese \u201chombre\u201d la hab\u00eda abandonado por otra y a ella no se le ocurr\u00eda otra cosa que pensar \u2013con sus breves a\u00f1os- que hab\u00eda tirado su futuro por la borda, en lugar de brindar con la Vida por haberla librado de semejante lastre. Pero lo que m\u00e1s \u00a0me llam\u00f3 la atenci\u00f3n fue ser consciente de la forma en la que algunas mujeres somos capaces de dejar las riendas de nuestra vida en manos ajenas cuando tenemos en las propias todas las posibilidades del mundo.<\/p>\n<p>Al llegar a casa le\u00ed en el peri\u00f3dico que una joven afgana hab\u00eda sido violada y, encima, condenada a doce a\u00f1os de c\u00e1rcel por adulterio porque el violador estaba casado. Pero, esperen, porque todav\u00eda es m\u00e1s fuerte lo que viene ahora: la condena se la rebajar\u00edan a tres a\u00f1os si se casara con su violador \u00bfC\u00f3mo se les queda el cuerpo? La verdad es que, cuando leo algo as\u00ed, me gustar\u00eda ser analfabeta, como dir\u00eda Narosky. No conoc\u00eda esta brutal historia cuando escuchaba a la joven del bus, si no, probablemente, se la hubiera contado y le habr\u00eda explicado que \u201cfuturos por la borda\u201d no son los que tiramos nosotras, porque siempre podemos lanzarnos tras ellos y recuperarlos. \u201cFuturos por la borda\u201d son los que nos tiran la brutalidad, el analfabetismo, la sinraz\u00f3n, y la cultura machista. No la cultura afgana o espa\u00f1ola o mejicana o china o africana\u2026, no. La crueldad, la barbarie, el salvajismo que desde tiempos inmemoriales se ha ejercido contra la mujer ha sido siempre causada por el macho bruto, ignorante e imb\u00e9cil que ha temido la sabidur\u00eda, la capacidad y la maleabilidad de la mujer. Por eso la ha sometido, esclavizado, vendido, comprado, violado, aniquilado\u2026 Porque esas tradiciones salvajes y obsoletas saben perfectamente que la mujer es capaz de sobreponerse a todo ello, saben que tenemos muchos m\u00e1s cojones que todos esos eunucos que intentan anularnos.<\/p>\n<p>La noticia ven\u00eda con la foto de Guinaz, que as\u00ed se llama la joven que fue violada con diecinueve a\u00f1os. Y ella, a pesar de tenerlo todo en contra, no se ha dado por vencida, no piensa que su futuro haya sido arrojado por la borda. En un pa\u00eds en donde nada cuentan las mujeres, en un lugar en donde adem\u00e1s de violadas son castigadas con c\u00e1rcel por ello, esta joven da la cara, aun con el rostro\u00a0 tapado, y desde el fondo de sus ojos negros emerge la esperanza de que la presi\u00f3n internacional pueda obtenerle el perd\u00f3n \u00a1El perd\u00f3n! \u00bfQu\u00e9 perd\u00f3n? Pero que hijos de puta\u2026<\/p>\n<p>Espero y deseo que alguien que ame a esa otra joven del autob\u00fas que crey\u00f3 que una torpe relaci\u00f3n le hab\u00eda tirado su futuro por la borda le haga saber que nunca es tarde para aprender, para estudiar, para reinventarse, para enfrentarse a los numerosos\u00a0 vientos que vengan de babor o de estribor, de proa o de popa porque eso es parte de ser Mujer. A m\u00ed no me dio tiempo a decirle nada. Su parada estaba antes que la m\u00eda. Pero los ojos\u00a0 de Guinaz se lo gritan desde el lejano Afganist\u00e1n.<\/p>\n","protected":false},"excerpt":{"rendered":"<p>\u00a0 \u00a0 \u00a0 \u00a0 \u00a0 \u00a0 \u00a0 M\u00e1s de una vez he confesado aqu\u00ed mi inclinaci\u00f3n a prestar atenci\u00f3n a esas m\u00faltiples conversaciones que se dan entre conocidos o amigos, a toda voz, en lugares donde hay muchas orejas. Hace unos d\u00edas, mientras me desplazaba en un transporte p\u00fablico no pude evitar escuchar que una [&hellip;]<\/p>\n","protected":false},"author":17,"featured_media":0,"comment_status":"open","ping_status":"closed","sticky":false,"template":"","format":"standard","meta":[],"categories":[2],"tags":[],"_links":{"self":[{"href":"https:\/\/blogs.laverdad.es\/anamariatomas\/wp-json\/wp\/v2\/posts\/187"}],"collection":[{"href":"https:\/\/blogs.laverdad.es\/anamariatomas\/wp-json\/wp\/v2\/posts"}],"about":[{"href":"https:\/\/blogs.laverdad.es\/anamariatomas\/wp-json\/wp\/v2\/types\/post"}],"author":[{"embeddable":true,"href":"https:\/\/blogs.laverdad.es\/anamariatomas\/wp-json\/wp\/v2\/users\/17"}],"replies":[{"embeddable":true,"href":"https:\/\/blogs.laverdad.es\/anamariatomas\/wp-json\/wp\/v2\/comments?post=187"}],"version-history":[{"count":0,"href":"https:\/\/blogs.laverdad.es\/anamariatomas\/wp-json\/wp\/v2\/posts\/187\/revisions"}],"wp:attachment":[{"href":"https:\/\/blogs.laverdad.es\/anamariatomas\/wp-json\/wp\/v2\/media?parent=187"}],"wp:term":[{"taxonomy":"category","embeddable":true,"href":"https:\/\/blogs.laverdad.es\/anamariatomas\/wp-json\/wp\/v2\/categories?post=187"},{"taxonomy":"post_tag","embeddable":true,"href":"https:\/\/blogs.laverdad.es\/anamariatomas\/wp-json\/wp\/v2\/tags?post=187"}],"curies":[{"name":"wp","href":"https:\/\/api.w.org\/{rel}","templated":true}]}}