{"id":196,"date":"2011-12-17T11:58:25","date_gmt":"2011-12-17T10:58:25","guid":{"rendered":"http:\/\/blogs.laverdad.es\/anamariatomas\/?p=196"},"modified":"2011-12-17T11:58:25","modified_gmt":"2011-12-17T10:58:25","slug":"la-estrella","status":"publish","type":"post","link":"https:\/\/blogs.laverdad.es\/anamariatomas\/2011\/12\/17\/la-estrella\/","title":{"rendered":"LA ESTRELLA"},"content":{"rendered":"<p>&nbsp;<\/p>\n<p>&nbsp;<\/p>\n<p><a href=\"\/anamariatomas\/wp-content\/uploads\/sites\/17\/2011\/12\/imagenes-de-estrellas-y-corazones-s001.jpg\"><img loading=\"lazy\" class=\"aligncenter size-medium wp-image-197\" title=\"imagenes de estrellas y corazones-s001\" src=\"\/anamariatomas\/wp-content\/uploads\/sites\/17\/2011\/12\/imagenes-de-estrellas-y-corazones-s001.jpg\" alt=\"\" width=\"300\" height=\"286\" srcset=\"https:\/\/static-blogs.laverdad.es\/wp-content\/uploads\/sites\/17\/2011\/12\/imagenes-de-estrellas-y-corazones-s001.jpg 400w, https:\/\/static-blogs.laverdad.es\/wp-content\/uploads\/sites\/17\/2011\/12\/imagenes-de-estrellas-y-corazones-s001-300x287.jpg 300w\" sizes=\"(max-width: 300px) 100vw, 300px\" \/><\/a><\/p>\n<p>&nbsp;<\/p>\n<p>&nbsp;<\/p>\n<p>En el mundo cristiano, la estrella ha sido sin\u00f3nimo de gu\u00eda, de luz que indicaba el camino que se deber\u00eda seguir para encontrar la Fuente de toda Luz.<\/p>\n<p>La estrella ha sido tambi\u00e9n, entre otros, el s\u00edmbolo que\u00a0\u00a0exhib\u00edan sobre su pecho los hombres justos del Lejano Oeste que luchaban contra la delincuencia o el desafuero.<\/p>\n<p>&nbsp;<\/p>\n<p>Y una estrella es el distintivo de un grupo de muchachos espa\u00f1oles que consigui\u00f3 hacer realidad el sue\u00f1o de ganar un mundial de f\u00fatbol.<\/p>\n<p>&nbsp;<\/p>\n<p>Y, ahora, una estrella perdida, ca\u00edda, desaparecida de la camiseta de Fernando Llorente se ha convertido en el acicate para llevarnos hasta la necesaria concienciaci\u00f3n de la ayuda que precisan tantos y tantos ni\u00f1os pobres como hay en el mundo, en esta ocasi\u00f3n de la mano de la ONG \u201cSave the Children\u201d.<\/p>\n<p>&nbsp;<\/p>\n<p>Pobres. Cada d\u00eda hay m\u00e1s pobres. Y no es preciso buscarlos en pa\u00edses tercermundistas, tan s\u00f3lo es necesario darse una vuelta por cualquiera de las calles de nuestra ciudad. Hay pobres \u201cdignos\u201d que esconden todo lo que pueden su pobreza. Los hay que la muestran sin pudor alguno. Tambi\u00e9n hay pobres que no renuncian a vivir como ricos. Ricos que son absolutamente pobres. Y pobres conscientes de cu\u00e1l es su riqueza.<\/p>\n<p>&nbsp;<\/p>\n<p>Dicen los responsables de la residencia &#8220;Jes\u00fas Abandonado&#8221; que, a veces, hay camas vac\u00edas -\u00faltimamente menos-. Sin embargo, hay indigentes que mueren de fr\u00edo en la calle o que se arriesgan a morir quemados por alg\u00fan gamberro. Qu\u00e9 puede hacerles aspirar a tener por lecho la helada acera o a cubrir sus suelos con una ra\u00edda manta que apenas los protege de la fr\u00eda noche, en lugar de desear el descanso de sus huesos sobre una cama caliente protegida por unas paredes que tanto saben de abandonos y de soledades junto a otros hombres que comparten su mismo tipo de dolor.<\/p>\n<p>&nbsp;<\/p>\n<p><strong>\u00bfSer\u00e1 la libertad?<\/strong> Viktor E. Frankl dijo una frase de esas que suelen ponerse en los libros de citas por su genialidad y que es una de mis favoritas porque creo que resume la filosof\u00eda sobre la que construyo mi vida: \u201cAl hombre se le puede quitar todo excepto una cosa, la \u00faltima de sus libertades: elegir su actitud frente a cualquier circunstancia, elegir su camino \u00a1Elegir! aunque esa elecci\u00f3n sea absurda, incomprensible, est\u00fapida o hasta suicida\u201d.<\/p>\n<p>&nbsp;<\/p>\n<p>En las fr\u00edas noches de nuestros inviernos, sobre todo los del norte, no hay a\u00f1o que no se lleve por delante unas cuantas vidas de hombres o mujeres con una historia detr\u00e1s que muy pocos conocer\u00e1n,\u00a0\u00a0una historia que era su vida, con unas circunstancias que les llevaron a mendigar el pan o el vino que se tomaban; probablemente, las mismas circunstancias que a otros les llevaron al \u00e9xito o a enriquecerse, pero tanto unos como otros eligieron su propia actitud frente a los acontecimientos.<\/p>\n<p>&nbsp;<\/p>\n<p><strong>\u00bfSer\u00e1 el espacio?<\/strong> S\u00ed, el espacio, no el sideral sino ese otro que todos necesitamos: el vital. Ese espacio que los animales marcan con sus orines para impedir que otro viole su territorialidad; ese espacio que de ni\u00f1os solemos defender de manera espont\u00e1nea y natural y que la edad, la cortes\u00eda, o los habit\u00e1culos cada vez m\u00e1s peque\u00f1os, nos hacen que renunciemos a su defensa anestesi\u00e1ndonos la capacidad de enfrentarnos a los intrusos que nos lo invadan.<\/p>\n<p>&nbsp;<\/p>\n<p><strong>\u00bfSer\u00e1n los sue\u00f1os?<\/strong> Recuerdo que, siendo ni\u00f1a, al salir de una iglesia, le ped\u00ed a mi padre una moneda para un &#8220;pobre&#8221; que ped\u00eda a la puerta. &#8220;\u00bfPor qu\u00e9 le llamas pobre?&#8221;, me pregunt\u00f3 mi padre. Yo le mir\u00e9 con los ojos muy abiertos, desconcertada ante la incomprensi\u00f3n de la evidencia. &#8220;No es pobre el hombre que no tiene un c\u00e9ntimo, sino aquel que no posee un sue\u00f1o&#8221;, a\u00f1adi\u00f3. Hasta muchos a\u00f1os despu\u00e9s que le\u00ed esa misma frase en un libro pens\u00e9 que era de mi padre, porque para \u00e9l los sue\u00f1os son el motor de la vida. Qui\u00e9n sabe si los indigentes muertos de fr\u00edo eran inmensamente ricos en sue\u00f1os. Qui\u00e9n puede saber si sent\u00edan l\u00e1stima de los pobres ricos embutidos en recios abrigos que alargaban hasta sus manos las monedas con las que se suele pagar el silencio de las conciencias.\u00a0\u00a0Tal vez refugiados en el g\u00e9lido hueco de una noche de enero, observados por esas otras estrellas que siguen brillando una vez que se apagan las de mentira, so\u00f1aban que encontraban algo perdido mucho tiempo atr\u00e1s o so\u00f1aban &#8220;mapas que Ulises no habr\u00eda comprendido jam\u00e1s&#8221;, o tal vez se so\u00f1aban protagonistas del sue\u00f1o de la mujer que una vez amaron&#8230; \u00bf y qui\u00e9n querr\u00eda despertar?<\/p>\n<p>&nbsp;<\/p>\n<p>La estrella, esa que dicen que todos tenemos y que podemos compartir para aliviar la pobreza de otros, a veces alumbra caminos que siguen oscuros pese a su luz, otras, en cambio, lleva luz para iluminar varias vidas a la vez.<\/p>\n<p>&nbsp;<\/p>\n<p>&nbsp;<\/p>\n<p>&nbsp;<\/p>\n","protected":false},"excerpt":{"rendered":"<p>&nbsp; &nbsp; &nbsp; &nbsp; En el mundo cristiano, la estrella ha sido sin\u00f3nimo de gu\u00eda, de luz que indicaba el camino que se deber\u00eda seguir para encontrar la Fuente de toda Luz. La estrella ha sido tambi\u00e9n, entre otros, el s\u00edmbolo que\u00a0\u00a0exhib\u00edan sobre su pecho los hombres justos del Lejano Oeste que luchaban contra la [&hellip;]<\/p>\n","protected":false},"author":17,"featured_media":0,"comment_status":"open","ping_status":"closed","sticky":false,"template":"","format":"standard","meta":[],"categories":[2],"tags":[],"_links":{"self":[{"href":"https:\/\/blogs.laverdad.es\/anamariatomas\/wp-json\/wp\/v2\/posts\/196"}],"collection":[{"href":"https:\/\/blogs.laverdad.es\/anamariatomas\/wp-json\/wp\/v2\/posts"}],"about":[{"href":"https:\/\/blogs.laverdad.es\/anamariatomas\/wp-json\/wp\/v2\/types\/post"}],"author":[{"embeddable":true,"href":"https:\/\/blogs.laverdad.es\/anamariatomas\/wp-json\/wp\/v2\/users\/17"}],"replies":[{"embeddable":true,"href":"https:\/\/blogs.laverdad.es\/anamariatomas\/wp-json\/wp\/v2\/comments?post=196"}],"version-history":[{"count":0,"href":"https:\/\/blogs.laverdad.es\/anamariatomas\/wp-json\/wp\/v2\/posts\/196\/revisions"}],"wp:attachment":[{"href":"https:\/\/blogs.laverdad.es\/anamariatomas\/wp-json\/wp\/v2\/media?parent=196"}],"wp:term":[{"taxonomy":"category","embeddable":true,"href":"https:\/\/blogs.laverdad.es\/anamariatomas\/wp-json\/wp\/v2\/categories?post=196"},{"taxonomy":"post_tag","embeddable":true,"href":"https:\/\/blogs.laverdad.es\/anamariatomas\/wp-json\/wp\/v2\/tags?post=196"}],"curies":[{"name":"wp","href":"https:\/\/api.w.org\/{rel}","templated":true}]}}