{"id":51,"date":"2010-05-10T10:18:00","date_gmt":"2010-05-10T10:18:00","guid":{"rendered":"http:\/\/blogs.laverdad.es\/anamariatomas\/?p=51"},"modified":"2010-05-10T10:18:00","modified_gmt":"2010-05-10T10:18:00","slug":"muerto-burro","status":"publish","type":"post","link":"https:\/\/blogs.laverdad.es\/anamariatomas\/2010\/05\/10\/muerto-burro\/","title":{"rendered":"MUERTO EL BURRO&#8230;"},"content":{"rendered":"<p><P class=MsoNormal style=\"MARGIN: 0cm 0cm 0pt; TEXT-ALIGN: justify\"><SPAN style=\"FONT-FAMILY: Tahoma; mso-fareast-font-family: 'MS Mincho'\"><FONT size=3><IMG class=imgizqda id=img_0 src=\"\/anamariatomas\/wp-content\/uploads\/sites\/17\">Conseguir ser profeta en tierra propia es el sue\u00f1o de muchos. Un sue\u00f1o que, la mayor\u00eda de las veces, queda en eso, en sue\u00f1os, bien por falta de cualidades, o de posibilidades. Otras, se convierte en pesadilla al tener que soportar la &#8220;ignorancracia&#8221; de los paisanos. Y otras, se consigue: se sale por la puerta grande y se reciben medallas, t\u00edtulos, dedicaci\u00f3n de calles y honores. Pero, a veces, para conseguirlo hay que pasar antes por el tanatorio convertido en fiambre.<?xml:namespace prefix = o ns = \"urn:schemas-microsoft-com:office:office\" \/><o:p><\/o:p><\/FONT><\/SPAN><\/p>\n<p> <P class=MsoNormal style=\"MARGIN: 0cm 0cm 0pt; TEXT-ALIGN: justify\"><SPAN style=\"FONT-FAMILY: Tahoma; mso-fareast-font-family: 'MS Mincho'\"><FONT size=3><SPAN style=\"mso-tab-count: 2\"><\/SPAN>No creo que llegue a conseguir tanto el cad\u00e1ver de \u00c1ngel Cristo, dadas las circunstancias, pero s\u00ed ha logrado, de entrada, que sus hijos, alejados de \u00e9l y hablando pestes del papi, salgan llorosos y afectad\u00edsimos en las im\u00e1genes televisivas. Y que su ex mujer, B\u00e1rbara Rey, le pague una corona de flores de mil euros. Manda huevos\u2026 \u201cMuerto el burro, la <I style=\"mso-bidi-font-style: normal\">ceb\u00e1<\/I> al rabo\u201d que dice nuestro refranero. Y, claro, ahora, en todas las cadenas rescatan las mejores im\u00e1genes de un hombre valiente a quien la vida le hizo m\u00e1s heridas que sus fieras.<o:p><\/o:p><\/FONT><\/SPAN><\/p>\n<p> <P class=MsoPlainText style=\"MARGIN: 0cm 0cm 0pt; TEXT-ALIGN: justify\"><SPAN style=\"FONT-SIZE: 12pt; FONT-FAMILY: Tahoma; mso-fareast-font-family: 'MS Mincho'\"><SPAN style=\"mso-tab-count: 2\"><\/SPAN>Si hay algo que me parece absurdo, adem\u00e1s de tremendamente injusto, son los homenajes p\u00f3stumos. La palabra p\u00f3stumo siempre me son\u00f3 a &#8220;postema&#8221;, es decir, una especie de pus infecto que nos molesta en la conciencia y nos obliga a quit\u00e1rnoslo, a sacud\u00edrnoslo de encima, a tranquilizar nuestras desmemoriadas memorias, intentando resta\u00f1ar un pret\u00e9rito olvido, homenajeando a alguien cuyo valor debimos haber reconocido cuando todav\u00eda era capaz de escuchar nuestra palabra de \u00e1nimo, de sentir nuestro agradecimiento, de halagarse con nuestro reconocimiento.<o:p><\/o:p><\/SPAN><\/p>\n<p> <P class=MsoPlainText style=\"MARGIN: 0cm 0cm 0pt; TEXT-ALIGN: justify\"><SPAN style=\"FONT-SIZE: 12pt; FONT-FAMILY: Tahoma; mso-fareast-font-family: 'MS Mincho'\"><SPAN style=\"mso-tab-count: 2\"><\/SPAN>Pero no. Da la sensaci\u00f3n de que pertenecemos a una sociedad macabra y carro\u00f1era incapaz de valorar la &#8220;pieza&#8221; hasta que \u00e9sta deja de respirar y de sentir. Y s\u00f3lo entonces se lanza en vuelo picado sobre el <I style=\"mso-bidi-font-style: normal\">missing<\/I> para reflexionar sobre lo importante que fue su vida, su obra, o el papel relevante que tuvo para nuestra sociedad, por no decir lo buen\u00edsima persona que fue. \u00c9sa es otra&#8230; Siempre me ha parecido incomprensible ese oscuro miedo, o ese falso respeto, a hablar mal de los muertos. Si mientras vivi\u00f3 fue una buena persona, es de ley reconocerlo, y no solamente despu\u00e9s de haber dejado de ser persona, sino en vida; pero si se trataba de alg\u00fan pedazo de cabr\u00f3n&#8230; muerto, y bien muerto est\u00e9.<o:p><\/o:p><\/SPAN><\/p>\n<p> <P class=MsoPlainText style=\"MARGIN: 0cm 0cm 0pt; TEXT-ALIGN: justify\"><SPAN style=\"FONT-SIZE: 12pt; FONT-FAMILY: Tahoma; mso-fareast-font-family: 'MS Mincho'\"><SPAN style=\"mso-tab-count: 2\"><\/SPAN>\u00bfPor qu\u00e9 esforzar nuestras mentes en intentar encontrar algo bueno para enmarcarlo o pretender que act\u00fae de lente microsc\u00f3pica de toda su persona? La sin\u00e9cdoque est\u00e1 bien para la literatura, pero no para el \u00e1mbito humano. Sin embargo, si dedic\u00f3 su vida a un ideal, a un sue\u00f1o que fue capaz de hacer realidad, si contribuy\u00f3 de alguna manera a hacer m\u00e1s grande una parcela del arte, o m\u00e1s llevadera la vida de su comunidad, independientemente de c\u00f3mo fuera su persona, \u00bfpor qu\u00e9 esperar a que sus o\u00eddos ensordezcan por el peso de una l\u00e1pida<SPAN style=\"mso-spacerun: yes\"> <\/SPAN>para ofrecerle unas simples palabras de agradecimiento?<o:p><\/o:p><\/SPAN><\/p>\n<p> <P class=MsoPlainText style=\"MARGIN: 0cm 0cm 0pt; TEXT-ALIGN: justify\"><SPAN style=\"FONT-SIZE: 12pt; FONT-FAMILY: Tahoma; mso-fareast-font-family: 'MS Mincho'\"><SPAN style=\"mso-tab-count: 2\"><\/SPAN>Hay muchos, much\u00edsimos, que jam\u00e1s llegar\u00e1n a saborear las mieles del \u00e9xito pero que se dejan la piel en el intento. Y ese esfuerzo deber\u00eda de ser reconocido, hacerlo nuestro como hacemos nuestros los triunfos una vez que los han conseguido. Deber\u00edamos alimentar su coraje con nuestro est\u00edmulo; que nuestro aliento le sirviera de impermeable al des\u00e1nimo. Pero no, dejamos, simplemente, que se hundan en las profundidades de la derrota, o que luchen a brazo partido hasta conseguir el triunfo. Y, entonces s\u00ed, entonces proclamamos que es paisano nuestro, y que le conocemos desde ni\u00f1o, incluso que jug\u00e1bamos con \u00e9l. Y si, &#8220;por fortuna&#8221;, se muere es cuando lo elevamos a la gloria. <o:p><\/o:p><\/SPAN><\/p>\n<p> <P class=MsoPlainText style=\"MARGIN: 0cm 0cm 0pt; TEXT-ALIGN: justify\"><SPAN style=\"FONT-SIZE: 12pt; FONT-FAMILY: Tahoma; mso-fareast-font-family: 'MS Mincho'\"><SPAN style=\"mso-tab-count: 2\"><\/SPAN>Es verdad que la historia est\u00e1 llena de injusticias -\u00bfqui\u00e9n ha dicho que tuviera que ser justa?- , pero creo que est\u00e1 en nuestras manos limpiarnos los ojos de las lega\u00f1as de la envidia que, a fin de cuentas, es lo que no nos deja ver, la inmensa mayor\u00eda de las veces, el valor que poseen los que nos rodean, y decidirnos a consumar esos reconocimientos tan escasos o tan \u201cinhacederos\u201d pero que se den en el <I style=\"mso-bidi-font-style: normal\">hic et nunc<\/I> de la persona en cuesti\u00f3n. Si Arist\u00f3teles dijo que &#8220;Saber es acordarse&#8221;, \u00bfpor qu\u00e9 no llenar esa sabidur\u00eda<SPAN style=\"mso-spacerun: yes\"> <\/SPAN>con recuerdo del bien obrar con nuestros coet\u00e1neos?<SPAN style=\"mso-spacerun: yes\"> <\/SPAN><o:p><\/o:p><\/SPAN><\/p>\n<p> <P class=MsoPlainText style=\"MARGIN: 0cm 0cm 0pt; TEXT-ALIGN: justify\"><SPAN style=\"FONT-SIZE: 12pt; FONT-FAMILY: Tahoma; mso-fareast-font-family: 'MS Mincho'\"><o:p><\/o:p><\/SPAN><\/p>\n","protected":false},"excerpt":{"rendered":"<p>Conseguir ser profeta en tierra propia es el sue\u00f1o de muchos. Un sue\u00f1o que, la mayor\u00eda de las veces, queda en eso, en sue\u00f1os, bien por falta de cualidades, o de posibilidades. Otras, se convierte en pesadilla al tener que soportar la &#8220;ignorancracia&#8221; de los paisanos. Y otras, se consigue: se sale por la puerta [&hellip;]<\/p>\n","protected":false},"author":17,"featured_media":0,"comment_status":"open","ping_status":"closed","sticky":false,"template":"","format":"standard","meta":[],"categories":[2],"tags":[],"_links":{"self":[{"href":"https:\/\/blogs.laverdad.es\/anamariatomas\/wp-json\/wp\/v2\/posts\/51"}],"collection":[{"href":"https:\/\/blogs.laverdad.es\/anamariatomas\/wp-json\/wp\/v2\/posts"}],"about":[{"href":"https:\/\/blogs.laverdad.es\/anamariatomas\/wp-json\/wp\/v2\/types\/post"}],"author":[{"embeddable":true,"href":"https:\/\/blogs.laverdad.es\/anamariatomas\/wp-json\/wp\/v2\/users\/17"}],"replies":[{"embeddable":true,"href":"https:\/\/blogs.laverdad.es\/anamariatomas\/wp-json\/wp\/v2\/comments?post=51"}],"version-history":[{"count":0,"href":"https:\/\/blogs.laverdad.es\/anamariatomas\/wp-json\/wp\/v2\/posts\/51\/revisions"}],"wp:attachment":[{"href":"https:\/\/blogs.laverdad.es\/anamariatomas\/wp-json\/wp\/v2\/media?parent=51"}],"wp:term":[{"taxonomy":"category","embeddable":true,"href":"https:\/\/blogs.laverdad.es\/anamariatomas\/wp-json\/wp\/v2\/categories?post=51"},{"taxonomy":"post_tag","embeddable":true,"href":"https:\/\/blogs.laverdad.es\/anamariatomas\/wp-json\/wp\/v2\/tags?post=51"}],"curies":[{"name":"wp","href":"https:\/\/api.w.org\/{rel}","templated":true}]}}