{"id":53,"date":"2010-05-24T23:23:00","date_gmt":"2010-05-24T23:23:00","guid":{"rendered":"http:\/\/blogs.laverdad.es\/anamariatomas\/?p=53"},"modified":"2010-05-24T23:23:00","modified_gmt":"2010-05-24T23:23:00","slug":"jodidos-pero-contentos","status":"publish","type":"post","link":"https:\/\/blogs.laverdad.es\/anamariatomas\/2010\/05\/24\/jodidos-pero-contentos\/","title":{"rendered":"JODIDOS PERO CONTENTOS"},"content":{"rendered":"<p><P class=MsoNormal style=\"MARGIN: 0cm 2.2pt 0pt 0cm; TEXT-ALIGN: justify\"><FONT face=\"Times New Roman\" size=3><IMG class=imgdcha id=img_0 src=\"\/anamariatomas\/wp-content\/uploads\/sites\/17\">No voy a utilizar el recurso f\u00e1cil de decir que andamos jodidos por las actuaciones m\u00e1s o menos acertadas, menos que m\u00e1s, del gobierno porque, adem\u00e1s, no podr\u00eda a\u00f1adir despu\u00e9s el \u201cpero contentos\u201d porque no ser\u00eda nada cierto. El descontento casi un\u00e1nime por determinadas acciones pol\u00edticas va intr\u00ednsecamente unido al sentirse jodido. Pero s\u00ed les voy a hablar de ese sentimiento demasiado frecuente del ser humano con respecto a <?xml:namespace prefix = st1 ns = \"urn:schemas-microsoft-com:office:smarttags\" \/><st1:PersonName w:st=\"on\" ProductID=\"la Vida\">la Vida<\/st1:PersonName>, de ese lenguaje inconsciente e irresponsable (si conoci\u00e9ramos el poder de las palabras no lo har\u00edamos) con el que respondemos cuando se nos pregunta c\u00f3mo estamos, independientemente de las \u00faltimas decisiones gubernamentales. Dicen que lo peor que puede ocurrirnos es que le preguntemos a alguien que c\u00f3mo est\u00e1 y nos lo cuente. Aunque, por regla general, las respuestas que m\u00e1s frecuentemente podemos encontrar son el \u201cPssst, as\u00ed as\u00ed\u201d (vamos, que su padre sabr\u00e1 c\u00f3mo est\u00e1), o \u201cTirando\u201d (\u00bfTirando de <st1:PersonName w:st=\"on\" ProductID=\"la Vida\">la Vida<\/st1:PersonName>? \u00bfSe siente un animal?), o \u201cPasando\u201d (\u00bfPasando de todo, dejando que todo nos pase o pasando por un imaginario y angosto tubo de <st1:PersonName w:st=\"on\" ProductID=\"la Vida\">la Vida<\/st1:PersonName>?) o \u201cLuchando\u201d (bien es verdad que siempre hay molinos de viento que se convierten en gigantes, pero no creo que esa actitud beligerante sea la m\u00e1s sana para discurrir por <st1:PersonName w:st=\"on\" ProductID=\"la Vida\">la Vida<\/st1:PersonName>). Eso por no hablar de la mala elecci\u00f3n de las palabras. No es lo mismo decir: \u201cNo muy mal\u201d que \u201cRelativamente bien\u201d o \u201cNo me puedo quejar\u201d (no se pueden quejar en Cuba o en Venezuela, pero aqu\u00ed\u2026) a decir: \u201cNo tengo ning\u00fan motivo de queja\u201d.<\/FONT><\/p>\n<p> <P class=MsoNormal style=\"MARGIN: 0cm 2.2pt 0pt 0cm; TEXT-ALIGN: justify\"><FONT size=3><FONT face=\"Times New Roman\"><SPAN style=\"mso-tab-count: 2\"><\/SPAN>No somos concientes del incremento sostenido de infelicidad o, mejor dicho, del sentimiento de infelicidad (a veces ese sentimiento s\u00f3lo es ceguera para ver las numerosas razones que tenemos para ser felices)<\/FONT><\/FONT><\/p>\n<p> <P class=MsoNormal style=\"MARGIN: 0cm 2.2pt 0pt 0cm; TEXT-ALIGN: justify\"><FONT size=3><FONT face=\"Times New Roman\"><SPAN style=\"mso-tab-count: 2\"><\/SPAN>Son pocos, muy pocos, los que contestan \u00a1Bien! Y no digamos ya los raros espec\u00edmenes que dicen: \u201cMejor, imposible\u201d.<\/FONT><\/FONT><\/p>\n<p> <P class=MsoNormal style=\"MARGIN: 0cm 2.2pt 0pt 0cm; TEXT-ALIGN: justify\"><FONT size=3><FONT face=\"Times New Roman\"><SPAN style=\"mso-tab-count: 2\"><\/SPAN>As\u00ed que, viendo el panorama, ojeando estad\u00edsticas sobre medicamentos antidepresivos, ansiol\u00edticos y somn\u00edferos<SPAN style=\"mso-spacerun: yes\"> <\/SPAN>no me negar\u00e1n que la cosa no pinta como deber\u00eda trat\u00e1ndose de un pa\u00eds situado en lo que llamamos Primer Mundo. Claro que, la idea de felicidad, nada tiene que ver con mayor o menor desarrollo, incluso est\u00e1 demostrado que en los lugares en d\u00f3nde es dur\u00edsimo encontrar lo necesario para cubrir las necesidades b\u00e1sicas no existe la depresi\u00f3n y los ni\u00f1os tienen una alegr\u00eda que los nuestros no conocen. \u00bfQui\u00e9n tiene m\u00e1s, un multimillonario con un c\u00e1ncer Terminal o un indigente sano?<\/FONT><\/FONT><\/p>\n<p> <P class=MsoNormal style=\"MARGIN: 0cm 2.2pt 0pt 0cm; TEXT-ALIGN: justify\"><FONT size=3><FONT face=\"Times New Roman\"><SPAN style=\"mso-tab-count: 2\"><\/SPAN>Para empezar, he de decir que pertenezco a esa rara avis que siempre responde a la consabida pregunta con un \u201cMuy bien\u201d. Pienso que esa respuesta alegra a mis amigos y fastidia a mis enemigos, por no hablar del poder que tiene esa afirmaci\u00f3n. Yo s\u00ed conozco el poder de las palabras. Adem\u00e1s, estoy de acuerdo con esa corriente filos\u00f3fica que promueve que la felicidad es, sobre todo, una actitud. Una actitud totalmente alejada del ser\u00e9 feliz cuando logre\u2026, cuando tenga\u2026, cuando consiga\u2026, cuando me jubile, cuando mis hijos se casen, cuando pueda hacer esto o aquello\u2026 Porque de esa manera jam\u00e1s lo seremos. Siempre habr\u00e1 deberes pendientes, pol\u00edticos ineptos o hijoputas sueltos que no nos pondr\u00e1n contentos por mucho que nos joroben. La felicidad es m\u00e1s la capacidad de distinguir la inmensidad de peque\u00f1as cosas buenas, positivas que emergen desde el oc\u00e9ano de las negativas. S\u00ed, ya s\u00e9 que, a veces, no encontramos demasiadas razones cuando se sufre el desamor, se est\u00e1 en paro o colgado de una hipoteca de por vida o cuando la salud no es como para tirar cohetes, pero, por eso precisamente, por la salud, es necesario que aprendamos a ser generosos, sobre todo, con los disgustos: es mejor darlos que tomarlos.<\/FONT><\/FONT><\/p>\n<p> <P class=MsoNormal style=\"MARGIN: 0cm 2.2pt 0pt 0cm; TEXT-ALIGN: justify\"><FONT size=3><FONT face=\"Times New Roman\"><SPAN style=\"mso-tab-count: 2\"><\/SPAN>Aunque s\u00f3lo sea por controlar un poco m\u00e1s la calidad de nuestras vidas no estar\u00eda de m\u00e1s llevar cuidado con nuestras palabras, por si no lo saben, la palabra es creadora y terminamos sinti\u00e9ndonos de la manera que decimos que nos sentimos y no al rev\u00e9s. Que nos sentimos jodidos, pero contentos, pues d\u00e9mosle la vuelta a las palabras y elijamos sentirnos contentos. As\u00ed, sin m\u00e1s, sin coletillas que pongan nubes en nuestro cielo. Que ya vendr\u00e1n chaparrones sin anunciarse.<\/FONT><\/FONT><\/p>\n","protected":false},"excerpt":{"rendered":"<p>No voy a utilizar el recurso f\u00e1cil de decir que andamos jodidos por las actuaciones m\u00e1s o menos acertadas, menos que m\u00e1s, del gobierno porque, adem\u00e1s, no podr\u00eda a\u00f1adir despu\u00e9s el \u201cpero contentos\u201d porque no ser\u00eda nada cierto. El descontento casi un\u00e1nime por determinadas acciones pol\u00edticas va intr\u00ednsecamente unido al sentirse jodido. Pero s\u00ed les [&hellip;]<\/p>\n","protected":false},"author":17,"featured_media":0,"comment_status":"open","ping_status":"closed","sticky":false,"template":"","format":"standard","meta":[],"categories":[2],"tags":[],"_links":{"self":[{"href":"https:\/\/blogs.laverdad.es\/anamariatomas\/wp-json\/wp\/v2\/posts\/53"}],"collection":[{"href":"https:\/\/blogs.laverdad.es\/anamariatomas\/wp-json\/wp\/v2\/posts"}],"about":[{"href":"https:\/\/blogs.laverdad.es\/anamariatomas\/wp-json\/wp\/v2\/types\/post"}],"author":[{"embeddable":true,"href":"https:\/\/blogs.laverdad.es\/anamariatomas\/wp-json\/wp\/v2\/users\/17"}],"replies":[{"embeddable":true,"href":"https:\/\/blogs.laverdad.es\/anamariatomas\/wp-json\/wp\/v2\/comments?post=53"}],"version-history":[{"count":0,"href":"https:\/\/blogs.laverdad.es\/anamariatomas\/wp-json\/wp\/v2\/posts\/53\/revisions"}],"wp:attachment":[{"href":"https:\/\/blogs.laverdad.es\/anamariatomas\/wp-json\/wp\/v2\/media?parent=53"}],"wp:term":[{"taxonomy":"category","embeddable":true,"href":"https:\/\/blogs.laverdad.es\/anamariatomas\/wp-json\/wp\/v2\/categories?post=53"},{"taxonomy":"post_tag","embeddable":true,"href":"https:\/\/blogs.laverdad.es\/anamariatomas\/wp-json\/wp\/v2\/tags?post=53"}],"curies":[{"name":"wp","href":"https:\/\/api.w.org\/{rel}","templated":true}]}}