{"id":57,"date":"2010-06-05T17:43:00","date_gmt":"2010-06-05T17:43:00","guid":{"rendered":"http:\/\/blogs.laverdad.es\/anamariatomas\/?p=57"},"modified":"2010-06-05T17:43:00","modified_gmt":"2010-06-05T17:43:00","slug":"narcotizados","status":"publish","type":"post","link":"https:\/\/blogs.laverdad.es\/anamariatomas\/2010\/06\/05\/narcotizados\/","title":{"rendered":"NARCOTIZADOS"},"content":{"rendered":"<p><P class=MsoNormal style=\"MARGIN: 0cm 0cm 0pt; TEXT-ALIGN: justify\"><FONT face=\"Times New Roman\" size=3><IMG class=imgizqda id=img_0 src=\"\/anamariatomas\/wp-content\/uploads\/sites\/17\">Las im\u00e1genes en la televisi\u00f3n escup\u00edan un hatajo de bestias, mucho m\u00e1s animales que las pobres y peque\u00f1as vaquillas (anda que como hubiese sido un miura, le hubieran tocado menos los\u2026) a las que tiraban con sa\u00f1a del rabo, de los cuernos, de las patas\u2026 les pegaban, les empujaban entre una algarab\u00eda salvaje hasta matarlas,<SPAN style=\"mso-spacerun: yes\"> <\/SPAN>festejando, supuestamente, las fiestas del pueblo\u2026 En nombre de una\u2026 \u00bftradici\u00f3n? Por favor, que nadie olvide que tenemos que seguir echando cristianos a los leones en los circos, es una tradici\u00f3n, los romanos colonizaron nuestras tierras y dejaron sus vestigios y sus tradiciones. \u00bfD\u00f3nde est\u00e1n los leones y el circo\u2026? \u00a1Que siga la tradici\u00f3n!<\/FONT><\/p>\n<p> <P class=MsoNormal style=\"MARGIN: 0cm 0cm 0pt; TEXT-ALIGN: justify\"><FONT size=3><FONT face=\"Times New Roman\"><SPAN style=\"mso-tab-count: 1\"><\/SPAN>Las im\u00e1genes en la televisi\u00f3n escup\u00edan el llanto amargo de una madre a la que un hombre le ha asesinado a su hija en Sevilla. Y, en Barcelona, una fachada de casa ocultaba el crimen de otro hombre a otra mujer. A su mujer, madre de sus cuatro hijos. \u00a1Veintinueve mujeres asesinadas en lo que va de a\u00f1o! \u00bfD\u00f3nde esta la prevenci\u00f3n\u2026 las partidas econ\u00f3micas dedicadas a erradicar la violencia\u2026 el resultado de tener un in\u00fatil Ministerio de Igual-da?<\/FONT><\/FONT><\/p>\n<p> <P class=MsoNormal style=\"MARGIN: 0cm 0cm 0pt; TEXT-ALIGN: justify\"><FONT size=3><FONT face=\"Times New Roman\"><SPAN style=\"mso-tab-count: 1\"><\/SPAN>Las im\u00e1genes en la televisi\u00f3n escup\u00edan conflictos eternos entre \u00e1rabes y jud\u00edos\u2026 Conflictos que avivan odios creados, y que crean y extienden m\u00e1s odios y resentimientos, porque, al margen de bloqueos producto del miedo con el que vive el pueblo jud\u00edo, \u00e9ste parece olvidar qu\u00e9 fue lo que hizo con \u00e9l Alemania puesto que est\u00e1 reproduciendo actitudes poco humanitarias con los palestinos. <\/FONT><\/FONT><\/p>\n<p> <P class=MsoNormal style=\"MARGIN: 0cm 0cm 0pt; TEXT-ALIGN: justify\"><FONT size=3><FONT face=\"Times New Roman\"><SPAN style=\"mso-tab-count: 1\"><\/SPAN><SPAN style=\"mso-spacerun: yes\"><\/SPAN>Las im\u00e1genes segu\u00edan lanzando desencuentros entre pol\u00edticos de nuestro Gobierno y de <?xml:namespace prefix = st1 ns = \"urn:schemas-microsoft-com:office:smarttags\" \/><st1:PersonName w:st=\"on\" ProductID=\"la Oposici?n\">la Oposici\u00f3n<\/st1:PersonName>, y cruces de acusaciones entre incompetencias, corrupci\u00f3n, estupideces de unos y otros\u2026 Y la gente de a pie tiene que escuchar medidas de ajustes y recortes mientras contempla c\u00f3mo dilapidan muchos de aquellos que les est\u00e1n pidiendo sacrificios<SPAN style=\"mso-spacerun: yes\"> <\/SPAN>al l\u00edmite.<\/FONT><\/FONT><\/p>\n<p> <P class=MsoNormal style=\"MARGIN: 0cm 0cm 0pt; TEXT-ALIGN: justify\"><FONT size=3><FONT face=\"Times New Roman\"><SPAN style=\"mso-tab-count: 1\"><\/SPAN>Las im\u00e1genes en televisi\u00f3n hablaban de polis buenos convertidos en polis malos que ayudan a quienes corrompen, asesinan o trapichean con drogas.<\/FONT><\/FONT><\/p>\n<p> <P class=MsoNormal style=\"MARGIN: 0cm 0cm 0pt; TEXT-ALIGN: justify\"><FONT size=3><FONT face=\"Times New Roman\"><SPAN style=\"mso-tab-count: 1\"><\/SPAN>Y si, entre canal y canal, desv\u00edas los ojos a alg\u00fan peri\u00f3dico\u2026 pues m\u00e1s de lo mismo o peor. Las noticias en papel me dicen que las afganas quedan a \u201csalvo\u201d de extranjeros con un edicto religioso que proh\u00edbe a las mujeres (\u00e9ramos pocos y pari\u00f3 la autoridad religiosa) trabajar en ONG que no sean nacionales y salir del pa\u00eds si no lo hacen acompa\u00f1adas por un familiar masculino. Al parecer pretenden que no se conviertan en una tentaci\u00f3n del hombre occidental porque \u201cel Se\u00f1or nos pedir\u00e1 cuentas en el d\u00eda del Juicio Final y seremos castigados\u201d. Y las mujeres andan volvi\u00e9ndose d\u00edscolas y utilizando ropas ajustadas \u00a1virgen de todos los burkas\u2026! debido a la cercan\u00eda con hombres bastante menos machistas que los afganos.<\/FONT><\/FONT><\/p>\n<p> <P class=MsoNormal style=\"MARGIN: 0cm 0cm 0pt; TEXT-ALIGN: justify\"><FONT size=3><FONT face=\"Times New Roman\"><SPAN style=\"mso-tab-count: 1\"><\/SPAN>Y observo que en todo, en todas las noticias, siempre son los mismos quienes sufren: los d\u00e9biles, los desfavorecidos, el pueblo llano y pobre, la mujer\u2026, <st1:PersonName w:st=\"on\" ProductID=\"la Mujer\">la Mujer<\/st1:PersonName>, con may\u00fascula. Esa mujer que sigue sometida, dominada, viviendo eternamente en el miedo mientras tantas otras despotrican sobre femeninos o masculinos en las palabras, o sobre la libertad de que otras elijan el sometimiento continuo y prolongado al hombre, ya sea con un velo en la cabeza o con una losa de m\u00e1rmol sobre su cuerpo.<\/FONT><\/FONT><\/p>\n<p> <P class=MsoNormal style=\"MARGIN: 0cm 0cm 0pt; TEXT-ALIGN: justify\"><FONT size=3><FONT face=\"Times New Roman\"><SPAN style=\"mso-tab-count: 1\"><\/SPAN>Y ahora vendr\u00eda preguntarnos no ya qui\u00e9n tiene la culpa, sino qu\u00e9 pu\u00f1etas est\u00e1 ocurriendo con el ser humano, con la sociedad en que vivimos, con el mundo que estamos dejando a nuestros hijos\u2026<\/FONT><\/FONT><?xml:namespace prefix = o ns = \"urn:schemas-microsoft-com:office:office\" \/><o:p><FONT face=\"Times New Roman\" size=3> <\/FONT><\/o:p><\/p>\n<p> <P class=MsoNormal style=\"MARGIN: 0cm 0cm 0pt; TEXT-ALIGN: justify\"><FONT size=3><FONT face=\"Times New Roman\"><SPAN style=\"mso-tab-count: 1\"><\/SPAN>No podemos preguntarnos qui\u00e9n es el culpable porque lo somos todos. No el macho que mata a su mujer porque \u00e9sta decide separarse de \u00e9l y no seguir soportando su maltrato; no los j\u00f3venes que son capaces de torturar a un animalico hasta matarlo;<SPAN style=\"mso-spacerun: yes\"> <\/SPAN>no la fuerza bruta, al menos, no s\u00f3lo ella, sino esta sociedad narcotizada de violencia, ignorancia, estupidez, falta de valores, manipulada, lasa\u2026 esta sociedad llena de tiernas madres que permiten, sin inmutarse, que sus peque\u00f1os infantes arranquen plantas de los jardines y vayan dando patadas a papeleras, mobiliario p\u00fablico, y cuanto se les pone por delante. Tiernas madres que se plantan en colegios y abofetean a los profesores que se han dignado reprender a sus v\u00e1stagos. Mam\u00e1s que se comen, literalmente, a quienes se atrevan a coartar cualquier acto vand\u00e1lico de sus criaturitas\u2026 Esas mujeres equivocadamente consentidoras que impiden que sea la \u201ctribu entera\u201d quien les ayude a educar, y esos padres que hacen, igualmente, dejaci\u00f3n de su papel, son culpables de igual modo. Y son culpables los programas que nos anestesian la conciencia y exilian la cultura del esfuerzo, porque ahora lo importante para triunfar en la vida es ser inculta, soez hasta decir basta, ordinaria, vulgar y, si puede ser, m\u00e1s puta que las gallinas (con perd\u00f3n de las gallinas) \u00bfPara qu\u00e9 se van a esforzar nuestros hijos? Triunfando z\u00e1nganos<SPAN style=\"mso-spacerun: yes\"> <\/SPAN>y golfas en casas de <I style=\"mso-bidi-font-style: normal\">granhermanos<\/I> y como tertulianos por ser l@ amantes de los ex<SPAN style=\"mso-spacerun: yes\"> <\/SPAN>del marido o la mujer de alg\u00fan famoso\u2026 Y culpables todos los que consentimos semejante desprop\u00f3sito.<\/FONT><\/FONT><\/p>\n<p> <P class=MsoNormal style=\"MARGIN: 0cm 0cm 0pt; TEXT-ALIGN: justify\"><FONT size=3><FONT face=\"Times New Roman\"><SPAN style=\"mso-tab-count: 1\"><\/SPAN>\u00bfTenemos lo que nos merecemos? Qu\u00e9 pena me responder a eso.<\/FONT><\/FONT><\/p>\n","protected":false},"excerpt":{"rendered":"<p>Las im\u00e1genes en la televisi\u00f3n escup\u00edan un hatajo de bestias, mucho m\u00e1s animales que las pobres y peque\u00f1as vaquillas (anda que como hubiese sido un miura, le hubieran tocado menos los\u2026) a las que tiraban con sa\u00f1a del rabo, de los cuernos, de las patas\u2026 les pegaban, les empujaban entre una algarab\u00eda salvaje hasta matarlas, [&hellip;]<\/p>\n","protected":false},"author":17,"featured_media":0,"comment_status":"open","ping_status":"closed","sticky":false,"template":"","format":"standard","meta":[],"categories":[2],"tags":[],"_links":{"self":[{"href":"https:\/\/blogs.laverdad.es\/anamariatomas\/wp-json\/wp\/v2\/posts\/57"}],"collection":[{"href":"https:\/\/blogs.laverdad.es\/anamariatomas\/wp-json\/wp\/v2\/posts"}],"about":[{"href":"https:\/\/blogs.laverdad.es\/anamariatomas\/wp-json\/wp\/v2\/types\/post"}],"author":[{"embeddable":true,"href":"https:\/\/blogs.laverdad.es\/anamariatomas\/wp-json\/wp\/v2\/users\/17"}],"replies":[{"embeddable":true,"href":"https:\/\/blogs.laverdad.es\/anamariatomas\/wp-json\/wp\/v2\/comments?post=57"}],"version-history":[{"count":0,"href":"https:\/\/blogs.laverdad.es\/anamariatomas\/wp-json\/wp\/v2\/posts\/57\/revisions"}],"wp:attachment":[{"href":"https:\/\/blogs.laverdad.es\/anamariatomas\/wp-json\/wp\/v2\/media?parent=57"}],"wp:term":[{"taxonomy":"category","embeddable":true,"href":"https:\/\/blogs.laverdad.es\/anamariatomas\/wp-json\/wp\/v2\/categories?post=57"},{"taxonomy":"post_tag","embeddable":true,"href":"https:\/\/blogs.laverdad.es\/anamariatomas\/wp-json\/wp\/v2\/tags?post=57"}],"curies":[{"name":"wp","href":"https:\/\/api.w.org\/{rel}","templated":true}]}}