{"id":59,"date":"2010-06-12T20:40:00","date_gmt":"2010-06-12T20:40:00","guid":{"rendered":"http:\/\/blogs.laverdad.es\/anamariatomas\/?p=59"},"modified":"2010-06-12T20:40:00","modified_gmt":"2010-06-12T20:40:00","slug":"la-sonrisa-descara","status":"publish","type":"post","link":"https:\/\/blogs.laverdad.es\/anamariatomas\/2010\/06\/12\/la-sonrisa-descara\/","title":{"rendered":"LA SONRISA DESCAR\u00c1"},"content":{"rendered":"<p><P class=MsoNormal style=\"MARGIN: 0cm 0cm 0pt; TEXT-ALIGN: justify\"><FONT face=\"Times New Roman\" size=3><IMG class=imgizqda id=img_0 src=\"\/anamariatomas\/wp-content\/uploads\/sites\/17\">Mucho ha llovido desde que do\u00f1a Sara Montiel pregonara en su canci\u00f3n<SPAN style=\"mso-spacerun: yes\"> <\/SPAN>la \u201csonrisa descar\u00e1\u201d y la almidonada falda que luc\u00eda la florista de nardos por la calle de Alcal\u00e1. Supuestamente, hemos caminado en la direcci\u00f3n en donde el descaro de la sonrisa se ha extendido al de la vestimenta, de forma que podr\u00edamos ponernos lo que nos saliera de los mism\u00edsimos\u2026 pero\u2026 Como siempre y una vez m\u00e1s, parece ser que eso de ponerse lo que a uno le sale del armario queda reducido al \u00e1mbito masculino porque al de las m\u00e1s-culonas (que dir\u00eda Aido), o sea, al de las chicas, nanay del Parag\u00fcay. No, no enga\u00f1emos. Podemos pensar que somos libres para colocar sobre nuestros cuerpos el vestido que consideremos oportuno, c\u00f3modo o, simplemente, que nos guste porque realza nuestros hombros, nuestras caderas o cualesquiera de los innumerables y maravillosos atributos con los que nos ha bendecido la madre naturaleza o el cirujano de turno, y de los que nos sentimos orgullosas. Podemos pensarlo, claro, podemos enga\u00f1arnos, claro, pero ese enga\u00f1o durar\u00eda lo justo hasta que cuatro compa\u00f1eros de trabajo, m\u00e1s salidos que el rabo de una sart\u00e9n, se pasaran el tiempo del trabajo dedicando sus ojos a nuestras carnes en lugar de hacerlo a sus papeles. \u00bfQu\u00e9 creen ustedes que har\u00eda un jefe inteligente? Yo pienso que cualquier cosa, como por ejemplo, meterle los dedos en los ojos a los empleados que pierden el tiempo, pero nada con quien te\u00f3ricamente cumpla con su trabajo por muy ajustado que lleve el vestido.<\/FONT><\/p>\n<p> <P class=MsoNormal style=\"MARGIN: 0cm 0cm 0pt; TEXT-ALIGN: justify\"><FONT size=3><FONT face=\"Times New Roman\"><SPAN style=\"mso-tab-count: 2\"><\/SPAN>Sin embargo, Brenda, una chica que trabajaba para un importante banco de EEUU, ha sido despedida por ser guapa y vestirse con ropa favorecedora, o sea, que intensifique sus encantos.<\/FONT><\/FONT><\/p>\n<p> <P class=MsoNormal style=\"MARGIN: 0cm 0cm 0pt; TEXT-ALIGN: justify\"><FONT size=3><FONT face=\"Times New Roman\"><SPAN style=\"mso-spacerun: yes\"><\/SPAN><SPAN style=\"mso-tab-count: 2\"><\/SPAN>Nunca he entendido, ni, por supuesto, compartido la idea de tener que demostrar nuestra val\u00eda intelectual desatendiendo nuestro aspecto f\u00edsico. Respeto a mujeres muy inteligentes que se dejan vestir por sus peores enemigos como si eso fuera condici\u00f3n indispensable para ser tenidas en cuenta culturalmente hablando pero, sinceramente, me parece innecesario y absurdo. Se puede ser un \u201cpeaso\u201d de cerebro y, adem\u00e1s, una mujer tremendamente seductora, sensual, atractiva y sabedora de c\u00f3mo explotar esos encantos, y eso no la convierte en est\u00fapida o ineficaz en su trabajo.<\/FONT><\/FONT><\/p>\n<p> <P class=MsoNormal style=\"MARGIN: 0cm 0cm 0pt; TEXT-ALIGN: justify\"><FONT size=3><FONT face=\"Times New Roman\"><SPAN style=\"mso-tab-count: 2\"><\/SPAN>No se puede decir lo mismo de quienes utilizan la cabeza de entre las piernas mucho m\u00e1s que la de encima de los hombros. Dicen que Dios le dijo a Ad\u00e1n: \u201cTengo para ti una noticia buena y otra mala. La buena es que tendr\u00e1s dos cerebros, la mala es que no tendr\u00e1s sangre suficiente para regar los dos a la vez\u201d. O sea, que cuando la sangre bombea el de abajo\u2026 la flagrante estupidez extiende sus dominios en el de arriba. Puedo entender que a los compa\u00f1eros de Brenda<SPAN style=\"mso-spacerun: yes\"> <\/SPAN>se les fuera el santo al cielo cada vez que esta sexy mujer hiciera su aparici\u00f3n en la oficina, pero vamos que, tras los primeros momentos, bien podr\u00edan haberle puesto una soguita al santo y tirar de \u00e9l para abajo. Pero, desde luego, lo que no consigo entender es la actitud del cochino machista del jefe: largarla a ella \u00bfa ella? \u00bfPor vestir ajustada\u2026? \u00bfPor permitirse vestidos superfemeninos en lugar de ir con un saco? \u00bfDeber\u00eda haberse puesto trajes masculinos?<\/FONT><\/FONT><\/p>\n<p> <P class=MsoNormal style=\"MARGIN: 0cm 0cm 0pt; TEXT-ALIGN: justify\"><FONT size=3><FONT face=\"Times New Roman\"><SPAN style=\"mso-tab-count: 2\"><\/SPAN>Vale, es un t\u00edo como los imb\u00e9ciles incapaces de concentrarse en su trabajo ante una mujer bonita, pero \u00bfpor qu\u00e9 no toma medidas contra ellos? \u00bfpor qu\u00e9 no les coloca unas orejeras como a los burros para que no puedan ver m\u00e1s que lo que tienen delante y les pone delante s\u00f3lo y \u00fanicamente trabajo? Y, finalmente, \u00bfpor qu\u00e9 no los despide a ellos?<\/FONT><\/FONT><\/p>\n<p> <P class=MsoNormal style=\"MARGIN: 0cm 0cm 0pt; TEXT-ALIGN: justify\"><FONT size=3><FONT face=\"Times New Roman\"><SPAN style=\"mso-tab-count: 2\"><\/SPAN>Esto de la vestimenta en el trabajo tiene m\u00e1s agujeros que el queso <I style=\"mso-bidi-font-style: normal\">gruy\u00e8re,<\/I> casi siempre en detrimento de la mujer, as\u00ed que nos encontramos con jefecillos que obligan a sus trabajadoras a no llevar, debajo de la batita de uniforme, m\u00e1s que la ropa interior. Cosa que no les piden a los hombres. \u00bfPor qu\u00e9 una mujer debe vender gafas (caso real de una \u00f3ptica en Espa\u00f1a) en sujetador,<SPAN style=\"mso-spacerun: yes\"> <\/SPAN>braga y bata, y un hombre no lo hace en calzoncillos? En calzoncillos y batiiiita, por supuesto. \u00bfPor qu\u00e9 las enfermeras de algunos hospitales no pueden vestir los c\u00f3modos pantalones que usan sus hom\u00f3logos en lugar de ir con la faldita obligatoria para ellas? o \u00bfPor qu\u00e9 una mujer que decide ir a su trabajo con un vestido que enaltezca sus pechos es despedida sin m\u00e1s s\u00f3lo porque los gilipollas de sus compa\u00f1eros le miran las tetas? \u00bfAcaso no saben que las mujeres tenemos asumido que los hombres no nos miran a los ojos porque los tenemos un par de palmos m\u00e1s arriba de donde deber\u00edamos tenerlos?<\/FONT><\/FONT><\/p>\n<p> <P class=MsoNormal style=\"MARGIN: 0cm 0cm 0pt; TEXT-ALIGN: justify\"><FONT size=3><FONT face=\"Times New Roman\"><SPAN style=\"mso-tab-count: 2\"><\/SPAN>Y nos creemos, por este primer mundo, que hemos conquistado la igualdad\u2026 Claro que, como dijo Timothy Leary: \u201cA las mujeres que pretenden ser iguales que los hombres les falta ambici\u00f3n\u201d<\/FONT><\/FONT><\/p>\n","protected":false},"excerpt":{"rendered":"<p>Mucho ha llovido desde que do\u00f1a Sara Montiel pregonara en su canci\u00f3n la \u201csonrisa descar\u00e1\u201d y la almidonada falda que luc\u00eda la florista de nardos por la calle de Alcal\u00e1. Supuestamente, hemos caminado en la direcci\u00f3n en donde el descaro de la sonrisa se ha extendido al de la vestimenta, de forma que podr\u00edamos ponernos [&hellip;]<\/p>\n","protected":false},"author":17,"featured_media":0,"comment_status":"open","ping_status":"closed","sticky":false,"template":"","format":"standard","meta":[],"categories":[2],"tags":[],"_links":{"self":[{"href":"https:\/\/blogs.laverdad.es\/anamariatomas\/wp-json\/wp\/v2\/posts\/59"}],"collection":[{"href":"https:\/\/blogs.laverdad.es\/anamariatomas\/wp-json\/wp\/v2\/posts"}],"about":[{"href":"https:\/\/blogs.laverdad.es\/anamariatomas\/wp-json\/wp\/v2\/types\/post"}],"author":[{"embeddable":true,"href":"https:\/\/blogs.laverdad.es\/anamariatomas\/wp-json\/wp\/v2\/users\/17"}],"replies":[{"embeddable":true,"href":"https:\/\/blogs.laverdad.es\/anamariatomas\/wp-json\/wp\/v2\/comments?post=59"}],"version-history":[{"count":0,"href":"https:\/\/blogs.laverdad.es\/anamariatomas\/wp-json\/wp\/v2\/posts\/59\/revisions"}],"wp:attachment":[{"href":"https:\/\/blogs.laverdad.es\/anamariatomas\/wp-json\/wp\/v2\/media?parent=59"}],"wp:term":[{"taxonomy":"category","embeddable":true,"href":"https:\/\/blogs.laverdad.es\/anamariatomas\/wp-json\/wp\/v2\/categories?post=59"},{"taxonomy":"post_tag","embeddable":true,"href":"https:\/\/blogs.laverdad.es\/anamariatomas\/wp-json\/wp\/v2\/tags?post=59"}],"curies":[{"name":"wp","href":"https:\/\/api.w.org\/{rel}","templated":true}]}}