{"id":61,"date":"2010-06-21T19:27:00","date_gmt":"2010-06-21T19:27:00","guid":{"rendered":"http:\/\/blogs.laverdad.es\/anamariatomas\/?p=61"},"modified":"2010-06-21T19:27:00","modified_gmt":"2010-06-21T19:27:00","slug":"derechos-de-quien","status":"publish","type":"post","link":"https:\/\/blogs.laverdad.es\/anamariatomas\/2010\/06\/21\/derechos-de-quien\/","title":{"rendered":"DERECHOS \u00bfDE QUI\u00c9N?"},"content":{"rendered":"<p><P class=MsoNormal style=\"MARGIN: 0cm 0cm 0pt; TEXT-ALIGN: justify\"><FONT face=\"Times New Roman\" size=3><IMG class=imgdcha id=img_0 src=\"\/anamariatomas\/wp-content\/uploads\/sites\/17\">Confieso mi total descreimiento en la justicia, mi absoluta decepci\u00f3n ante un sistema en donde s\u00f3lo parece que hay derechos para criminales y gentuza. Me duelo de la falta de recursos que tienen los jueces para ejercer, no las leyes, pero s\u00ed la justicia que, puede que parezca lo mismo, pero, desgraciadamente, no lo es. Lamento -y no consigo entender- que una persona pase unos cuantos y largos a\u00f1os estudiando Derecho (derecho o torcido, perm\u00edtaseme la licencia) para tener que defender, como hace poco hac\u00eda un letrado, a cinco hijoputas sin presunci\u00f3n alguna de inocencia que hab\u00edan violado a una ni\u00f1a de doce a\u00f1os y hab\u00edan colgado las im\u00e1genes en Internet. \u00bfQu\u00e9 quieren que les diga? Determinadas actuaciones del mundo de la justicia me resultan m\u00e1s vomitivas que meterme los dedos al galillo.<\/FONT><\/p>\n<p> <P class=MsoNormal style=\"MARGIN: 0cm 0cm 0pt; TEXT-ALIGN: justify\"><FONT size=3><FONT face=\"Times New Roman\"><SPAN style=\"mso-tab-count: 1\"><\/SPAN>Hace unos d\u00edas, saltaron a los medios de comunicaci\u00f3n dos noticias, una trataba de una se\u00f1ora que viv\u00eda en el centro de Madrid y decidi\u00f3 mudarse a las afueras intentando evitar ruidos y tr\u00e1fico. En una de sus \u00faltimas visitas a su anterior domicilio para llevarse algunos recuerdos que hab\u00eda dejado, puesto que, pensando en alquilar la casa la dej\u00f3 con muebles, se encontr\u00f3 con una nueva cerradura, y unas personas (por llamarlas de alguna manera) que se le hab\u00edan metido en su casa por toda la cara y se negaban a abrirle la puerta. Evidentemente, denunci\u00f3 el tema y pidi\u00f3 ayuda a la polic\u00eda para entrar a su propia casa, pero, ante la total y absoluta sorpresa de ella y de cualquiera que lo escuchara, le dijeron que no pod\u00edan hacer nada porque, si ella derribaba la puerta, ser\u00eda acusada de allanamiento de morada y que, al menos en dos a\u00f1os, no podr\u00edan hacer nada. \u00bfC\u00f3mo se les queda el cuerpo? Les aseguro que lo estaba viendo en televisi\u00f3n y no me lo pod\u00eda creer. Durante toda una tarde se le dedic\u00f3 un programa entero al tema puesto que esto no es un caso aislado, montones de personas que se han cambiado de vivienda han perdido la que han dejado porque una tarea de sinverg\u00fcenzas les impide recuperarlas. Y quede claro que cuando digo sinverg\u00fcenzas no me estoy refiriendo a los mendas lerendas aprovechados que se instalan en las casas, sino a quienes tienen la obligaci\u00f3n de legislar para proteger a los ciudadanos y no lo hacen.<\/FONT><\/FONT><\/p>\n<p> <P class=MsoNormal style=\"MARGIN: 0cm 0cm 0pt; TEXT-ALIGN: justify\"><FONT size=3><FONT face=\"Times New Roman\"><SPAN style=\"mso-tab-count: 1\"><\/SPAN>Hablaban de derechos, de los derechos de quienes al no tener una vivienda se dedican a agenciarse la de cualquier otro vecino, pero \u00bfd\u00f3nde est\u00e1n los derechos de esos otros vecinos? A m\u00ed me ense\u00f1aron que mis derechos acaban donde empiezan los de los dem\u00e1s, pero ahora parece que s\u00f3lo hay derechos y derechos (s\u00f3lo se oye hablar de derechos y no de obligaciones) de<SPAN style=\"mso-spacerun: yes\"> <\/SPAN>aquellos que no respetan ninguno. <\/FONT><\/FONT><\/p>\n<p> <P class=MsoNormal style=\"MARGIN: 0cm 0cm 0pt; TEXT-ALIGN: justify\"><FONT size=3><FONT face=\"Times New Roman\"><SPAN style=\"mso-tab-count: 1\"><\/SPAN>La se\u00f1ora del piso en cuesti\u00f3n tendr\u00eda unos sesenta y alg\u00fan a\u00f1o, vamos, una edad como para encontrar un trabajo con absoluta facilidad. Seg\u00fan ella, vive con una pensi\u00f3n de unos cuatrocientos euros del paro y so\u00f1aba con disponer de una peque\u00f1a cantidad, proveniente del alquiler de su vivienda, que le permitiera alg\u00fan capricho alimentario. As\u00ed que ya puede ir haci\u00e9ndose a la idea de la dieta del pollo y pan. <\/FONT><\/FONT><\/p>\n<p> <P class=MsoNormal style=\"MARGIN: 0cm 0cm 0pt; TEXT-ALIGN: justify\"><FONT size=3><FONT face=\"Times New Roman\"><SPAN style=\"mso-tab-count: 1\"><\/SPAN>La indignaci\u00f3n de los vecinos ante las l\u00e1grimas de impotencia de la pobre mujer era ostensible. \u201cV\u00e1yase a la casa del juez, p\u00e9guele una <I style=\"mso-bidi-font-style: normal\">pat\u00e1<\/I> a su cerradura y m\u00e9tase dentro, a ver si hace lo mismo que le ha dicho que haga usted\u201d, le dec\u00edan. Y lo peor de todo no es ya que se quede dos a\u00f1os sin casa, es que se la dejar\u00e1n inutilizada para los restos. La gente que suele hacer eso no tiene el menor atisbo de c\u00f3mo cuidar las cosas. El d\u00eda que repartieron en el cielo el respeto y la limpieza estaban de excursi\u00f3n. Adem\u00e1s, qu\u00e9 co\u00f1o les importa a ellos cuidar m\u00e1s o menos lo que no les ha costado ni un c\u00e9ntimo conseguir\u2026 Derechos\u2026 Me hablan de derechos\u2026 \u00bfDe qui\u00e9n? \u00bfQui\u00e9n protege a los ciudadanos honrados frente a quienes vienen exigiendo derechos sin acompa\u00f1ar esa palabra de las obligaciones que todo derecho conlleva?<\/FONT><\/FONT><\/p>\n<p> <P class=MsoNormal style=\"MARGIN: 0cm 0cm 0pt; TEXT-ALIGN: justify\"><FONT size=3><FONT face=\"Times New Roman\"><SPAN style=\"mso-spacerun: yes\"><\/SPAN><SPAN style=\"mso-tab-count: 1\"><\/SPAN>La otra noticia que termin\u00f3 de desequilibrar la balanza de la injusticia es la de un Guardia Civil al que, seg\u00fan parece, se le ocurri\u00f3 colocarle dos multas falsas a una excu\u00f1ada; bueno, pues la ley le ha ca\u00eddo con todo su peso, porque a los dos a\u00f1os de inhabilitaci\u00f3n a que le han condenado se le han unido cinco de c\u00e1rcel \u00a1Cinco! \u00bfNo es de locos? Estoy totalmente de acuerdo con que a alguien que tiene el deber de cuidar de la ciudadan\u00eda no se le puede permitir irse de rositas si utiliza y se aprovecha de los medios que tiene para ejecutar una especie de venganza personal, pero, joder\u2026, cinco a\u00f1os de c\u00e1rcel cuando estamos hartos de ver a asesinos, violadores y psic\u00f3patas estar en la c\u00e1rcel el periodo de unas breves vacaciones\u2026 pues es que es m\u00e1s de los mismo\u2026 Es que no entiendo nada, pero tengo mucho miedo de tener que servirme de la justicia en alg\u00fan momento de mi vida, por eso\u2026 porque los jueces no imparten justicia, s\u00f3lo y \u00fanicamente se dedican, y probablemente muchos aun en contra de ellos mismos, a ajustarse a una leyes que tal y como est\u00e1 el patio\u2026 cada vez hay m\u00e1s ciudadanos buscando en el diccionario qu\u00e9 es eso del Tali\u00f3n.<\/FONT><\/FONT><\/p>\n<p> <P class=MsoNormal style=\"MARGIN: 0cm 0cm 0pt; TEXT-ALIGN: justify\"><?xml:namespace prefix = o ns = \"urn:schemas-microsoft-com:office:office\" \/><o:p><FONT face=\"Times New Roman\" size=3><\/FONT><\/o:p><\/p>\n<p> <P class=MsoNormal style=\"MARGIN: 0cm 0cm 0pt; TEXT-ALIGN: justify\"><o:p><FONT face=\"Times New Roman\" size=3><\/FONT><\/o:p><\/p>\n<p> <P class=MsoNormal style=\"MARGIN: 0cm 0cm 0pt; TEXT-ALIGN: justify\"><o:p><FONT face=\"Times New Roman\" size=3><\/FONT><\/o:p><\/p>\n","protected":false},"excerpt":{"rendered":"<p>Confieso mi total descreimiento en la justicia, mi absoluta decepci\u00f3n ante un sistema en donde s\u00f3lo parece que hay derechos para criminales y gentuza. Me duelo de la falta de recursos que tienen los jueces para ejercer, no las leyes, pero s\u00ed la justicia que, puede que parezca lo mismo, pero, desgraciadamente, no lo es. [&hellip;]<\/p>\n","protected":false},"author":17,"featured_media":0,"comment_status":"open","ping_status":"closed","sticky":false,"template":"","format":"standard","meta":[],"categories":[2],"tags":[],"_links":{"self":[{"href":"https:\/\/blogs.laverdad.es\/anamariatomas\/wp-json\/wp\/v2\/posts\/61"}],"collection":[{"href":"https:\/\/blogs.laverdad.es\/anamariatomas\/wp-json\/wp\/v2\/posts"}],"about":[{"href":"https:\/\/blogs.laverdad.es\/anamariatomas\/wp-json\/wp\/v2\/types\/post"}],"author":[{"embeddable":true,"href":"https:\/\/blogs.laverdad.es\/anamariatomas\/wp-json\/wp\/v2\/users\/17"}],"replies":[{"embeddable":true,"href":"https:\/\/blogs.laverdad.es\/anamariatomas\/wp-json\/wp\/v2\/comments?post=61"}],"version-history":[{"count":0,"href":"https:\/\/blogs.laverdad.es\/anamariatomas\/wp-json\/wp\/v2\/posts\/61\/revisions"}],"wp:attachment":[{"href":"https:\/\/blogs.laverdad.es\/anamariatomas\/wp-json\/wp\/v2\/media?parent=61"}],"wp:term":[{"taxonomy":"category","embeddable":true,"href":"https:\/\/blogs.laverdad.es\/anamariatomas\/wp-json\/wp\/v2\/categories?post=61"},{"taxonomy":"post_tag","embeddable":true,"href":"https:\/\/blogs.laverdad.es\/anamariatomas\/wp-json\/wp\/v2\/tags?post=61"}],"curies":[{"name":"wp","href":"https:\/\/api.w.org\/{rel}","templated":true}]}}