{"id":65,"date":"2010-07-12T13:48:00","date_gmt":"2010-07-12T13:48:00","guid":{"rendered":"http:\/\/blogs.laverdad.es\/anamariatomas\/?p=65"},"modified":"2010-07-12T13:48:00","modified_gmt":"2010-07-12T13:48:00","slug":"yo-soy-espanol-espanol-espanol","status":"publish","type":"post","link":"https:\/\/blogs.laverdad.es\/anamariatomas\/2010\/07\/12\/yo-soy-espanol-espanol-espanol\/","title":{"rendered":"YO SOY ESPA\u00d1OL, ESPA\u00d1OL, ESPA\u00d1OL&#8230;"},"content":{"rendered":"<p><P class=MsoNormal style=\"MARGIN: 0cm 0cm 0pt; TEXT-ALIGN: justify\"><FONT face=\"Times New Roman\" size=3><IMG class=imgcen id=img_0 src=\"\/anamariatomas\/wp-content\/uploads\/sites\/17\">Creo que sobran las palabras para decir cualquier comentario sobre la maravillosa e incre\u00edble Selecci\u00f3n Espa\u00f1ola de F\u00fatbol, sobre c\u00f3mo luchan y c\u00f3mo se han currado llegar hasta la final. Algo que es, a todas luces, hist\u00f3rico, sorprendente, prodigioso\u2026 Pero lo mejor de esta Selecci\u00f3n, lo mejor de este Mundial no acaba en el campo de f\u00fatbol, ni siquiera comienza ah\u00ed y no me estoy refiriendo al trabajo de entrenar o de seleccionar. No. Lo mejor de todo, fuera de lo deportivamente hablando, es que este grupo de t\u00edos buenos, en el mejor y peor sentido de la palabra, han conseguido que haya un sentimiento colectivo de orgullo de Patria. De \u201cesta Patria m\u00eda, de esta Patria nuestra\u201d que cantaba aquella Cecilia en los 70. Un sentimiento sin miedo a que pueda ser empa\u00f1ado con el insulto f\u00e1cil y recurrente de \u201cfacha\u201d. Estos \u201ct\u00edos buenos\u201d han logrado llenar las casas y calles de banderas de Espa\u00f1a y que resuenen con la misma fuerza que las vuvuzelas el \u201cYo soy espa\u00f1ol, espa\u00f1ol, espa\u00f1ol\u201d sin que ni la mism\u00edsima Aida venga a enmendarles la plana con el \u201cyo soy espa\u00f1ol y espa\u00f1ola, t\u00fa eres espa\u00f1ol y espa\u00f1ola, \u00e9l es\u2026\u201d<\/FONT><\/p>\n<p> <P class=MsoNormal style=\"MARGIN: 0cm 0cm 0pt; TEXT-ALIGN: justify\"><FONT size=3><FONT face=\"Times New Roman\"><SPAN style=\"mso-tab-count: 1\"><\/SPAN>Siempre me ha producido envidia y desde luego nada sana (la envidia nunca lo es) el orgullo con el que los americanos, por ejemplo, ostentan su nacionalidad y el respeto hacia la bandera o el himno que los identifica. Aqu\u00ed estamos acobardados (puede que est\u00e9 equivocada, pero es el sentimiento que tengo y estoy segura de que, como yo, muchos otros). Somos tan gilipollamente cobardes, queremos ser tan imb\u00e9cilmente pol\u00edticamente correctos que ponderamos culturas, himnos y banderas del Chichinabo de Abajo o de Arriba, pero no hay huevos, ni ovarios a decir con orgullo el \u201csoy espa\u00f1ol\u201d que ha cruzado, gracias a esta Selecci\u00f3n, de norte a sur el mundo.<\/FONT><\/FONT><\/p>\n<p> <P class=MsoNormal style=\"MARGIN: 0cm 0cm 0pt; TEXT-ALIGN: justify\"><FONT size=3><FONT face=\"Times New Roman\"><SPAN style=\"mso-tab-count: 1\"><\/SPAN>Parte de mis ancestros, por v\u00eda paterna, emigraron a Brasil y all\u00ed se quedaron. Sin embargo llevan a fuego en la sangre sentirse espa\u00f1oles. El pasado mi\u00e9rcoles, nada m\u00e1s terminar el partido, me llamaron varios primos (hermanos del alma) para decirme: \u201c\u00a1Parab\u00e9ns pela vit\u00f3ria, estou torcendo fortemente pela minha segunda p\u00e1tria!\u201d. Como no tienen por qu\u00e9 saberlo, les dir\u00e9 que all\u00ed la hinchada se llama \u201ctorcida\u201d.<\/FONT><\/FONT><\/p>\n<p> <P class=MsoNormal style=\"MARGIN: 0cm 0cm 0pt; TEXT-ALIGN: justify\"><FONT size=3><FONT face=\"Times New Roman\"><SPAN style=\"mso-tab-count: 1\"><\/SPAN>No son s\u00f3lo los adolescentes quienes necesitan sentirse pertenecientes a\u2026 el ser humano necesita, para sentirse seguro, saber que pertenece a un grupo, a una tierra, a una cultura, pero, no s\u00e9 por qu\u00e9, no alcanzo a entender la raz\u00f3n, una parte de espa\u00f1oles no s\u00f3lo reniega de su condici\u00f3n, sino que califica a aquellos otros que hacen ostentaci\u00f3n de esa pertenencia como fachas. Casi como un insulto sin\u00f3nimo de intolerante. <\/FONT><\/FONT><\/p>\n<p> <P class=MsoNormal style=\"MARGIN: 0cm 0cm 0pt; TEXT-ALIGN: justify\"><FONT size=3><FONT face=\"Times New Roman\"><SPAN style=\"mso-tab-count: 1\"><\/SPAN>No ayuda, para nada, el clima pol\u00edtico actual, la intolerancia por parte de unos y otros, o sea, de la izquierda y la derecha porque aqu\u00ed el tema de los partidos pol\u00edticos son habas contadas.<\/FONT><\/FONT><\/p>\n<p> <P class=MsoNormal style=\"MARGIN: 0cm 0cm 0pt; TEXT-ALIGN: justify\"><FONT size=3><FONT face=\"Times New Roman\"><SPAN style=\"mso-tab-count: 1\"><\/SPAN>Sin embargo\u2026 a veces, el deporte nos da la lecci\u00f3n que deber\u00edan darnos los pol\u00edticos y, en lugar de diversificar las voces exclamando yo soy manchego, yo soy andaluz, yo soy vasco o yo soy catal\u00e1n\u2026 gritan uniendo voces y ejemplo el \u201cyo soy espa\u00f1ol\u201d.<\/FONT><\/FONT><\/p>\n<p> <P class=MsoNormal style=\"MARGIN: 0cm 0cm 0pt; TEXT-ALIGN: justify\"><FONT size=3><FONT face=\"Times New Roman\"><SPAN style=\"mso-tab-count: 1\"><\/SPAN><?xml:namespace prefix = st1 ns = \"urn:schemas-microsoft-com:office:smarttags\" \/><st1:PersonName w:st=\"on\" ProductID=\"La Selecci?n Espa?ola\">La Selecci\u00f3n Espa\u00f1ola<\/st1:PersonName> nos ha dado una gran lecci\u00f3n de pundonor, constancia, confianza en s\u00ed mismos y trabajo serio y, a pesar de comenzar perdiendo, ha demostrado que siempre es posible variar el rumbo del barco cuando todos reman a la vez y en la misma direcci\u00f3n.<\/FONT><\/FONT><\/p>\n<p> <P class=MsoNormal style=\"MARGIN: 0cm 0cm 0pt; TEXT-ALIGN: justify\"><FONT size=3><FONT face=\"Times New Roman\"><SPAN style=\"mso-tab-count: 1\"><\/SPAN>Qu\u00e9 quieren que les diga, que espero, deseo y creo que ma\u00f1ana vamos a ganar. Lo siento por aquellas empresas que, desconfiando totalmente de nuestros jugadores se atrevieron a ofrecer la devoluci\u00f3n de todas las compras, dentro de una fecha determinada, y que a estas horas, con toda seguridad, andar\u00e1n rezando a san Judas Tadeo y a cuantos santos abogados de lo imposible haya por all\u00e1 arriba para que perdamos. Lo siento por ellos porque esta vez\u2026 lo imposible ser\u00eda perder. <SPAN style=\"COLOR: black\"><?xml:namespace prefix = o ns = \"urn:schemas-microsoft-com:office:office\" \/><o:p><\/o:p><\/SPAN><\/FONT><\/FONT><\/p>\n<p> <P class=MsoNormal style=\"MARGIN: 0cm 0cm 0pt; TEXT-ALIGN: justify\"><o:p><FONT face=\"Times New Roman\" size=3><\/FONT><\/o:p><\/p>\n<p> <P class=MsoNormal style=\"MARGIN: 0cm 0cm 0pt; TEXT-ALIGN: justify\"><o:p><FONT face=\"Times New Roman\" size=3><\/FONT><\/o:p><\/p>\n","protected":false},"excerpt":{"rendered":"<p>Creo que sobran las palabras para decir cualquier comentario sobre la maravillosa e incre\u00edble Selecci\u00f3n Espa\u00f1ola de F\u00fatbol, sobre c\u00f3mo luchan y c\u00f3mo se han currado llegar hasta la final. Algo que es, a todas luces, hist\u00f3rico, sorprendente, prodigioso\u2026 Pero lo mejor de esta Selecci\u00f3n, lo mejor de este Mundial no acaba en el campo [&hellip;]<\/p>\n","protected":false},"author":17,"featured_media":0,"comment_status":"open","ping_status":"closed","sticky":false,"template":"","format":"standard","meta":[],"categories":[2],"tags":[],"_links":{"self":[{"href":"https:\/\/blogs.laverdad.es\/anamariatomas\/wp-json\/wp\/v2\/posts\/65"}],"collection":[{"href":"https:\/\/blogs.laverdad.es\/anamariatomas\/wp-json\/wp\/v2\/posts"}],"about":[{"href":"https:\/\/blogs.laverdad.es\/anamariatomas\/wp-json\/wp\/v2\/types\/post"}],"author":[{"embeddable":true,"href":"https:\/\/blogs.laverdad.es\/anamariatomas\/wp-json\/wp\/v2\/users\/17"}],"replies":[{"embeddable":true,"href":"https:\/\/blogs.laverdad.es\/anamariatomas\/wp-json\/wp\/v2\/comments?post=65"}],"version-history":[{"count":0,"href":"https:\/\/blogs.laverdad.es\/anamariatomas\/wp-json\/wp\/v2\/posts\/65\/revisions"}],"wp:attachment":[{"href":"https:\/\/blogs.laverdad.es\/anamariatomas\/wp-json\/wp\/v2\/media?parent=65"}],"wp:term":[{"taxonomy":"category","embeddable":true,"href":"https:\/\/blogs.laverdad.es\/anamariatomas\/wp-json\/wp\/v2\/categories?post=65"},{"taxonomy":"post_tag","embeddable":true,"href":"https:\/\/blogs.laverdad.es\/anamariatomas\/wp-json\/wp\/v2\/tags?post=65"}],"curies":[{"name":"wp","href":"https:\/\/api.w.org\/{rel}","templated":true}]}}