{"id":68,"date":"2010-08-21T11:54:00","date_gmt":"2010-08-21T11:54:00","guid":{"rendered":"http:\/\/blogs.laverdad.es\/anamariatomas\/?p=68"},"modified":"2010-08-21T11:54:00","modified_gmt":"2010-08-21T11:54:00","slug":"cerrado-vacaciones","status":"publish","type":"post","link":"https:\/\/blogs.laverdad.es\/anamariatomas\/2010\/08\/21\/cerrado-vacaciones\/","title":{"rendered":"CERRADO POR VACACIONES"},"content":{"rendered":"<p><P class=MsoNormal style=\"MARGIN: 0cm 0cm 0pt\"><FONT size=3><FONT face=\"Times New Roman\">Jajajaja, pues no, amigo Farmac\u00e9utico, mi hombre no me ha retirado, ni, por el momento, he salido de la Redacci\u00f3n porque el Presidente de la Comunidad de Murcia tenga a bien leer mis poemas, cosa que me enorgullece. Lo que s\u00ed he hecho ha sido salir de la &#8220;civilizaci\u00f3n&#8221;<SPAN style=\"mso-spacerun: yes\">  <\/SPAN>y ayunar de letras, m\u00e1s que nada porque donde estoy no tengo cierta facilidad de conexi\u00f3n.<?xml:namespace prefix = o ns = \"urn:schemas-microsoft-com:office:office\" \/><o:p><\/o:p><\/FONT><\/FONT><\/p>\n<p> <P class=MsoNormal style=\"MARGIN: 0cm 0cm 0pt\"><FONT size=3><FONT face=\"Times New Roman\">En estos momentos estoy en un ciber pero hasta septiembre no estar\u00e9 operativa, al menos por estos lares, aunque antes de irme me dejo los deberes hechos y mis art\u00edculos siguen saliendo los s\u00e1bados en el peri\u00f3dico &#8220;La Verdad&#8221;. <\/FONT><\/FONT><\/p>\n<p> <P class=MsoNormal style=\"MARGIN: 0cm 0cm 0pt\"><FONT size=3><FONT face=\"Times New Roman\">Lo que ocurre con quienes nos sentimos aprendices de escritor es que ni en  vacaciones somos capaces de dejar la mente quieta y andamos colocando o\u00eddos y echando ojos a cuanto nos rodea para cargar la mochila de palabras que m\u00e1s tarde ir\u00e1n saliendo de una u otra forma.<\/FONT><\/FONT><\/p>\n<p> <P class=MsoNormal style=\"MARGIN: 0cm 0cm 0pt\"><FONT face=\"Times New Roman\" size=3>Entiendo que mi deber con mis amigos blogueros hubiera sido despedirme  por el tiempo que estar\u00eda de vacaciones, pero todo fue tan r\u00e1pido y se me juntaron tantas &#8220;obligaciones&#8221; que dejarme cerradas que una vez m\u00e1s se cumpli\u00f3 el &#8220;primero es la obligaci\u00f3n que la devoci\u00f3n&#8221;. Por si sirve&#8230; vayan mis disculpas con cierto atraso.<\/FONT><\/p>\n<p><SPAN style=\"FONT-SIZE: 12pt; FONT-FAMILY: 'Times New Roman'; mso-fareast-font-family: 'Times New Roman'; mso-fareast-language: ES; mso-ansi-language: ES; mso-bidi-language: AR-SA\">Gracias por la fidelidad mostrada. Hasta prontito. Ana Mar\u00eda Tom\u00e1s<\/SPAN><\/p>\n","protected":false},"excerpt":{"rendered":"<p>Jajajaja, pues no, amigo Farmac\u00e9utico, mi hombre no me ha retirado, ni, por el momento, he salido de la Redacci\u00f3n porque el Presidente de la Comunidad de Murcia tenga a bien leer mis poemas, cosa que me enorgullece. Lo que s\u00ed he hecho ha sido salir de la &#8220;civilizaci\u00f3n&#8221; y ayunar de letras, m\u00e1s que [&hellip;]<\/p>\n","protected":false},"author":17,"featured_media":0,"comment_status":"open","ping_status":"closed","sticky":false,"template":"","format":"standard","meta":[],"categories":[2],"tags":[],"_links":{"self":[{"href":"https:\/\/blogs.laverdad.es\/anamariatomas\/wp-json\/wp\/v2\/posts\/68"}],"collection":[{"href":"https:\/\/blogs.laverdad.es\/anamariatomas\/wp-json\/wp\/v2\/posts"}],"about":[{"href":"https:\/\/blogs.laverdad.es\/anamariatomas\/wp-json\/wp\/v2\/types\/post"}],"author":[{"embeddable":true,"href":"https:\/\/blogs.laverdad.es\/anamariatomas\/wp-json\/wp\/v2\/users\/17"}],"replies":[{"embeddable":true,"href":"https:\/\/blogs.laverdad.es\/anamariatomas\/wp-json\/wp\/v2\/comments?post=68"}],"version-history":[{"count":0,"href":"https:\/\/blogs.laverdad.es\/anamariatomas\/wp-json\/wp\/v2\/posts\/68\/revisions"}],"wp:attachment":[{"href":"https:\/\/blogs.laverdad.es\/anamariatomas\/wp-json\/wp\/v2\/media?parent=68"}],"wp:term":[{"taxonomy":"category","embeddable":true,"href":"https:\/\/blogs.laverdad.es\/anamariatomas\/wp-json\/wp\/v2\/categories?post=68"},{"taxonomy":"post_tag","embeddable":true,"href":"https:\/\/blogs.laverdad.es\/anamariatomas\/wp-json\/wp\/v2\/tags?post=68"}],"curies":[{"name":"wp","href":"https:\/\/api.w.org\/{rel}","templated":true}]}}