{"id":70,"date":"2010-09-07T12:34:00","date_gmt":"2010-09-07T12:34:00","guid":{"rendered":"http:\/\/blogs.laverdad.es\/anamariatomas\/?p=70"},"modified":"2010-09-07T12:34:00","modified_gmt":"2010-09-07T12:34:00","slug":"no-es-justo","status":"publish","type":"post","link":"https:\/\/blogs.laverdad.es\/anamariatomas\/2010\/09\/07\/no-es-justo\/","title":{"rendered":"NO ES JUSTO"},"content":{"rendered":"<p class=\"MsoNormal\" style=\"text-align:justify\"><span style=\"mso-spacerun:yes\"> <\/span>Atravieso un mercadillo semanal de una de las muchas zonas playeras mientras camino detr\u00e1s de una madre que tira, impotente, de un \u201ccriaturo\u201d de no m\u00e1s de cuatro a\u00f1os que, al parecer, tiene un sentido de la justicia de lo m\u00e1s exacerbado. El nene, totalmente enrabietado, repite gritando como un poseso: \u201cNo es justo, no es justo\u2026\u201d Una, que tiene deformaci\u00f3n profesional y anda a todas horas con el sexto sentido desplegado almacenando experiencias propias y ajenas para transformarlas en historias, pone el o\u00eddo y aminora el paso para enterarse de cu\u00e1l es la injusticia que tortura al angelito.<\/p>\n<p class=\"MsoNormal\" style=\"text-align:justify\"><span style=\"mso-tab-count:1\">            <\/span>Al parecer, la madre le hab\u00eda comprado un par de juguetes de uno de los puestos, m\u00e1s un helado de chocolate y ya le hab\u00eda dicho \u201cbasta\u201d a la petici\u00f3n de alguna otra cosa requerida por el chico, as\u00ed que \u00e9l, entre l\u00e1grimas y tirones, repet\u00eda lo injusto que era el mundo con \u00e9l.<\/p>\n<p class=\"MsoNormal\" style=\"text-align:justify\"><span style=\"mso-tab-count:1\">            <\/span>No son m\u00e1s de las seis de una t\u00f3rrida tarde de agosto. Hace un calor espantoso y, aunque todos los puestos de fruta est\u00e1n colocados, todav\u00eda faltan por desplegar<span style=\"mso-spacerun:yes\">  <\/span>algunos de bisuter\u00eda y ropa.<\/p>\n<p class=\"MsoNormal\" style=\"text-align:justify\"><span style=\"mso-tab-count:1\">            <\/span>Fijo mis ojos en una furgoneta de puertas abiertas desde donde procede el llanto inconsolable de un beb\u00e9 de poco m\u00e1s de un a\u00f1o que, sujeto por el cintur\u00f3n de seguridad del asiento, est\u00e1 empapado en sus propias l\u00e1grimas y sudor. Junto a la furgoneta, un ni\u00f1o de unos siete a\u00f1os, m\u00e1s o menos, transporta -o, al menos, lo intenta- una enorme persiana enrollada con el fin de extenderla a modo de mostrador sobre unos caballetes que anda colocando su madre, una mujer hispanoamericana. La evidencia es m\u00e1s que palpable y el peso de la persiana hace tropezar al ni\u00f1o que, en un movimiento reflejo para guardar el equilibrio, suelta el fardo. Su madre se acerca presurosa a \u00e9l y, sin mediar palabra, le propina un buen pescoz\u00f3n como recompensa por su torpeza mientras le arrebata la persiana y la coloca finalmente extendida sobre los soportes. El ni\u00f1o se sorbe los mocos y se limpia las l\u00e1grimas con el antebrazo sin detenerse en ning\u00fan momento y contin\u00faa sacando de la furgoneta enormes retales atados conteniendo ropas, pulseras y otros abalorios. El beb\u00e9 de dentro de la furgoneta contin\u00faa congestionado por el calor y el llanto pero parece que su madre no lo oyera porque permanece impert\u00e9rrita a su desconsuelo.<\/p>\n<p class=\"MsoNormal\" style=\"text-align:justify\"><span style=\"mso-tab-count:1\">            <\/span>No puedo evitar comparar la situaci\u00f3n de estos ni\u00f1os privados de lo que, sin ser, considerados derechos fundamentales, s\u00ed lo est\u00e1n de tantos otros derechos que una buena parte de otros chiquillos dilapidan a espuertas sin reconocer, ni valorar. A ellos que sufren, a todas claras, una serie de injusticias, no les escucho lamentarse de lo que es justo o no, aceptan las circunstancias dolorosas de su vida sin rebelarse a ellas, sin embargo, ese otro ni\u00f1ato \u2013y muchos otros como \u00e9l-, convertido en una especie de monstruo \u201cjusticiero\u201d tiraniza a su madre porque considera que no tiene suficientemente saciado el inmenso pozo sin fondo de sus caprichos.<\/p>\n<p class=\"MsoNormal\" style=\"text-align:justify\"><span style=\"mso-tab-count:1\">            <\/span>Y unos y otros crecen, para desgracia de ambos, sin tener la posibilidad de intercambiar sus vidas, sin conocer qu\u00e9 ocurrir\u00eda con unos si, en lugar de \u201ccastigar\u201d a sus madres por considerar que les son negados parte de los privilegios que, seg\u00fan ellos, les corresponden, tuvieran que soportar un sol infernar mientras montan, d\u00eda tras d\u00eda, un peque\u00f1o puesto ambulante bajo la inflexibilidad y la dureza de una madre que no es que los quiera menos que esa otra que colma de regalos y permisividad a sus hijos, sino que sabe que <st1:personname productid=\"la Vida\" w:st=\"on\">la Vida<\/st1:personname> no les va a andar con pa\u00f1os calientes ni les va a perdonar la incompetencia a la hora de lidiar con todas esas injusticias sin prerrogativa alguna.<\/p>\n<p class=\"MsoNormal\" style=\"text-align:justify\"><span style=\"mso-tab-count:1\">            <\/span>Por otra parte, esos otros ni\u00f1os, que se ven obligados a aprender demasiado pronto cu\u00e1l es el precio de las habichuelas, carecen de un espejo m\u00e1gico en donde, como Alicia, puedan entrar y contemplar, aunque sea fugazmente, una visi\u00f3n prodigiosa de <st1:personname productid=\"la Vida.\" w:st=\"on\">la Vida.<\/st1:personname><\/p>\n<p><IMG src=\"\/anamariatomas\/wp-content\/uploads\/sites\/17\" id=\"img_9\" class=\"imgizqda\"><\/p>\n","protected":false},"excerpt":{"rendered":"<p>Atravieso un mercadillo semanal de una de las muchas zonas playeras mientras camino detr\u00e1s de una madre que tira, impotente, de un \u201ccriaturo\u201d de no m\u00e1s de cuatro a\u00f1os que, al parecer, tiene un sentido de la justicia de lo m\u00e1s exacerbado. El nene, totalmente enrabietado, repite gritando como un poseso: \u201cNo es justo, no [&hellip;]<\/p>\n","protected":false},"author":17,"featured_media":0,"comment_status":"open","ping_status":"closed","sticky":false,"template":"","format":"standard","meta":[],"categories":[2],"tags":[],"_links":{"self":[{"href":"https:\/\/blogs.laverdad.es\/anamariatomas\/wp-json\/wp\/v2\/posts\/70"}],"collection":[{"href":"https:\/\/blogs.laverdad.es\/anamariatomas\/wp-json\/wp\/v2\/posts"}],"about":[{"href":"https:\/\/blogs.laverdad.es\/anamariatomas\/wp-json\/wp\/v2\/types\/post"}],"author":[{"embeddable":true,"href":"https:\/\/blogs.laverdad.es\/anamariatomas\/wp-json\/wp\/v2\/users\/17"}],"replies":[{"embeddable":true,"href":"https:\/\/blogs.laverdad.es\/anamariatomas\/wp-json\/wp\/v2\/comments?post=70"}],"version-history":[{"count":0,"href":"https:\/\/blogs.laverdad.es\/anamariatomas\/wp-json\/wp\/v2\/posts\/70\/revisions"}],"wp:attachment":[{"href":"https:\/\/blogs.laverdad.es\/anamariatomas\/wp-json\/wp\/v2\/media?parent=70"}],"wp:term":[{"taxonomy":"category","embeddable":true,"href":"https:\/\/blogs.laverdad.es\/anamariatomas\/wp-json\/wp\/v2\/categories?post=70"},{"taxonomy":"post_tag","embeddable":true,"href":"https:\/\/blogs.laverdad.es\/anamariatomas\/wp-json\/wp\/v2\/tags?post=70"}],"curies":[{"name":"wp","href":"https:\/\/api.w.org\/{rel}","templated":true}]}}