{"id":72,"date":"2010-09-13T11:15:00","date_gmt":"2010-09-13T11:15:00","guid":{"rendered":"http:\/\/blogs.laverdad.es\/anamariatomas\/?p=72"},"modified":"2010-09-13T11:15:00","modified_gmt":"2010-09-13T11:15:00","slug":"tuerto-con-ojos-malos","status":"publish","type":"post","link":"https:\/\/blogs.laverdad.es\/anamariatomas\/2010\/09\/13\/tuerto-con-ojos-malos\/","title":{"rendered":"TUERTO CON LOS OJOS MALOS"},"content":{"rendered":"<p><IMG src=\"\/anamariatomas\/wp-content\/uploads\/sites\/17\" id=\"img_5\" class=\"imgcen\"><\/p>\n<p class=\"MsoNormal\" style=\"text-align:justify\">Nuestro \u00bfsabio? Refranero, que tiene soluci\u00f3n lo mismo para un roto que para un descosido, recoge varias muestras de lo que viene a ser \u201cllover sobre mojado\u201d, ser \u201ccornudo y apaleado\u201d o \u201ctuerto con los ojos malos\u201d, es decir, a\u00f1adir un mal a otro.<\/p>\n<p class=\"MsoNormal\" style=\"text-align:justify\"><span style=\"mso-tab-count:1\">            <\/span>Siempre me he preguntado por qu\u00e9, en ocasiones, los humanos podemos llegar a ser tan incomprensivos con otros, sobre todo cuando esos otros son inmerecedores de esa actitud. <\/p>\n<p class=\"MsoNormal\" style=\"text-align:justify\"><span style=\"mso-tab-count:1\">            <\/span>Me cuesta digerir c\u00f3mo se comporta, la gran mayor\u00eda de las veces, la sociedad con la familia de quienes se han pasado las normas m\u00e1s elementales por la entrepierna, por no hablar de la actitud de algunos jueces que, al suministrar leyes se abstienen de administrar justicia. Hace unos d\u00edas este mismo peri\u00f3dico hablaba de que <st1:personname productid=\"la Audiencia Provincial\" w:st=\"on\">la  Audiencia Provincial<\/st1:personname> de Murcia impide que los padres de un hombre imputado por la muerte de su esposa vean a sus nietas. Con el agravante de que, al desestimar el recurso, tienen, encima, que cargar con el pago de las costas. Quiero a\u00f1adir que esos abuelos que no pueden ver a sus nietas s\u00ed est\u00e1n obligados a pasarles una m\u00ednima pensi\u00f3n de 200 euros mensuales en concepto de alimentos que, aunque no sea una cantidad como para tirar cohetes, al menos indica que no se han desentendido de esas criaturas.<\/p>\n<p class=\"MsoNormal\" style=\"text-align:justify\"><span style=\"mso-tab-count:1\">            <\/span>Lo que no dec\u00eda el peri\u00f3dico es que el hombre que cometi\u00f3 el crimen contra su esposa se suicid\u00f3 en la c\u00e1rcel y, desde luego, lo que nadie dice por ninguna parte es qu\u00e9 culpa tienen esos padres de que, adem\u00e1s de cargar con la doble pena de perder a la madre de sus nietas y de que haya sido su hijo el ejecutor, se vean obligados a alejarse de esas criaturas como si fuesen unos apestados.<\/p>\n<p class=\"MsoNormal\" style=\"text-align:justify\"><span style=\"mso-tab-count:1\">            <\/span>Los jueces que consideran que no es bueno, psicol\u00f3gicamente para esas ni\u00f1as, que vean a sus abuelos paternos, \u00bfse han preguntado qu\u00e9 culpa tendr\u00edan ellos si uno de sus hijos hubiese sido quien cometiera el asesinato? \u00bfSe deber\u00eda castigar a los padres de los<span style=\"mso-spacerun:yes\">  <\/span>pir\u00f3manos, de los traficantes, de los ladrones, de los violadores o de cualesquiera que se salten normas o c\u00f3digos? \u00bfQu\u00e9 pueden hacer unos padres que comprueban impotentes c\u00f3mo uno de sus hijos se ha convertido en asesino pese a la educaci\u00f3n,<span style=\"mso-spacerun:yes\">  <\/span>los principios, o los valores que le han transmitido\u2026? <\/p>\n<p class=\"MsoNormal\" style=\"text-align:justify\"><span style=\"mso-tab-count:1\">            <\/span>Entiendo y me solidarizo profundamente con el dolor de las familias de las v\u00edctimas, con la rabia y la impotencia que esos padres tienen que sentir (yo no podr\u00eda imaginar que algo as\u00ed le ocurriera a una hija m\u00eda sin volverme loca de dolor)<span style=\"mso-spacerun:yes\">  <\/span>y quiero hacer un esfuerzo por comprender las razones que arguyen los psic\u00f3logos, pero creo que no hace falta ser un genio de la psicolog\u00eda para entender que mantener apartados a esos abuelos no s\u00f3lo es castigarlos injustamente, sino convertirlos en culpables por extensi\u00f3n de algo que no s\u00f3lo no han hecho, sino que tienen que soportar como el m\u00e1s vergonzoso de los estigmas. No haber normalizado, desde el principio, el acercamiento y el roce de nietas y abuelos paternos es lo que realmente puede da\u00f1ar a las ni\u00f1as que, cuando lo tengan que hacer, ser\u00e1 como encontrarse con unos extra\u00f1os por no hablar del resentimiento hacia su padre y todo lo que huela a \u00e9l, con el que esas ni\u00f1as crecer\u00e1n.<\/p>\n<p class=\"MsoNormal\" style=\"text-align:justify\"><span style=\"mso-spacerun:yes\"> <\/span><span style=\"mso-tab-count:1\">           <\/span>Evidentemente hablo desde el sentimiento de amor que tengo a la novia de mi hijo, siempre digo que los hijos biol\u00f3gicos se gestan debajo del coraz\u00f3n y los que \u00e9stos nos traen a nuestra vida crecen dentro de \u00e9l. Y, claro, al pensar as\u00ed puedo perder de vista cierta objetividad cuando las relaciones entre suegros y nuera no sean como las imagino, por tanto, vaya por delante que no s\u00e9 en qu\u00e9 punto de amor o desamor se encontraban, mi reflexi\u00f3n se ci\u00f1e, \u00fanicamente, a pensar, por un momento, en esos padres que tienen el dolor de haber perdido a su hijo (por asesino que sea no deja de ser su hijo) y a su nuera a manos de \u00e9ste. Pero, adem\u00e1s, pocos saben que esos abuelos que no pueden ver a sus nietas, cuando su hijo cometi\u00f3 el asesinato, tuvieron que dejarlo todo: casa, trabajo, negocio, ra\u00edces\u2026 y marcharse a otro lugar. Siempre hay alg\u00fan exaltado dispuesto a hacer pagar a los padres las culpas de los hijos, pero un asesinato no es un cristal roto y tan injusto es pretender hacer culpables a los padres como a los hijos. \u00bfVerdad que nos parecer\u00eda de locos pensar que esas ni\u00f1as tienen la culpa de lo que ha hecho su padre? Pues exactamente igual es desplazar el crimen a los padres del autor.<\/p>\n<p>  <span style=\"font-size:12.0pt;font-family:\"Times New Roman\";mso-fareast-font-family: \"Times New Roman\";mso-ansi-language:ES;mso-fareast-language:ES;mso-bidi-language: AR-SA\"><span style=\"mso-tab-count:1\">            <\/span>Esto, por supuesto, es hablar por hablar, al final lo \u00fanico que cuenta son las leyes, que no la justicia. Y en esas leyes todos seguiremos pagando esa irracionalidad de posicionarnos en uno u otro margen de los acontecimientos de la Vida<\/span><\/p>\n","protected":false},"excerpt":{"rendered":"<p>Nuestro \u00bfsabio? Refranero, que tiene soluci\u00f3n lo mismo para un roto que para un descosido, recoge varias muestras de lo que viene a ser \u201cllover sobre mojado\u201d, ser \u201ccornudo y apaleado\u201d o \u201ctuerto con los ojos malos\u201d, es decir, a\u00f1adir un mal a otro. Siempre me he preguntado por qu\u00e9, en ocasiones, los humanos podemos [&hellip;]<\/p>\n","protected":false},"author":17,"featured_media":0,"comment_status":"open","ping_status":"closed","sticky":false,"template":"","format":"standard","meta":[],"categories":[2],"tags":[],"_links":{"self":[{"href":"https:\/\/blogs.laverdad.es\/anamariatomas\/wp-json\/wp\/v2\/posts\/72"}],"collection":[{"href":"https:\/\/blogs.laverdad.es\/anamariatomas\/wp-json\/wp\/v2\/posts"}],"about":[{"href":"https:\/\/blogs.laverdad.es\/anamariatomas\/wp-json\/wp\/v2\/types\/post"}],"author":[{"embeddable":true,"href":"https:\/\/blogs.laverdad.es\/anamariatomas\/wp-json\/wp\/v2\/users\/17"}],"replies":[{"embeddable":true,"href":"https:\/\/blogs.laverdad.es\/anamariatomas\/wp-json\/wp\/v2\/comments?post=72"}],"version-history":[{"count":0,"href":"https:\/\/blogs.laverdad.es\/anamariatomas\/wp-json\/wp\/v2\/posts\/72\/revisions"}],"wp:attachment":[{"href":"https:\/\/blogs.laverdad.es\/anamariatomas\/wp-json\/wp\/v2\/media?parent=72"}],"wp:term":[{"taxonomy":"category","embeddable":true,"href":"https:\/\/blogs.laverdad.es\/anamariatomas\/wp-json\/wp\/v2\/categories?post=72"},{"taxonomy":"post_tag","embeddable":true,"href":"https:\/\/blogs.laverdad.es\/anamariatomas\/wp-json\/wp\/v2\/tags?post=72"}],"curies":[{"name":"wp","href":"https:\/\/api.w.org\/{rel}","templated":true}]}}