{"id":73,"date":"2010-09-17T10:24:00","date_gmt":"2010-09-17T10:24:00","guid":{"rendered":"http:\/\/blogs.laverdad.es\/anamariatomas\/?p=73"},"modified":"2010-09-17T10:24:00","modified_gmt":"2010-09-17T10:24:00","slug":"tu","status":"publish","type":"post","link":"https:\/\/blogs.laverdad.es\/anamariatomas\/2010\/09\/17\/tu\/","title":{"rendered":"T\u00da"},"content":{"rendered":"<p class=\"MsoList\"><b style=\"mso-bidi-font-weight:normal\"><span style=\"font-size: 14.0pt;font-family:Tahoma;mso-fareast-font-family:\"MS Mincho\"\">T\u00fa fuiste la mano del sal\u00f3n<o:p><\/o:p><\/span><\/strong><\/p>\n<p class=\"MsoList\"><b style=\"mso-bidi-font-weight:normal\"><span style=\"font-size: 14.0pt;font-family:Tahoma;mso-fareast-font-family:\"MS Mincho\"\">que, en el \u00e1ngulo oscuro,<o:p><\/o:p><\/span><\/strong><\/p>\n<p class=\"MsoList\"><b style=\"mso-bidi-font-weight:normal\"><span style=\"font-size: 14.0pt;font-family:Tahoma;mso-fareast-font-family:\"MS Mincho\"\">busc\u00f3 la respuesta en las notas de mi arpa.<o:p><\/o:p><\/span><\/strong><\/p>\n<p class=\"MsoList\"><b style=\"mso-bidi-font-weight:normal\"><span style=\"font-size: 14.0pt;font-family:Tahoma;mso-fareast-font-family:\"MS Mincho\"\">La voz que despierta en mi alma<o:p><\/o:p><\/span><\/strong><\/p>\n<p class=\"MsoList\"><b style=\"mso-bidi-font-weight:normal\"><span style=\"font-size: 14.0pt;font-family:Tahoma;mso-fareast-font-family:\"MS Mincho\"\">los sones dormidos, la inquieta palabra<o:p><\/o:p><\/span><\/strong><\/p>\n<p class=\"MsoList\"><b style=\"mso-bidi-font-weight:normal\"><span style=\"font-size: 14.0pt;font-family:Tahoma;mso-fareast-font-family:\"MS Mincho\"\">que hiberna callada <o:p><\/o:p><\/span><\/strong><\/p>\n<p class=\"MsoList\"><b style=\"mso-bidi-font-weight:normal\"><span style=\"font-size: 14.0pt;font-family:Tahoma;mso-fareast-font-family:\"MS Mincho\"\">al final de la senda m\u00e1s larga.<o:p><\/o:p><\/span><\/strong><\/p>\n<p class=\"MsoList\"><b style=\"mso-bidi-font-weight:normal\"><span style=\"font-size: 14.0pt;font-family:Tahoma;mso-fareast-font-family:\"MS Mincho\"\">T\u00fa fuiste, tambi\u00e9n, mi joyero<o:p><\/o:p><\/span><\/strong><\/p>\n<p class=\"MsoList\"><b style=\"mso-bidi-font-weight:normal\"><span style=\"font-size: 14.0pt;font-family:Tahoma;mso-fareast-font-family:\"MS Mincho\"\">que a golpe de amor<o:p><\/o:p><\/span><\/strong><\/p>\n<p class=\"MsoList\"><b style=\"mso-bidi-font-weight:normal\"><span style=\"font-size: 14.0pt;font-family:Tahoma;mso-fareast-font-family:\"MS Mincho\"\">y cincel de caricias<o:p><\/o:p><\/span><\/strong><\/p>\n<p class=\"MsoList\"><b style=\"mso-bidi-font-weight:normal\"><span style=\"font-size: 14.0pt;font-family:Tahoma;mso-fareast-font-family:\"MS Mincho\"\">desprendiste las capas de roca<o:p><\/o:p><\/span><\/strong><\/p>\n<p class=\"MsoList\"><b style=\"mso-bidi-font-weight:normal\"><span style=\"font-size: 14.0pt;font-family:Tahoma;mso-fareast-font-family:\"MS Mincho\"\">que encerraban en pr\u00edstino brillo<o:p><\/o:p><\/span><\/strong><\/p>\n<p class=\"MsoList\"><b style=\"mso-bidi-font-weight:normal\"><span style=\"font-size: 14.0pt;font-family:Tahoma;mso-fareast-font-family:\"MS Mincho\"\">un caudal de palabra.<o:p><\/o:p><\/span><\/strong><\/p>\n<p class=\"MsoList\"><b style=\"mso-bidi-font-weight:normal\"><span style=\"font-size: 14.0pt;font-family:Tahoma;mso-fareast-font-family:\"MS Mincho\"\">T\u00fa labraste mi tierra,<o:p><\/o:p><\/span><\/strong><\/p>\n<p class=\"MsoList\"><b style=\"mso-bidi-font-weight:normal\"><span style=\"font-size: 14.0pt;font-family:Tahoma;mso-fareast-font-family:\"MS Mincho\"\">de barbechos y piedras sembrada.<o:p><\/o:p><\/span><\/strong><\/p>\n<p class=\"MsoList\"><b style=\"mso-bidi-font-weight:normal\"><span style=\"font-size: 14.0pt;font-family:Tahoma;mso-fareast-font-family:\"MS Mincho\"\">Y esparciste, confiado, en mi suelo<o:p><\/o:p><\/span><\/strong><\/p>\n<p class=\"MsoList\"><b style=\"mso-bidi-font-weight:normal\"><span style=\"font-size: 14.0pt;font-family:Tahoma;mso-fareast-font-family:\"MS Mincho\"\">semillas de sue\u00f1os, de amor y esperanza.<o:p><\/o:p><\/span><\/strong><\/p>\n<p class=\"MsoList\"><b style=\"mso-bidi-font-weight:normal\"><span style=\"font-size: 14.0pt;font-family:Tahoma;mso-fareast-font-family:\"MS Mincho\"\">T\u00fa allanaste el camino<o:p><\/o:p><\/span><\/strong><\/p>\n<p class=\"MsoList\"><b style=\"mso-bidi-font-weight:normal\"><span style=\"font-size: 14.0pt;font-family:Tahoma;mso-fareast-font-family:\"MS Mincho\"\">y de alfombras doradas vestiste mis pasos.<o:p><\/o:p><\/span><\/strong><\/p>\n<p class=\"MsoList\"><b style=\"mso-bidi-font-weight:normal\"><span style=\"font-size: 14.0pt;font-family:Tahoma;mso-fareast-font-family:\"MS Mincho\"\">T\u00fa como \u00e1ngel guardi\u00e1n me cuidaste<o:p><\/o:p><\/span><\/strong><\/p>\n<p class=\"MsoList\"><b style=\"mso-bidi-font-weight:normal\"><span style=\"font-size: 14.0pt;font-family:Tahoma;mso-fareast-font-family:\"MS Mincho\"\">y velaste con celo mi sue\u00f1o.<o:p><\/o:p><\/span><\/strong><\/p>\n<p class=\"MsoList\"><b style=\"mso-bidi-font-weight:normal\"><span style=\"font-size: 14.0pt;font-family:Tahoma;mso-fareast-font-family:\"MS Mincho\"\">T\u00fa a fuerza de amores <o:p><\/o:p><\/span><\/strong><\/p>\n<p class=\"MsoList\"><b style=\"mso-bidi-font-weight:normal\"><span style=\"font-size: 14.0pt;font-family:Tahoma;mso-fareast-font-family:\"MS Mincho\"\">te hiciste mi due\u00f1o.<o:p><\/o:p><\/span><\/strong><\/p>\n<p class=\"MsoList\"><b style=\"mso-bidi-font-weight:normal\"><span style=\"font-size: 14.0pt;font-family:Tahoma;mso-fareast-font-family:\"MS Mincho\"\">Y yo ya no s\u00e9 volar si no es con tus alas,<o:p><\/o:p><\/span><\/strong><\/p>\n<p class=\"MsoList\"><b style=\"mso-bidi-font-weight:normal\"><span style=\"font-size: 14.0pt;font-family:Tahoma;mso-fareast-font-family:\"MS Mincho\"\">ni soy melod\u00eda<o:p><\/o:p><\/span><\/strong><\/p>\n<p class=\"MsoList\"><b style=\"mso-bidi-font-weight:normal\"><span style=\"font-size: 14.0pt;font-family:Tahoma;mso-fareast-font-family:\"MS Mincho\"\">ni no son tus manos las que hacen temblar<o:p><\/o:p><\/span><\/strong><\/p>\n<p class=\"MsoList\"><b style=\"mso-bidi-font-weight:normal\"><span style=\"font-size: 14.0pt;font-family:Tahoma;mso-fareast-font-family:\"MS Mincho\"\">las cuerdas de mi alma.<o:p><\/o:p><\/span><\/strong><\/p>\n<p class=\"MsoList\"><b style=\"mso-bidi-font-weight:normal\"><span style=\"font-size: 14.0pt;font-family:Tahoma;mso-fareast-font-family:\"MS Mincho\"\">No s\u00e9 caminar, ni encuentro el camino,<o:p><\/o:p><\/span><\/strong><\/p>\n<p class=\"MsoList\"><b style=\"mso-bidi-font-weight:normal\"><span style=\"font-size: 14.0pt;font-family:Tahoma;mso-fareast-font-family:\"MS Mincho\"\">si no vas delante guiando mis pasos&#8230;<o:p><\/o:p><\/span><\/strong><\/p>\n<p class=\"MsoList\"><b style=\"mso-bidi-font-weight:normal\"><span style=\"font-size: 14.0pt;font-family:Tahoma;mso-fareast-font-family:\"MS Mincho\"\">que s\u00f3lo tus pasos<o:p><\/o:p><\/span><\/strong><\/p>\n<p class=\"MsoList\"><b style=\"mso-bidi-font-weight:normal\"><span style=\"font-size: 14.0pt;font-family:Tahoma;mso-fareast-font-family:\"MS Mincho\"\">marcan mi destino.<o:p><\/o:p><\/span><\/strong><\/p>\n","protected":false},"excerpt":{"rendered":"<p>T\u00fa fuiste la mano del sal\u00f3n que, en el \u00e1ngulo oscuro, busc\u00f3 la respuesta en las notas de mi arpa. La voz que despierta en mi alma los sones dormidos, la inquieta palabra que hiberna callada al final de la senda m\u00e1s larga. T\u00fa fuiste, tambi\u00e9n, mi joyero que a golpe de amor y cincel [&hellip;]<\/p>\n","protected":false},"author":17,"featured_media":0,"comment_status":"open","ping_status":"closed","sticky":false,"template":"","format":"standard","meta":[],"categories":[2],"tags":[],"_links":{"self":[{"href":"https:\/\/blogs.laverdad.es\/anamariatomas\/wp-json\/wp\/v2\/posts\/73"}],"collection":[{"href":"https:\/\/blogs.laverdad.es\/anamariatomas\/wp-json\/wp\/v2\/posts"}],"about":[{"href":"https:\/\/blogs.laverdad.es\/anamariatomas\/wp-json\/wp\/v2\/types\/post"}],"author":[{"embeddable":true,"href":"https:\/\/blogs.laverdad.es\/anamariatomas\/wp-json\/wp\/v2\/users\/17"}],"replies":[{"embeddable":true,"href":"https:\/\/blogs.laverdad.es\/anamariatomas\/wp-json\/wp\/v2\/comments?post=73"}],"version-history":[{"count":0,"href":"https:\/\/blogs.laverdad.es\/anamariatomas\/wp-json\/wp\/v2\/posts\/73\/revisions"}],"wp:attachment":[{"href":"https:\/\/blogs.laverdad.es\/anamariatomas\/wp-json\/wp\/v2\/media?parent=73"}],"wp:term":[{"taxonomy":"category","embeddable":true,"href":"https:\/\/blogs.laverdad.es\/anamariatomas\/wp-json\/wp\/v2\/categories?post=73"},{"taxonomy":"post_tag","embeddable":true,"href":"https:\/\/blogs.laverdad.es\/anamariatomas\/wp-json\/wp\/v2\/tags?post=73"}],"curies":[{"name":"wp","href":"https:\/\/api.w.org\/{rel}","templated":true}]}}