{"id":75,"date":"2010-09-27T17:33:00","date_gmt":"2010-09-27T17:33:00","guid":{"rendered":"http:\/\/blogs.laverdad.es\/anamariatomas\/?p=75"},"modified":"2010-09-27T17:33:00","modified_gmt":"2010-09-27T17:33:00","slug":"la-esteban-y-sklodowska","status":"publish","type":"post","link":"https:\/\/blogs.laverdad.es\/anamariatomas\/2010\/09\/27\/la-esteban-y-sklodowska\/","title":{"rendered":"LA ESTEBAN Y LA SKLODOWSKA"},"content":{"rendered":"<p class=\"MsoNormal\"><o:p> <\/o:p><\/p>\n<p class=\"MsoNormal\" style=\"text-align:justify\"><span style=\"mso-tab-count:2\">                        <\/span>Tiene nombre de tenista o de modelo polaca. Y lo es, no tenista, pero s\u00ed modelo. Un modelo a seguir. No exactamente respondiendo a la idea que muchos tienen de la mujer a la que le sigue el calificativo de \u201cmodelo\u201d, pero, sin lugar a dudas, todo un ejemplo y una mujer de cuerpo entero.<\/p>\n<p class=\"MsoNormal\" style=\"text-align:justify\"><span style=\"mso-tab-count:2\">                        <\/span>Ya se hizo una pel\u00edcula de su vida, como ahora quieren, o han hecho, con la vida de \u201cla\u201d Esteban. El director de la pel\u00edcula basada en <st1:personname productid=\"la Sklodowka\" w:st=\"on\">la Sklodowka<\/st1:personname> fue Mervyn LeRoy y result\u00f3 todo un \u00e9xito logrando siete nominaciones a los Oscar. Claro que, trat\u00e1ndose de quien se trataba, lo ten\u00eda chupado. Pelicular la biograf\u00eda de una mujer Premio Nobel de F\u00edsica y, unos cuantos a\u00f1os despu\u00e9s, Nobel de Qu\u00edmica; primera mujer que imparti\u00f3 clases en una Universidad; pionera en el estudio de la radioactividad y, como consecuencia de esos estudios, descubridora de dos nuevos elementos: el polonio, llamado as\u00ed en recuerdo de su patria, y el radio. Y para que se hagan una idea de la dificultad de estos estudios les dir\u00e9 que para obtener un solo gramo de cloruro de radio tuvo que tratar ocho toneladas del mineral conocido como pechblenda. <\/p>\n<p class=\"MsoNormal\" style=\"text-align:justify\"><span style=\"mso-tab-count:1\">            <\/span>Probablemente, a estas alturas, muchos de ustedes ya saben qui\u00e9n es \u201cla\u201d Sklodowska, pero si, adem\u00e1s, les facilito el apellido de su marido, apellido que ella adopt\u00f3, y le pongo un nombre, Marie Curie, con toda seguridad, ya saben de quien hablamos.<\/p>\n<p class=\"MsoNormal\" style=\"text-align:justify\"><span style=\"mso-tab-count:1\">            <\/span>Y, seguramente, no necesitan que les d\u00e9 tantos datos para saber qui\u00e9n es Bel\u00e9n Esteban. <st1:personname productid=\"La Esteban. Durante\" w:st=\"on\"><st1:personname productid=\"La Esteban.\" w:st=\"on\">La Esteban.<\/st1:personname> Durante<\/st1:personname> toda la semana y parte de la anterior, una cadena televisiva ha estado publicitando un programa en donde Bel\u00e9n Esteban iba a ser analizada como un fen\u00f3meno medi\u00e1tico a trav\u00e9s de una pel\u00edcula de su vida que dar\u00eda las claves de c\u00f3mo una chica de barrio pasaba a ser denominada como \u201c<st1:personname productid=\"La Princesa\" w:st=\"on\">La Princesa<\/st1:personname> del pueblo\u201d.<\/p>\n<p class=\"MsoNormal\" style=\"text-align:justify\"><span style=\"mso-tab-count:2\">                        <\/span>Evidentemente, no se puede negar el fen\u00f3meno en s\u00ed, \u201cla\u201d Bel\u00e9n est\u00e1 hasta en la sopa. Pero tampoco puede negarse que su subida ha sido directamente proporcional al aumento de su engreimiento, endiosamiento, y ampliaci\u00f3n de su estupidez. E inversamente proporcional a su ampliaci\u00f3n de conocimientos y cultura, ya bastante escasa y deficiente de por s\u00ed.<\/p>\n<p class=\"MsoNormal\" style=\"text-align:justify\"><span style=\"mso-tab-count:2\">                        <\/span>Personalmente era una chica que a m\u00ed me ca\u00eda bien en sus principios. Me parec\u00eda que los acontecimientos se hab\u00edan confabulado en su contra para apartarla del hombre que, a todas luces, ella amaba y qui\u00e9n sabe si seguir\u00e1 amando. Pero a medida que explotaba una vez y otra y otra, y as\u00ed hasta el infinito, su odio y su frustraci\u00f3n fue empezando a superarme hasta llegar a parecerme esperp\u00e9ntica.<\/p>\n<p class=\"MsoNormal\" style=\"text-align:justify\"><span style=\"mso-tab-count:2\">                        <\/span>S\u00e9 que muchos de ustedes podr\u00e1n pensar que hay cosas m\u00e1s importantes que Bel\u00e9n para hablar en este maravilloso espacio, por ejemplo, de mujeres extraordinarias, como Marja Sklodowska, orgullo de todo el mundo (cedi\u00f3 sus investigaciones a sus colegas en lugar de patentarlas), y que han conseguido para la humanidad grandes logros, pero \u00bfacaso les resulta poco importante que una inmensa mayor\u00eda de adolescentes est\u00e9n plante\u00e1ndose que estudiar, tener una formaci\u00f3n, una cultura, una preparaci\u00f3n acad\u00e9mica no sirve de nada? \u00bfPodr\u00eda parecerles poco importante que alguna de sus hijas pretendiera emular el \u00e9xito sin precedentes de una mujer que, cuanto m\u00e1s ordinaria es, m\u00e1s audiencia tiene? \u00bfConsideran que es mejor no dedicarle mucho tiempo a alguien que es capaz de pasarse unas cuantas horas vespertinas haciendo muecas, torciendo el morro, realizando cortes de mangas, o soltando barbaridades por su boca y que, no obstante, sea considerada <st1:personname productid=\"La Princesa\" w:st=\"on\">la  Princesa<\/st1:personname> del pueblo? Desde luego, no cabe duda de que ha instaurado un Principado: el de la incultura. Y algo m\u00e1s, el reino de la estulticia, en donde todos somos sus s\u00fabditos. <\/p>\n<p class=\"MsoNormal\" style=\"text-align:justify\"><span style=\"mso-tab-count:1\">            <\/span>Puede que no sea grave que muchos de nuestros conciudadanos no tengan pajolera idea de quien es Sklodowska, pero, les aseguro, que es mucho m\u00e1s grave que todos sepan qui\u00e9n es <st1:personname productid=\"La Esteban.\" w:st=\"on\">la Esteban.<\/st1:personname><\/p>\n<p><IMG src=\"\/anamariatomas\/wp-content\/uploads\/sites\/17\" id=\"img_0\" class=\"imgcen\"><\/p>\n","protected":false},"excerpt":{"rendered":"<p>Tiene nombre de tenista o de modelo polaca. Y lo es, no tenista, pero s\u00ed modelo. Un modelo a seguir. No exactamente respondiendo a la idea que muchos tienen de la mujer a la que le sigue el calificativo de \u201cmodelo\u201d, pero, sin lugar a dudas, todo un ejemplo y una mujer de cuerpo entero. [&hellip;]<\/p>\n","protected":false},"author":17,"featured_media":0,"comment_status":"open","ping_status":"closed","sticky":false,"template":"","format":"standard","meta":[],"categories":[2],"tags":[],"_links":{"self":[{"href":"https:\/\/blogs.laverdad.es\/anamariatomas\/wp-json\/wp\/v2\/posts\/75"}],"collection":[{"href":"https:\/\/blogs.laverdad.es\/anamariatomas\/wp-json\/wp\/v2\/posts"}],"about":[{"href":"https:\/\/blogs.laverdad.es\/anamariatomas\/wp-json\/wp\/v2\/types\/post"}],"author":[{"embeddable":true,"href":"https:\/\/blogs.laverdad.es\/anamariatomas\/wp-json\/wp\/v2\/users\/17"}],"replies":[{"embeddable":true,"href":"https:\/\/blogs.laverdad.es\/anamariatomas\/wp-json\/wp\/v2\/comments?post=75"}],"version-history":[{"count":0,"href":"https:\/\/blogs.laverdad.es\/anamariatomas\/wp-json\/wp\/v2\/posts\/75\/revisions"}],"wp:attachment":[{"href":"https:\/\/blogs.laverdad.es\/anamariatomas\/wp-json\/wp\/v2\/media?parent=75"}],"wp:term":[{"taxonomy":"category","embeddable":true,"href":"https:\/\/blogs.laverdad.es\/anamariatomas\/wp-json\/wp\/v2\/categories?post=75"},{"taxonomy":"post_tag","embeddable":true,"href":"https:\/\/blogs.laverdad.es\/anamariatomas\/wp-json\/wp\/v2\/tags?post=75"}],"curies":[{"name":"wp","href":"https:\/\/api.w.org\/{rel}","templated":true}]}}