{"id":79,"date":"2010-10-21T17:54:00","date_gmt":"2010-10-21T17:54:00","guid":{"rendered":"http:\/\/blogs.laverdad.es\/anamariatomas\/?p=79"},"modified":"2010-10-21T17:54:00","modified_gmt":"2010-10-21T17:54:00","slug":"la-luz-musica","status":"publish","type":"post","link":"https:\/\/blogs.laverdad.es\/anamariatomas\/2010\/10\/21\/la-luz-musica\/","title":{"rendered":"LA LUZ&#8230; LA M\u00daSICA&#8230;"},"content":{"rendered":"<p class=\"MsoList2\"><span style=\"mso-fareast-font-family:\"MS Mincho\"\">La luz, la m\u00fasica, la danza,<o:p><\/o:p><\/span><\/p>\n<p class=\"MsoList2\"><span style=\"mso-fareast-font-family:\"MS Mincho\"\">el \u00e1cido lis\u00e9rgico&#8230;,<o:p><\/o:p><\/span><\/p>\n<p class=\"MsoList2\"><span style=\"mso-fareast-font-family:\"MS Mincho\"\">olores, mescalina, opi\u00e1ceos<o:p><\/o:p><\/span><\/p>\n<p class=\"MsoList2\"><span style=\"mso-fareast-font-family:\"MS Mincho\"\">y tantras me visten de extra\u00f1eza<o:p><\/o:p><\/span><\/p>\n<p class=\"MsoList2\"><span style=\"mso-fareast-font-family:\"MS Mincho\"\">y me llevan a un mundo de im\u00e1genes y magia<o:p><\/o:p><\/span><\/p>\n<p class=\"MsoList2\"><span style=\"mso-fareast-font-family:\"MS Mincho\"\">y mi mente -libre de deseos-<o:p><\/o:p><\/span><\/p>\n<p class=\"MsoList2\"><span style=\"mso-fareast-font-family:\"MS Mincho\"\">instalada en el \u00e9xtasis<o:p><\/o:p><\/span><\/p>\n<p class=\"MsoList2\"><span style=\"mso-fareast-font-family:\"MS Mincho\"\">se funde con la Nada y con el Todo,<o:p><\/o:p><\/span><\/p>\n<p class=\"MsoList2\"><span style=\"mso-fareast-font-family:\"MS Mincho\"\">eso es f\u00e1cil&#8230;<o:p><\/o:p><\/span><\/p>\n<p class=\"MsoList2\"><span style=\"mso-fareast-font-family:\"MS Mincho\"\">lo dif\u00edcil es volver y vivir sin tu mirada.              <o:p><\/o:p><\/span><\/p>\n<p class=\"MsoList2\"><span style=\"mso-fareast-font-family:\"MS Mincho\"\">                              &#8220;Las Estaciones de la locura&#8221;<\/span><\/p>\n<p class=\"MsoList2\"><span style=\"mso-fareast-font-family:\"MS Mincho\"\"> <\/span><\/p>\n<p class=\"MsoNormal\"><span style=\"mso-fareast-font-family:\"MS Mincho\"\"><o:p> <\/o:p><\/span><\/p>\n<p class=\"MsoNormal\"><span style=\"mso-fareast-font-family:\"MS Mincho\"\"><o:p> <\/o:p><\/span><\/p>\n","protected":false},"excerpt":{"rendered":"<p>La luz, la m\u00fasica, la danza, el \u00e1cido lis\u00e9rgico&#8230;, olores, mescalina, opi\u00e1ceos y tantras me visten de extra\u00f1eza y me llevan a un mundo de im\u00e1genes y magia y mi mente -libre de deseos- instalada en el \u00e9xtasis se funde con la Nada y con el Todo, eso es f\u00e1cil&#8230; lo dif\u00edcil es volver y [&hellip;]<\/p>\n","protected":false},"author":17,"featured_media":0,"comment_status":"open","ping_status":"closed","sticky":false,"template":"","format":"standard","meta":[],"categories":[2],"tags":[],"_links":{"self":[{"href":"https:\/\/blogs.laverdad.es\/anamariatomas\/wp-json\/wp\/v2\/posts\/79"}],"collection":[{"href":"https:\/\/blogs.laverdad.es\/anamariatomas\/wp-json\/wp\/v2\/posts"}],"about":[{"href":"https:\/\/blogs.laverdad.es\/anamariatomas\/wp-json\/wp\/v2\/types\/post"}],"author":[{"embeddable":true,"href":"https:\/\/blogs.laverdad.es\/anamariatomas\/wp-json\/wp\/v2\/users\/17"}],"replies":[{"embeddable":true,"href":"https:\/\/blogs.laverdad.es\/anamariatomas\/wp-json\/wp\/v2\/comments?post=79"}],"version-history":[{"count":0,"href":"https:\/\/blogs.laverdad.es\/anamariatomas\/wp-json\/wp\/v2\/posts\/79\/revisions"}],"wp:attachment":[{"href":"https:\/\/blogs.laverdad.es\/anamariatomas\/wp-json\/wp\/v2\/media?parent=79"}],"wp:term":[{"taxonomy":"category","embeddable":true,"href":"https:\/\/blogs.laverdad.es\/anamariatomas\/wp-json\/wp\/v2\/categories?post=79"},{"taxonomy":"post_tag","embeddable":true,"href":"https:\/\/blogs.laverdad.es\/anamariatomas\/wp-json\/wp\/v2\/tags?post=79"}],"curies":[{"name":"wp","href":"https:\/\/api.w.org\/{rel}","templated":true}]}}