{"id":81,"date":"2010-10-30T22:23:00","date_gmt":"2010-10-30T22:23:00","guid":{"rendered":"http:\/\/blogs.laverdad.es\/anamariatomas\/?p=81"},"modified":"2010-10-30T22:23:00","modified_gmt":"2010-10-30T22:23:00","slug":"de-chiste","status":"publish","type":"post","link":"https:\/\/blogs.laverdad.es\/anamariatomas\/2010\/10\/30\/de-chiste\/","title":{"rendered":"DE CHISTE"},"content":{"rendered":"<p class=\"MsoNormal\" style=\"text-align:justify\">Confieso que se me da bien contar chistes. Pero, desde luego, nada comparable a los que nos cuenta la triste realidad cotidiana. Hace unos d\u00edas, la pantalla de mi televisi\u00f3n se llen\u00f3 con la cara de Carmen de Mairena anunciando que se presentaba como candidata a la pol\u00edtica auton\u00f3mica de Catalu\u00f1a. Argumentaba que lo hac\u00eda por las putas y por las carreteras. Y no, no se refer\u00eda a las putas de carretera, sino al puto peaje de las mismas. Ah, y para que los se\u00f1ores diputados pudieran acudir desnudos a las sesiones, al menos una vez al a\u00f1o. Lo siento, pero me vino la risa floja y el recuerdo de aquel viejo chiste que ped\u00eda votos para el partido de las putas puesto que sus hijos no nos solucionaban nada. O aquel otro de votar a los homosexuales porque ganara quien ganara terminar\u00edan por darnos\u2026, al menos que lo hicieran los expertos. Ojo, que yo no soy la autora de los chistecitos, pero es que esto est\u00e1 para hacer un chiste tras otro. Eso por no hablar del comentario del l\u00edder de su partido, Santamar\u00eda, \u00a1Santa Mar\u00eda!, que ha manifestado que Carmen de Mairena aportaba \u201cglamour\u201d \u00a1Dios, m\u00edo! Glamour\u2026 quiero pensar que se equivoc\u00f3 y por decir ap<b style=\"mso-bidi-font-weight: normal\">a<\/strong>rtaba dijo ap<b style=\"mso-bidi-font-weight:normal\">o<\/strong>rtaba. Eso o que debi\u00f3 de caerse por las escaleras y golpearse la poca sesera que tenga.<\/p>\n<p class=\"MsoNormal\" style=\"text-align:justify\"><span style=\"mso-tab-count:1\">            <\/span>Y, claro, viendo eso el pensamiento me vuela, de nuevo, a las palabras de Albert Boadella de hace unos d\u00edas, en d\u00f3nde se preguntaba si todos los votos ten\u00edan el mismo valor. Si val\u00eda lo mismo el voto de alguien implicado en la polis, en el mundo actual, en sus gentes, en sus posibles formas de mejorarles la vida\u2026, que el voto de alguien<span style=\"mso-spacerun:yes\">  <\/span>absurdo, estrafalario y hasta imb\u00e9cil. Pero, claro, esto s\u00f3lo puede decirlo alguien a quien le importa un comino lo pol\u00edticamente correcto. Por mucho que sea un pensamiento bastante m\u00e1s normal de lo que imaginamos, nadie osa ponerle palabras y mucho menos decirlo en voz alta. Pero es que la democracia deber\u00eda servir para avanzar, siempre, jam\u00e1s para retroceder, y con partidos como el CORI de <st1:personname productid=\"la Carmencita\" w:st=\"on\">la Carmencita<\/st1:personname> vamos apa\u00f1ados.<\/p>\n<p class=\"MsoNormal\" style=\"text-align:justify\"><span style=\"mso-tab-count:1\">            <\/span>S\u00ed, ya s\u00e9 que no es nada nuevo, que ah\u00ed tenemos innumerables carmenes repartidas a lo largo y ancho de este mundo. Y tambi\u00e9n s\u00e9 que muchos pol\u00edticos l\u00edderes mundiales no les llegan a las suelas de los zapatos a muchas cicciolinas. No hace falta irse muy lejos para tener un ejemplo: ah\u00ed est\u00e1 el <i style=\"mso-bidi-font-style:normal\">tontoelhaba<\/em> de Luigi Bobbio, alcalde de una ciudad costera de N\u00e1poles, que ha prohibido el uso de pantalones vaqueros a la cadera y de la minifalda que falte al decoro. Anda ya\u2026 que van a ir los municipales midiendo la tela\u2026<\/p>\n<p class=\"MsoNormal\" style=\"text-align:justify\"><span style=\"mso-tab-count:1\">            <\/span>Miedo me da ir acerc\u00e1ndonos a fechas electorales\u2026 Tengo la sensaci\u00f3n de que es como abrir la veda a toda clase de circos. S\u00ed, ya s\u00e9 que mirando el panorama es como para dudar entre cortarse las venas o dej\u00e1rselas crecer. Pero me puede el sentimiento rom\u00e1ntico de la cosa. El pensar las vidas que suele costar la libertad del ser humano. Y, sobre todo, me puede recordar aquella hermosa frase que dice m\u00e1s o menos eso de \u201cno estoy de acuerdo con usted, pero dar\u00eda mi vida porque usted siguiera opinando as\u00ed\u201d. <\/p>\n<p class=\"MsoNormal\" style=\"text-align:justify\"><span style=\"mso-tab-count:1\">            <\/span>O sea, que llegados a este punto, tras el inicial ataque de risa; la conmoci\u00f3n cerebral recibida gracias al golpe de tontuna televisiva suprema; la correspondiente rabia e impotencia ante el rumbo de muchos tontos activos\u2026 la cordura vuelve de nuevo a mi ser y me digo que no s\u00f3lo es bueno que pasen todas estas cosas, sino que, quiz\u00e1, no importe tanto que ocurran. A fin de cuentas\u2026 prometer, prometer\u2026 es f\u00e1cil. Mi abuela recordaba aquello del refranero de \u201cPrometer hasta meter. Y una vez que han metido, nada de lo prometido\u201d (Tengo que ver con un psic\u00f3logo este tipo de asociaci\u00f3n de ideas). Vamos, que no importa mucho quienes sean los que prometan. Al final\u2026 muchas de las promesas de unos y otros quedar\u00e1n tan menguadas como esas faldas italianas. O tan puteadas como muchas de esas putas de <st1:personname productid=\"la Mairena.\" w:st=\"on\">la Mairena.<\/st1:personname><\/p>\n","protected":false},"excerpt":{"rendered":"<p>Confieso que se me da bien contar chistes. Pero, desde luego, nada comparable a los que nos cuenta la triste realidad cotidiana. Hace unos d\u00edas, la pantalla de mi televisi\u00f3n se llen\u00f3 con la cara de Carmen de Mairena anunciando que se presentaba como candidata a la pol\u00edtica auton\u00f3mica de Catalu\u00f1a. Argumentaba que lo hac\u00eda [&hellip;]<\/p>\n","protected":false},"author":17,"featured_media":0,"comment_status":"open","ping_status":"closed","sticky":false,"template":"","format":"standard","meta":[],"categories":[2],"tags":[],"_links":{"self":[{"href":"https:\/\/blogs.laverdad.es\/anamariatomas\/wp-json\/wp\/v2\/posts\/81"}],"collection":[{"href":"https:\/\/blogs.laverdad.es\/anamariatomas\/wp-json\/wp\/v2\/posts"}],"about":[{"href":"https:\/\/blogs.laverdad.es\/anamariatomas\/wp-json\/wp\/v2\/types\/post"}],"author":[{"embeddable":true,"href":"https:\/\/blogs.laverdad.es\/anamariatomas\/wp-json\/wp\/v2\/users\/17"}],"replies":[{"embeddable":true,"href":"https:\/\/blogs.laverdad.es\/anamariatomas\/wp-json\/wp\/v2\/comments?post=81"}],"version-history":[{"count":0,"href":"https:\/\/blogs.laverdad.es\/anamariatomas\/wp-json\/wp\/v2\/posts\/81\/revisions"}],"wp:attachment":[{"href":"https:\/\/blogs.laverdad.es\/anamariatomas\/wp-json\/wp\/v2\/media?parent=81"}],"wp:term":[{"taxonomy":"category","embeddable":true,"href":"https:\/\/blogs.laverdad.es\/anamariatomas\/wp-json\/wp\/v2\/categories?post=81"},{"taxonomy":"post_tag","embeddable":true,"href":"https:\/\/blogs.laverdad.es\/anamariatomas\/wp-json\/wp\/v2\/tags?post=81"}],"curies":[{"name":"wp","href":"https:\/\/api.w.org\/{rel}","templated":true}]}}