{"id":88,"date":"2010-12-02T22:38:00","date_gmt":"2010-12-02T22:38:00","guid":{"rendered":"http:\/\/blogs.laverdad.es\/anamariatomas\/?p=88"},"modified":"2010-12-02T22:38:00","modified_gmt":"2010-12-02T22:38:00","slug":"campanas","status":"publish","type":"post","link":"https:\/\/blogs.laverdad.es\/anamariatomas\/2010\/12\/02\/campanas\/","title":{"rendered":"CAMPANAS"},"content":{"rendered":"<p class=\"MsoNormal\" style=\"margin-left:144.0pt;line-height:200%\"><o:p> <\/o:p><\/p>\n<p class=\"MsoNormal\" style=\"margin-left:144.0pt;line-height:200%;mso-outline-level: 1\">Estaba segura<\/p>\n<p class=\"MsoNormal\" style=\"margin-left:144.0pt;line-height:200%\">de que era Dios quien hablaba<\/p>\n<p class=\"MsoNormal\" style=\"margin-left:144.0pt;line-height:200%\">en un dialecto <\/p>\n<p class=\"MsoNormal\" style=\"margin-left:144.0pt;line-height:200%\">que s\u00f3lo yo entend\u00eda.<\/p>\n<p class=\"MsoNormal\" style=\"margin-left:144.0pt;line-height:200%\">Los dem\u00e1s dec\u00edan que eran<\/p>\n<p class=\"MsoNormal\" style=\"margin-left:144.0pt;line-height:200%\"><span style=\"mso-tab-count:2\">                       <\/span>las campanas.<\/p>\n<p class=\"MsoNormal\" style=\"margin-left:144.0pt;line-height:200%\">Pero al principio fue Dios&#8230;<\/p>\n<p class=\"MsoNormal\" style=\"margin-left:144.0pt;line-height:200%\">Despu\u00e9s debi\u00f3 mudarse<\/p>\n<p class=\"MsoNormal\" style=\"margin-left:144.0pt;line-height:200%\">de iglesia o campanario<\/p>\n<p class=\"MsoNormal\" style=\"margin-left:144.0pt;line-height:200%\">porque su voz se o\u00eda <\/p>\n<p class=\"MsoNormal\" style=\"margin-left:144.0pt;line-height:200%\">cada vez m\u00e1s queda y m\u00e1s lejana<\/p>\n<p class=\"MsoNormal\" style=\"margin-left:144.0pt;line-height:200%\">hasta que se perdi\u00f3.<\/p>\n<p class=\"MsoNormal\" style=\"margin-left:144.0pt;line-height:200%\">Entonces s\u00ed, entonces<\/p>\n<p class=\"MsoNormal\" style=\"margin-left:144.0pt;line-height:200%\">empec\u00e9 a escuchar campanas.<\/p>\n<p class=\"MsoNormal\" style=\"margin-left:144.0pt;line-height:200%\">Ahora estudio dialectolog\u00eda<\/p>\n<p class=\"MsoNormal\" style=\"margin-left:179.4pt;text-indent:-35.4pt;line-height: 200%\"><span style=\"mso-spacerun:yes\">                        <\/span>del badajo<\/p>\n<p class=\"MsoNormal\" style=\"margin-left:179.4pt;text-indent:-35.4pt;line-height: 200%\">por comprobar si Dios cambi\u00f3<\/p>\n<p class=\"MsoNormal\" style=\"margin-left:179.4pt;text-indent:-35.4pt;line-height: 200%\"><span style=\"mso-spacerun:yes\">                        <\/span>de voz<\/p>\n<p class=\"MsoNormal\" style=\"margin-left:179.4pt;text-indent:-35.4pt;line-height: 200%\">o fue un envite fr\u00edo de la vida<\/p>\n<p class=\"MsoNormal\" style=\"margin-left:179.4pt;text-indent:-35.4pt;line-height: 200%\">el que me dej\u00f3 sorda.<\/p>\n","protected":false},"excerpt":{"rendered":"<p>Estaba segura de que era Dios quien hablaba en un dialecto que s\u00f3lo yo entend\u00eda. Los dem\u00e1s dec\u00edan que eran las campanas. Pero al principio fue Dios&#8230; Despu\u00e9s debi\u00f3 mudarse de iglesia o campanario porque su voz se o\u00eda cada vez m\u00e1s queda y m\u00e1s lejana hasta que se perdi\u00f3. Entonces s\u00ed, entonces empec\u00e9 a [&hellip;]<\/p>\n","protected":false},"author":17,"featured_media":0,"comment_status":"open","ping_status":"closed","sticky":false,"template":"","format":"standard","meta":[],"categories":[2],"tags":[],"_links":{"self":[{"href":"https:\/\/blogs.laverdad.es\/anamariatomas\/wp-json\/wp\/v2\/posts\/88"}],"collection":[{"href":"https:\/\/blogs.laverdad.es\/anamariatomas\/wp-json\/wp\/v2\/posts"}],"about":[{"href":"https:\/\/blogs.laverdad.es\/anamariatomas\/wp-json\/wp\/v2\/types\/post"}],"author":[{"embeddable":true,"href":"https:\/\/blogs.laverdad.es\/anamariatomas\/wp-json\/wp\/v2\/users\/17"}],"replies":[{"embeddable":true,"href":"https:\/\/blogs.laverdad.es\/anamariatomas\/wp-json\/wp\/v2\/comments?post=88"}],"version-history":[{"count":0,"href":"https:\/\/blogs.laverdad.es\/anamariatomas\/wp-json\/wp\/v2\/posts\/88\/revisions"}],"wp:attachment":[{"href":"https:\/\/blogs.laverdad.es\/anamariatomas\/wp-json\/wp\/v2\/media?parent=88"}],"wp:term":[{"taxonomy":"category","embeddable":true,"href":"https:\/\/blogs.laverdad.es\/anamariatomas\/wp-json\/wp\/v2\/categories?post=88"},{"taxonomy":"post_tag","embeddable":true,"href":"https:\/\/blogs.laverdad.es\/anamariatomas\/wp-json\/wp\/v2\/tags?post=88"}],"curies":[{"name":"wp","href":"https:\/\/api.w.org\/{rel}","templated":true}]}}