{"id":90,"date":"2010-12-11T20:39:00","date_gmt":"2010-12-11T20:39:00","guid":{"rendered":"http:\/\/blogs.laverdad.es\/anamariatomas\/?p=90"},"modified":"2010-12-11T20:39:00","modified_gmt":"2010-12-11T20:39:00","slug":"si-yo-fuera-rica-estaria-muy-cabreada","status":"publish","type":"post","link":"https:\/\/blogs.laverdad.es\/anamariatomas\/2010\/12\/11\/si-yo-fuera-rica-estaria-muy-cabreada\/","title":{"rendered":"SI YO FUERA RICA&#8230; ESTAR\u00cdA MUY CABREADA"},"content":{"rendered":"<p class=\"MsoNormal\" style=\"text-align:justify\">Pues eso, que si yo fuera rica, estar\u00eda muy cabreada; aunque, si fuese pobre, lo estar\u00eda m\u00e1s. Y digo esto a colaci\u00f3n de algunos programas que algunas cadenas televisivas andan coloc\u00e1ndonos d\u00eda s\u00ed y d\u00eda tambi\u00e9n en nuestras narices. Y lo digo porque parece que se han esforzado en elegir, de entre los ricos, a los m\u00e1s absolutamente incompetentes del panorama nacional.<\/p>\n<p class=\"MsoNormal\" style=\"text-align:justify\"><span style=\"mso-tab-count:1\">            <\/span>Hace unos meses, me comentaba, sorprendida, una magn\u00edfica hispanista, tras venir de Am\u00e9rica del Sur, de impartir unas conferencias, que todas las \u201cpijas\u201d en todos los lugares del mundo hablaban exactamente igual. Es decir, con el mismo acento y de las mismas nimiedades.<\/p>\n<p class=\"MsoNormal\" style=\"text-align:justify\"><span style=\"mso-tab-count:1\">            <\/span>Hace unos d\u00edas, en uno de esos programas, sal\u00eda una chica rica, adem\u00e1s de rica chica, afirmando que, <i style=\"mso-bidi-font-style:normal\">o sssea<\/em>, no pod\u00eda vivir sin servicio y sin ch\u00f3fer, porque, claro, a ver qui\u00e9n le iba a preparar a ella el t\u00e9 de las cinco de la tarde o la iba a llevar hasta la puerta de las grandes firmas. Y todo eso mientras mostraba a c\u00e1mara una casa que me puso los dientes tan largos como para ara\u00f1ar todas las losas del suelo de mi casa.<\/p>\n<p class=\"MsoNormal\" style=\"text-align:justify\"><span style=\"mso-tab-count:1\">            <\/span>Tras esa ni\u00f1ata, sali\u00f3 la no menos despreciable se\u00f1ora que, en t\u00e9rminos m\u00e1s que similares, ven\u00eda a traer m\u00e1s de lo mismo mientras hac\u00eda ostentaci\u00f3n de un lujo desorbitado. A todo esto, de todas las se\u00f1oras (porque iba de se\u00f1oras ricas) que salieron, ninguna mostraba el menor atisbo de haber conseguido nada de lo que ense\u00f1aba a base de esfuerzo, ninguna manifestaba pudor alguno por ense\u00f1ar una riqueza que, pareci\u00e9ndome genial que tenga y disfrute, no es el mejor momento de hacer alarde de ella. Hombre, sinceramente, creo que nunca es buen momento de hacer alarde de riqueza ante quienes carecen hasta de los m\u00e1s elemental, pero, tal y como est\u00e1 el patio actualmente, menos que nunca.<\/p>\n<p class=\"MsoNormal\" style=\"text-align:justify\"><span style=\"mso-tab-count:1\">            <\/span>Hab\u00eda una que, mostrando un \u201cpeaso\u201d de anillo de tres pares de co\u2026 cornalinas, aseguraba que ella \u201cjam\u00e1s, jam\u00e1sss, se pondr\u00eda bisuter\u00eda encima\u2026 qu\u00e9 horror\u2026\u201d<\/p>\n<p class=\"MsoNormal\" style=\"text-align:justify\"><span style=\"mso-tab-count:1\">            <\/span>A ver, que nadie se llame a enga\u00f1o, que todos sabemos que la riqueza no puede comprar un determinado tipo de bienes como son la salud, el amor, la inteligencia, la belleza\u2026 bueno, \u00e9ste \u00faltimo no me sirve: hay que ver a algunas mujeres antes y despu\u00e9s de pagar operaciones est\u00e9ticas. Lo que est\u00e1 claro es que el dinero da la felicidad. La felicidad\u2026 se encuentra en las peque\u00f1as cosas\u2026 es decir\u2026 un peque\u00f1o yate, un peque\u00f1o palacete\u2026 un peque\u00f1o Ferrari\u2026 sin embargo, tambi\u00e9n sabemos, por regla general, quienes no tenemos parn\u00e9, que hay un medio maravilloso de unir la mediocridad con el arte y la bondad, y es convirti\u00e9ndose en mecenas, destinando importantes cantidades a ayudar a quienes con muy poco consiguen much\u00edsimo.<\/p>\n<p class=\"MsoNormal\" style=\"text-align:justify\"><span style=\"mso-tab-count:1\">            <\/span>Sin querer ser maliciosa, intuyo que la creaci\u00f3n de estos programas est\u00e1 destinada a movilizar la opini\u00f3n p\u00fablica contra estos ricos de pacotilla, por eso no salen quienes lograron hacer fortuna, ni el trabajo, el esfuerzo que puede haber detr\u00e1s, sino gente est\u00fapida y rid\u00edcula que persigue una falsa felicidad.<\/p>\n<p class=\"MsoNormal\" style=\"text-align:justify\"><span style=\"mso-tab-count:1\">            <\/span>En cuanto al \u00e9xito de los mismos, o sea, de los programas, no de los ricos, creo que es la curiosidad de constatar que son pobres gentes que s\u00f3lo tienen dinero y, lo que es peor, que no saben qu\u00e9 hacer con \u00e9l.<\/p>\n<p class=\"MsoNormal\" style=\"text-align:justify\"><span style=\"mso-tab-count:1\">            <\/span>Obvio decir lo obsceno que me parecen semejantes programas cuando todos sabemos que C\u00e1ritas no da abasto y que los contenedores de las grandes superficies se llenan cada noche de personas buscando en ellos comida. As\u00ed que, sinceramente, si yo fuese rica, nada de dubidubidubidubid\u00fa, como dec\u00eda aquella lejana canci\u00f3n, estar\u00eda muy cabreada, pero si fuese pobre\u2026 lo estar\u00eda mucho m\u00e1s.<\/p>\n<p class=\"MsoNormal\" style=\"text-align:justify\"><o:p> <\/o:p><\/p>\n","protected":false},"excerpt":{"rendered":"<p>Pues eso, que si yo fuera rica, estar\u00eda muy cabreada; aunque, si fuese pobre, lo estar\u00eda m\u00e1s. Y digo esto a colaci\u00f3n de algunos programas que algunas cadenas televisivas andan coloc\u00e1ndonos d\u00eda s\u00ed y d\u00eda tambi\u00e9n en nuestras narices. Y lo digo porque parece que se han esforzado en elegir, de entre los ricos, a [&hellip;]<\/p>\n","protected":false},"author":17,"featured_media":0,"comment_status":"open","ping_status":"closed","sticky":false,"template":"","format":"standard","meta":[],"categories":[2],"tags":[],"_links":{"self":[{"href":"https:\/\/blogs.laverdad.es\/anamariatomas\/wp-json\/wp\/v2\/posts\/90"}],"collection":[{"href":"https:\/\/blogs.laverdad.es\/anamariatomas\/wp-json\/wp\/v2\/posts"}],"about":[{"href":"https:\/\/blogs.laverdad.es\/anamariatomas\/wp-json\/wp\/v2\/types\/post"}],"author":[{"embeddable":true,"href":"https:\/\/blogs.laverdad.es\/anamariatomas\/wp-json\/wp\/v2\/users\/17"}],"replies":[{"embeddable":true,"href":"https:\/\/blogs.laverdad.es\/anamariatomas\/wp-json\/wp\/v2\/comments?post=90"}],"version-history":[{"count":0,"href":"https:\/\/blogs.laverdad.es\/anamariatomas\/wp-json\/wp\/v2\/posts\/90\/revisions"}],"wp:attachment":[{"href":"https:\/\/blogs.laverdad.es\/anamariatomas\/wp-json\/wp\/v2\/media?parent=90"}],"wp:term":[{"taxonomy":"category","embeddable":true,"href":"https:\/\/blogs.laverdad.es\/anamariatomas\/wp-json\/wp\/v2\/categories?post=90"},{"taxonomy":"post_tag","embeddable":true,"href":"https:\/\/blogs.laverdad.es\/anamariatomas\/wp-json\/wp\/v2\/tags?post=90"}],"curies":[{"name":"wp","href":"https:\/\/api.w.org\/{rel}","templated":true}]}}