{"id":94,"date":"2011-01-06T20:47:00","date_gmt":"2011-01-06T20:47:00","guid":{"rendered":"http:\/\/blogs.laverdad.es\/anamariatomas\/?p=94"},"modified":"2011-01-06T20:47:00","modified_gmt":"2011-01-06T20:47:00","slug":"la-infancia","status":"publish","type":"post","link":"https:\/\/blogs.laverdad.es\/anamariatomas\/2011\/01\/06\/la-infancia\/","title":{"rendered":"LA INFANCIA"},"content":{"rendered":"<p class=\"MsoNormal\" style=\"margin-left:144.0pt;line-height:200%\"><o:p> <\/o:p><\/p>\n<p class=\"MsoNormal\" style=\"margin-left:144.0pt;line-height:200%\">La infancia <\/p>\n<p class=\"MsoNormal\" style=\"margin-left:144.0pt;line-height:200%\">no es m\u00e1s que la ausencia<\/p>\n<p class=\"MsoNormal\" style=\"margin-left:144.0pt;line-height:200%\">de montones de momentos.<\/p>\n<p class=\"MsoNormal\" style=\"margin-left:144.0pt;line-height:200%\">En su brevedad<\/p>\n<p class=\"MsoNormal\" style=\"margin-left:144.0pt;line-height:200%\">habita el asombro sin frontera,<\/p>\n<p class=\"MsoNormal\" style=\"margin-left:144.0pt;line-height:200%\">la verdad pura:<\/p>\n<p class=\"MsoNormal\" style=\"margin-left:144.0pt;line-height:200%\">vendaval de inocencia,<\/p>\n<p class=\"MsoNormal\" style=\"margin-left:144.0pt;line-height:200%\">intacto y vulnerable<\/p>\n<p class=\"MsoNormal\" style=\"margin-left:144.0pt;line-height:200%\">libro abierto<\/p>\n<p class=\"MsoNormal\" style=\"margin-left:144.0pt;line-height:200%\">a la tinta verde de los d\u00edas,<\/p>\n<p class=\"MsoNormal\" style=\"margin-left:144.0pt;line-height:200%\">Infancia es tiempo verbal<\/p>\n<p class=\"MsoNormal\" style=\"margin-left:144.0pt;line-height:200%\"><span style=\"mso-tab-count:2\">                       <\/span><span style=\"mso-spacerun:yes\"> <\/span>incompleto:<\/p>\n<p class=\"MsoNormal\" style=\"margin-left:144.0pt;line-height:200%\">presentes de futuros y<\/p>\n<p class=\"MsoNormal\" style=\"margin-left:144.0pt;line-height:200%\">futuros perfectos&#8230;<\/p>\n<p class=\"MsoNormal\" style=\"margin-left:144.0pt;line-height:200%\">-anfitriona de sue\u00f1os, algarab\u00eda y deseo-.<\/p>\n<p class=\"MsoNormal\" style=\"margin-left:144.0pt;line-height:200%\">Es caricia que siempre se recuerda,<\/p>\n<p class=\"MsoNormal\" style=\"margin-left:144.0pt;line-height:200%\">beso de agua de la fuente del parque,<\/p>\n<p class=\"MsoNormal\" style=\"margin-left:144.0pt;line-height:200%\">sabor a miel de los higos primeros&#8230;<\/p>\n<p class=\"MsoNormal\" style=\"margin-left:144.0pt;line-height:200%\">Zarza incombustible de la vida,<\/p>\n<p class=\"MsoNormal\" style=\"margin-left:144.0pt;line-height:200%\">que no precisa nada<\/p>\n<p class=\"MsoNormal\" style=\"margin-left:144.0pt;line-height:200%\">para alimentar su fuego.<span style=\"mso-spacerun:yes\">  <\/span><\/p>\n","protected":false},"excerpt":{"rendered":"<p>La infancia no es m\u00e1s que la ausencia de montones de momentos. En su brevedad habita el asombro sin frontera, la verdad pura: vendaval de inocencia, intacto y vulnerable libro abierto a la tinta verde de los d\u00edas, Infancia es tiempo verbal incompleto: presentes de futuros y futuros perfectos&#8230; -anfitriona de sue\u00f1os, algarab\u00eda y deseo-. [&hellip;]<\/p>\n","protected":false},"author":17,"featured_media":0,"comment_status":"open","ping_status":"closed","sticky":false,"template":"","format":"standard","meta":[],"categories":[2],"tags":[],"_links":{"self":[{"href":"https:\/\/blogs.laverdad.es\/anamariatomas\/wp-json\/wp\/v2\/posts\/94"}],"collection":[{"href":"https:\/\/blogs.laverdad.es\/anamariatomas\/wp-json\/wp\/v2\/posts"}],"about":[{"href":"https:\/\/blogs.laverdad.es\/anamariatomas\/wp-json\/wp\/v2\/types\/post"}],"author":[{"embeddable":true,"href":"https:\/\/blogs.laverdad.es\/anamariatomas\/wp-json\/wp\/v2\/users\/17"}],"replies":[{"embeddable":true,"href":"https:\/\/blogs.laverdad.es\/anamariatomas\/wp-json\/wp\/v2\/comments?post=94"}],"version-history":[{"count":0,"href":"https:\/\/blogs.laverdad.es\/anamariatomas\/wp-json\/wp\/v2\/posts\/94\/revisions"}],"wp:attachment":[{"href":"https:\/\/blogs.laverdad.es\/anamariatomas\/wp-json\/wp\/v2\/media?parent=94"}],"wp:term":[{"taxonomy":"category","embeddable":true,"href":"https:\/\/blogs.laverdad.es\/anamariatomas\/wp-json\/wp\/v2\/categories?post=94"},{"taxonomy":"post_tag","embeddable":true,"href":"https:\/\/blogs.laverdad.es\/anamariatomas\/wp-json\/wp\/v2\/tags?post=94"}],"curies":[{"name":"wp","href":"https:\/\/api.w.org\/{rel}","templated":true}]}}