{"id":95,"date":"2011-01-11T13:40:00","date_gmt":"2011-01-11T13:40:00","guid":{"rendered":"http:\/\/blogs.laverdad.es\/anamariatomas\/?p=95"},"modified":"2011-01-11T13:40:00","modified_gmt":"2011-01-11T13:40:00","slug":"mi-proposito","status":"publish","type":"post","link":"https:\/\/blogs.laverdad.es\/anamariatomas\/2011\/01\/11\/mi-proposito\/","title":{"rendered":"MI PROP\u00d3SITO"},"content":{"rendered":"<p class=\"yiv613269692msonormal\" style=\"margin-top:0cm;margin-right:0cm; margin-bottom:10.0pt;margin-left:0cm;text-align:justify;line-height:14.4pt\"><span lang=\"ES-TRAD\" style=\"color:black;mso-ansi-language:ES-TRAD\">           Y<\/span>o, que desde que vi, hace a\u00f1os, la pel\u00edcula \u201cCadena de favores\u201d, me he dedicado, en mis ratos libres a estudiar el resultado causa-efecto, tanto de las causas positivas como de las negativas y, de igual manera, de las peque\u00f1as cosas como de las grandes, cada d\u00eda estoy m\u00e1s convencida de que nos tiramos piedras sobre nuestro propio tejado al no saber utilizar el inmenso potencial que tenemos, al desconocer c\u00f3mo podr\u00edamos cambiar el mundo en general y nuestro propio mundo en particular, a mejor, por supuesto, si tuvi\u00e9semos cuidado al elegir las palabras que decimos, si encamin\u00e1ramos nuestras energ\u00edas, nuestras potencialidades en construir, en lugar de destruir, si pusi\u00e9semos la lupa en las cosas buenas que ocurren, porque ocurren, en lugar de hacerlo en las innumerables miserias de las que tambi\u00e9n es capaz el ser humano.<\/p>\n<p class=\"yiv613269692msonormal\" style=\"margin-top:0cm;margin-right:0cm; margin-bottom:10.0pt;margin-left:0cm;text-align:justify;line-height:14.4pt\"><span lang=\"ES-TRAD\" style=\"color:black;mso-ansi-language:ES-TRAD\">           <span class=\"apple-converted-space\"> <\/span>Decimos, los creyentes, que en el principio estaba la palabra. La palabra creadora, pero luego, apenas si somos conscientes del inmenso poder que \u00e9sta tiene. Sabemos que, en determinadas tribus primitivas, basta con que el cham\u00e1n realice unas cuantas imprecaciones sobre alguien para que ese alguien caiga poco menos que fulminado en el instante. Sabemos, tambi\u00e9n, la cantidad considerable de nuevos gur\u00fas de la palabra que se han enriquecido de manera espectacular (cosa que me parece maravillosa), simplemente, cont\u00e1ndonos las bondades, las posibilidades, la fuerza de la palabra.<span class=\"apple-converted-space\"> <\/span> <\/span><span style=\"font-size:10.0pt;font-family:\"Arial\",\"sans-serif\";color:black\"><o:p><\/o:p><\/span><\/p>\n<p class=\"yiv613269692msonormal\" style=\"margin-top:0cm;margin-right:0cm; margin-bottom:10.0pt;margin-left:0cm;text-align:justify;line-height:14.4pt\"><span lang=\"ES-TRAD\" style=\"color:black;mso-ansi-language:ES-TRAD\">           <span class=\"apple-converted-space\"> <\/span>Estamos al tanto -y a quien no lo est\u00e9 lo pongo yo r\u00e1pidamente- de la corriente psicol\u00f3gica llamad PNL, o sea, Programaci\u00f3n Neuro Ling\u00fc\u00edstica, consistente en estar al loro sobre lo que nos decimos a nosotros mismos y a los dem\u00e1s, es decir, borrar de nuestro disco duro aquella programaci\u00f3n que lleve a sentirnos incapaces, deprimidos, heridos, menospreciados\u2026 en fin, a eliminar el piloto autom\u00e1tico que pusimos en nuestras mentes hace mucho tiempo y a implantar nuevas palabras que nos conduzcan hasta estados infinitamente m\u00e1s saludables y felices, tanto para nosotros como para quienes nos rodean.<\/span><span style=\"font-size:10.0pt;font-family:\"Arial\",\"sans-serif\"; color:black\"><o:p><\/o:p><\/span><\/p>\n<p class=\"yiv613269692msonormal\" style=\"margin-top:0cm;margin-right:0cm; margin-bottom:10.0pt;margin-left:0cm;text-align:justify;line-height:14.4pt\"><span lang=\"ES-TRAD\" style=\"color:black;mso-ansi-language:ES-TRAD\">           <span class=\"apple-converted-space\"> <\/span>Bueno, pues\u2026 que todo esto viene a cuento porque hace unos d\u00edas, cuando le\u00ed que una donaci\u00f3n multiorg\u00e1nica permit\u00eda realizar cuatro trasplantes en Nochevieja, me pareci\u00f3 que era una maravillosa forma de despedir el a\u00f1o. Y me propuse, en mi nueva lista de prop\u00f3sitos, intentar\u2026 al menos, intentar, utilizar el poder de la palabra para mostrarles a ustedes en mis art\u00edculos una peque\u00f1a fracci\u00f3n de esas inconmensurables acciones llenas de amor que, repartidas por \u201ctodo lo largo y ancho de este mundo\u201d que dec\u00eda en mi infancia aquel personaje televisivo llamado el Capit\u00e1n Tan, suceden para prodigio y asombro del propio ser humano.<\/span><span style=\"font-size:10.0pt;font-family:\"Arial\",\"sans-serif\";color:black\"><o:p><\/o:p><\/span><\/p>\n","protected":false},"excerpt":{"rendered":"<p>Yo, que desde que vi, hace a\u00f1os, la pel\u00edcula \u201cCadena de favores\u201d, me he dedicado, en mis ratos libres a estudiar el resultado causa-efecto, tanto de las causas positivas como de las negativas y, de igual manera, de las peque\u00f1as cosas como de las grandes, cada d\u00eda estoy m\u00e1s convencida de que nos tiramos piedras [&hellip;]<\/p>\n","protected":false},"author":17,"featured_media":0,"comment_status":"open","ping_status":"closed","sticky":false,"template":"","format":"standard","meta":[],"categories":[2],"tags":[],"_links":{"self":[{"href":"https:\/\/blogs.laverdad.es\/anamariatomas\/wp-json\/wp\/v2\/posts\/95"}],"collection":[{"href":"https:\/\/blogs.laverdad.es\/anamariatomas\/wp-json\/wp\/v2\/posts"}],"about":[{"href":"https:\/\/blogs.laverdad.es\/anamariatomas\/wp-json\/wp\/v2\/types\/post"}],"author":[{"embeddable":true,"href":"https:\/\/blogs.laverdad.es\/anamariatomas\/wp-json\/wp\/v2\/users\/17"}],"replies":[{"embeddable":true,"href":"https:\/\/blogs.laverdad.es\/anamariatomas\/wp-json\/wp\/v2\/comments?post=95"}],"version-history":[{"count":0,"href":"https:\/\/blogs.laverdad.es\/anamariatomas\/wp-json\/wp\/v2\/posts\/95\/revisions"}],"wp:attachment":[{"href":"https:\/\/blogs.laverdad.es\/anamariatomas\/wp-json\/wp\/v2\/media?parent=95"}],"wp:term":[{"taxonomy":"category","embeddable":true,"href":"https:\/\/blogs.laverdad.es\/anamariatomas\/wp-json\/wp\/v2\/categories?post=95"},{"taxonomy":"post_tag","embeddable":true,"href":"https:\/\/blogs.laverdad.es\/anamariatomas\/wp-json\/wp\/v2\/tags?post=95"}],"curies":[{"name":"wp","href":"https:\/\/api.w.org\/{rel}","templated":true}]}}