{"id":96,"date":"2011-01-15T19:03:00","date_gmt":"2011-01-15T19:03:00","guid":{"rendered":"http:\/\/blogs.laverdad.es\/anamariatomas\/?p=96"},"modified":"2011-01-15T19:03:00","modified_gmt":"2011-01-15T19:03:00","slug":"morir-siendo-bueno","status":"publish","type":"post","link":"https:\/\/blogs.laverdad.es\/anamariatomas\/2011\/01\/15\/morir-siendo-bueno\/","title":{"rendered":"MORIR SIENDO BUENO"},"content":{"rendered":"<p class=\"MsoNormal\" style=\"text-align:justify\"><span lang=\"ES-TRAD\" style=\"font-size:12.0pt;line-height:115%;font-family:\"Times New Roman\",\"serif\"; mso-ansi-language:ES-TRAD\">Hace muy poco vi una pel\u00edcula cuyo final me impact\u00f3 tremendamente. Entender\u00e1n que no les diga el t\u00edtulo, es la mejor forma de evitar que quienes no la han visto se acuerden de todos mis muertos. Porque lo que s\u00ed voy a decirles es que se trata de alguien que prefiere morir asumiendo que lo traten de loco pero como una persona buena, a vivir como un cuerdo pero sabi\u00e9ndose un asesino. A muchos puede parecernos una decisi\u00f3n terrible o, cuanto menos, absurda. Pero todos tenemos dentro de nosotros un pepito grillo que nos impide perdonarnos cosas que ser\u00edamos capaces de perdonar y justificar en otros.<o:p><\/o:p><\/span><\/p>\n<p class=\"MsoNormal\" style=\"text-align:justify\"><span lang=\"ES-TRAD\" style=\"font-size:12.0pt;line-height:115%;font-family:\"Times New Roman\",\"serif\"; mso-ansi-language:ES-TRAD\"><span style=\"mso-tab-count:1\">            <\/span>Dicen que \u201cmuerto el perro se acab\u00f3 la rabia\u201d. Sin embargo, yo no siempre comparto esa opini\u00f3n. A veces, se puede combatir la rabia sin matar al perro. Y, otras, la rabia no se acaba<span style=\"mso-spacerun:yes\">  <\/span>ni con el perro muerto. <o:p><\/o:p><\/span><\/p>\n<p class=\"MsoNormal\" style=\"text-align:justify\"><span lang=\"ES-TRAD\" style=\"font-size:12.0pt;line-height:115%;font-family:\"Times New Roman\",\"serif\"; mso-ansi-language:ES-TRAD\"><span style=\"mso-tab-count:1\">            <\/span>Y digo esto porque me ha producido una gran pena la muerte del ex ciclista Alberto Le\u00f3n imputado en la \u201cOperaci\u00f3n Galgo\u201d por suministrador de sustancias dopantes a deportistas y, anteriormente, en otra causa como consumidor de las mismas. En ambos casos su relaci\u00f3n con la penosa lacra del dopaje en el deporte parec\u00eda m\u00e1s que argumentada. En esta \u00faltima cuesti\u00f3n, parece que, sin acabarse la \u201crabia\u201d, la juez Mercedes P\u00e9rez Barrios archivar\u00e1 en los pr\u00f3ximos d\u00edas la causa penal seguida contra el ciclista.<o:p><\/o:p><\/span><\/p>\n<p class=\"MsoNormal\" style=\"text-align:justify\"><span lang=\"ES-TRAD\" style=\"font-size:12.0pt;line-height:115%;font-family:\"Times New Roman\",\"serif\"; mso-ansi-language:ES-TRAD\"><span style=\"mso-tab-count:1\">            <\/span>\u00bfHasta qu\u00e9 punto era inocente o culpable? Puede que me digan que eso no se sabr\u00e1 nunca. Pero yo me aventurar\u00eda a decir que, al igual que el resto de deportistas que se dopan, son todos inocentes, y que los culpables somos quienes formamos esta sociedad en donde como ya se sabe \u201cel triunfo tiene muchos padres, pero el fracaso es hu\u00e9rfano\u201d. Todos triunfamos cuando triunfan nuestros deportistas. Les pedimos m\u00e1s, les exigimos m\u00e1s, mucho m\u00e1s de lo que pueden darnos (y vaya por delante mi absoluta admiraci\u00f3n y respeto a quienes se limitan a lo que pueda dar su cuerpo), y ellos, en su af\u00e1n de no defraudar a quienes los jalean -s\u00f3lo porque triunfan-, son capaces de vender su alma al diablo de cualesquiera sustancias que, aunque los envenenen, los conduzcan al triunfo. Nuestros aplausos son su alimento y no dudan en pisar cabezas de otros deportistas que s\u00f3lo arriesguen su capacidad deportiva, y no dudan porque las primeras cabezas que pisan son las suyas propias. Sin embargo, cuando pierden\u2026 siempre son ellos solos los perdedores. Nada tenemos nosotros que ver con su derrota.<o:p><\/o:p><\/span><\/p>\n<p class=\"MsoNormal\" style=\"text-align:justify\"><span lang=\"ES-TRAD\" style=\"font-size:12.0pt;line-height:115%;font-family:\"Times New Roman\",\"serif\"; mso-ansi-language:ES-TRAD\"><span style=\"mso-tab-count:1\">            <\/span>Y nosotros \u00bfqu\u00e9 les damos? Yo se lo dir\u00e9: les damos nuestra hip\u00f3crita repulsa. Un par de buenos titulares y, acto seguido, nuestro olvido. \u00bfQui\u00e9n se acordar\u00e1 de \u00e9l, de su angustia, de su triunfo, de su acorralamiento, de sus \u00e9xitos, de sus implicaciones\u2026 en todas las mierdas que contienen los alcantarillados de todos los triunfos\u2026 cuando pasen los meses, los a\u00f1os&#8230;? S\u00f3lo los suyos. Aquellos que, probablemente, le habr\u00e1n advertido del riesgo, del peligro, de lo que se jugaba. Aquellos que lo amaban por lo que era y no por lo que hac\u00eda. Aquellos para los que nunca podr\u00e1 ser reemplazado.<o:p><\/o:p><\/span><\/p>\n<p class=\"MsoNormal\" style=\"text-align:justify\"><span lang=\"ES-TRAD\" style=\"font-size:12.0pt;line-height:115%;font-family:\"Times New Roman\",\"serif\"; mso-ansi-language:ES-TRAD\"><span style=\"mso-tab-count:1\">            <\/span>La peor de las enfermedades es la desesperanza. \u00bfHasta d\u00f3nde estaba enfermo de desesperanza para ver como \u00fanica salida la muerte\u2026? \u00bfQu\u00e9 era lo peor que pod\u00eda ocurrirle\u2026 la c\u00e1rcel\u2026 el desprestigio\u2026 el deshonor\u2026? Todo eso, por separado o junto, no son m\u00e1s que fantasmas que nos imponemos o nos imponen. Desgraciadamente, vemos el fracaso como el peor de los castigos, en lugar de verlo, simplemente, como una oportunidad de crecer, de mejorar, de aprender.<o:p><\/o:p><\/span><\/p>\n<p class=\"MsoNormal\" style=\"text-align:justify\"><span lang=\"ES-TRAD\" style=\"font-size:12.0pt;line-height:115%;font-family:\"Times New Roman\",\"serif\"; mso-ansi-language:ES-TRAD\"><span style=\"mso-tab-count:1\">            <\/span>A Thomas Alva Edison le preguntaron c\u00f3mo se sent\u00eda despu\u00e9s de haber fracasado mil veces en idear una bombilla y \u00e9l respondi\u00f3: \u201cNo fracas\u00e9 mil veces para hacer una bombilla, descubr\u00ed mil formas de no hacer una bombilla\u201d.<o:p><\/o:p><\/span><\/p>\n<p class=\"MsoNormal\" style=\"text-align:justify\"><span lang=\"ES-TRAD\" style=\"font-size:12.0pt;line-height:115%;font-family:\"Times New Roman\",\"serif\"; mso-ansi-language:ES-TRAD\"><span style=\"mso-tab-count:1\">            <\/span>Qu\u00e9 pena que con tanta bombilla andemos tan faltos de luz.<o:p><\/o:p><\/span><\/p>\n<p><IMG src=\"\/anamariatomas\/wp-content\/uploads\/sites\/17\" id=\"img_0\" class=\"imgizqda\"><IMG src=\"\/anamariatomas\/wp-content\/uploads\/sites\/17\" id=\"img_1\" class=\"imgizqda\"><\/p>\n","protected":false},"excerpt":{"rendered":"<p>Hace muy poco vi una pel\u00edcula cuyo final me impact\u00f3 tremendamente. Entender\u00e1n que no les diga el t\u00edtulo, es la mejor forma de evitar que quienes no la han visto se acuerden de todos mis muertos. Porque lo que s\u00ed voy a decirles es que se trata de alguien que prefiere morir asumiendo que lo [&hellip;]<\/p>\n","protected":false},"author":17,"featured_media":0,"comment_status":"open","ping_status":"closed","sticky":false,"template":"","format":"standard","meta":[],"categories":[2],"tags":[],"_links":{"self":[{"href":"https:\/\/blogs.laverdad.es\/anamariatomas\/wp-json\/wp\/v2\/posts\/96"}],"collection":[{"href":"https:\/\/blogs.laverdad.es\/anamariatomas\/wp-json\/wp\/v2\/posts"}],"about":[{"href":"https:\/\/blogs.laverdad.es\/anamariatomas\/wp-json\/wp\/v2\/types\/post"}],"author":[{"embeddable":true,"href":"https:\/\/blogs.laverdad.es\/anamariatomas\/wp-json\/wp\/v2\/users\/17"}],"replies":[{"embeddable":true,"href":"https:\/\/blogs.laverdad.es\/anamariatomas\/wp-json\/wp\/v2\/comments?post=96"}],"version-history":[{"count":0,"href":"https:\/\/blogs.laverdad.es\/anamariatomas\/wp-json\/wp\/v2\/posts\/96\/revisions"}],"wp:attachment":[{"href":"https:\/\/blogs.laverdad.es\/anamariatomas\/wp-json\/wp\/v2\/media?parent=96"}],"wp:term":[{"taxonomy":"category","embeddable":true,"href":"https:\/\/blogs.laverdad.es\/anamariatomas\/wp-json\/wp\/v2\/categories?post=96"},{"taxonomy":"post_tag","embeddable":true,"href":"https:\/\/blogs.laverdad.es\/anamariatomas\/wp-json\/wp\/v2\/tags?post=96"}],"curies":[{"name":"wp","href":"https:\/\/api.w.org\/{rel}","templated":true}]}}