{"id":99,"date":"2011-02-05T19:19:00","date_gmt":"2011-02-05T19:19:00","guid":{"rendered":"http:\/\/blogs.laverdad.es\/anamariatomas\/?p=99"},"modified":"2011-02-05T19:19:00","modified_gmt":"2011-02-05T19:19:00","slug":"podria-ser-cruz","status":"publish","type":"post","link":"https:\/\/blogs.laverdad.es\/anamariatomas\/2011\/02\/05\/podria-ser-cruz\/","title":{"rendered":"PODR\u00cdA SER CRUZ&#8230;"},"content":{"rendered":"<p class=\"MsoNormal\" style=\"margin-left:90.0pt\"><b style=\"mso-bidi-font-weight: normal\"><span style=\"font-size:14.0pt;font-family:\"Arial Black\",\"sans-serif\"\">Podr\u00eda ser <span style=\"mso-spacerun:yes\"> <\/span>una cruz<br \/>\n -tras veinte a\u00f1os-<br \/>\n la ausencia de pasi\u00f3n que nos habita,<br \/>\n la calma o el silencio<br \/>\n -en la alcoba, en el ba\u00f1o, en la comida-<br \/>\n sin la impaciencia ardiente <o:p><\/o:p><\/span><\/strong><\/p>\n<p class=\"MsoNormal\" style=\"margin-left:90.0pt\"><b style=\"mso-bidi-font-weight: normal\"><span style=\"font-size:14.0pt;font-family:\"Arial Black\",\"sans-serif\"\">de otro tiempo\u2026<o:p><\/o:p><\/span><\/strong><\/p>\n<p class=\"MsoNormal\" style=\"margin-left:90.0pt\"><b style=\"mso-bidi-font-weight: normal\"><span style=\"font-size:14.0pt;font-family:\"Arial Black\",\"sans-serif\"\"><o:p> <\/o:p><\/span><\/strong><\/p>\n<p class=\"MsoNormal\" style=\"margin-left:90.0pt\"><b style=\"mso-bidi-font-weight: normal\"><span style=\"font-size:14.0pt;font-family:\"Arial Black\",\"sans-serif\"\">Podr\u00eda ser una cruz<br \/>\n esa flema, de gris indiferencia,<br \/>\n cruz\u00e1ndose desnudos<br \/>\n dos cuerpos, dos bultos, dos pavesas<o:p><\/o:p><\/span><\/strong><\/p>\n<p class=\"MsoNormal\" style=\"margin-left:90.0pt\"><b style=\"mso-bidi-font-weight: normal\"><span style=\"font-size:14.0pt;font-family:\"Arial Black\",\"sans-serif\"\">-otrora llama viva-<o:p><\/o:p><\/span><\/strong><\/p>\n<p class=\"MsoNormal\" style=\"margin-left:90.0pt\"><b style=\"mso-bidi-font-weight: normal\"><span style=\"font-size:14.0pt;font-family:\"Arial Black\",\"sans-serif\"\">en la penumbra tibia y perezosa<o:p><\/o:p><\/span><\/strong><\/p>\n<p class=\"MsoNormal\" style=\"margin-left:90.0pt\"><b style=\"mso-bidi-font-weight: normal\"><span style=\"font-size:14.0pt;font-family:\"Arial Black\",\"sans-serif\"\">donde en furor ard\u00edamos las horas<o:p><\/o:p><\/span><\/strong><\/p>\n<p class=\"MsoNormal\" style=\"margin-left:90.0pt\"><b style=\"mso-bidi-font-weight: normal\"><span style=\"font-size:14.0pt;font-family:\"Arial Black\",\"sans-serif\"\">tras una leve ausencia\u2026<o:p><\/o:p><\/span><\/strong><\/p>\n<p class=\"MsoNormal\" style=\"margin-left:90.0pt\"><b style=\"mso-bidi-font-weight: normal\"><span style=\"font-size:14.0pt;font-family:\"Arial Black\",\"sans-serif\"\"><br \/>\n Podr\u00eda ser cruz la indiferencia<br \/>\n de los momentos muertos<o:p><\/o:p><\/span><\/strong><\/p>\n<p class=\"MsoNormal\" style=\"margin-left:90.0pt\"><b style=\"mso-bidi-font-weight: normal\"><span style=\"font-size:14.0pt;font-family:\"Arial Black\",\"sans-serif\"\">-\u00bfo est\u00e1n s\u00f3lo dormidos?-<o:p><\/o:p><\/span><\/strong><\/p>\n<p class=\"MsoNormal\" style=\"margin-left:90.0pt\"><b style=\"mso-bidi-font-weight: normal\"><span style=\"font-size:14.0pt;font-family:\"Arial Black\",\"sans-serif\"\">Y el opaco sonido de instrumentos<o:p><\/o:p><\/span><\/strong><\/p>\n<p class=\"MsoNormal\" style=\"margin-left:90.0pt\"><b style=\"mso-bidi-font-weight: normal\"><span style=\"font-size:14.0pt;font-family:\"Arial Black\",\"sans-serif\"\">Con la pereza propia del olvido\u2026<o:p><\/o:p><\/span><\/strong><\/p>\n<p class=\"MsoNormal\" style=\"margin-left:90.0pt\"><b style=\"mso-bidi-font-weight: normal\"><span style=\"font-size:14.0pt;font-family:\"Arial Black\",\"sans-serif\"\"><br \/>\n Podr\u00eda ser cruz y con espinas<br \/>\n la ausencia de tus besos en mi frente,<br \/>\n las tardes de peri\u00f3dico y partidos,<br \/>\n de distancias, de silencios estridentes.<o:p><\/o:p><\/span><\/strong><\/p>\n<p class=\"MsoNormal\" style=\"margin-left:90.0pt\"><b style=\"mso-bidi-font-weight: normal\"><span style=\"font-size:14.0pt;font-family:\"Arial Black\",\"sans-serif\"\"><br \/>\n Podr\u00eda ser una cruz, pero es m\u00e1s cierto<br \/>\n que la pasi\u00f3n se viste ahora de ternura,<o:p><\/o:p><\/span><\/strong><\/p>\n<p class=\"MsoNormal\" style=\"margin-left:90.0pt\"><b style=\"mso-bidi-font-weight: normal\"><span style=\"font-size:14.0pt;font-family:\"Arial Black\",\"sans-serif\"\">de caricia el furor<br \/>\n y el vigor cambi\u00f3 por experiencia,<br \/>\n que las ansias de tenerte con usura<o:p><\/o:p><\/span><\/strong><\/p>\n<p class=\"MsoNormal\" style=\"margin-left:90.0pt\"><b style=\"mso-bidi-font-weight: normal\"><span style=\"font-size:14.0pt;font-family:\"Arial Black\",\"sans-serif\"\">ahora es gozo nimbado de paciencia;<br \/>\n que, callado y absorto, basta un gui\u00f1o<br \/>\n para leer en tu rostro confidencias;<o:p><\/o:p><\/span><\/strong><\/p>\n<p class=\"MsoNormal\" style=\"margin-left:90.0pt\"><b style=\"mso-bidi-font-weight: normal\"><span style=\"font-size:14.0pt;font-family:\"Arial Black\",\"sans-serif\"\">Que es demencia pensar<o:p><\/o:p><\/span><\/strong><\/p>\n<p class=\"MsoNormal\" style=\"margin-left:90.0pt\"><b style=\"mso-bidi-font-weight: normal\"><span style=\"font-size:14.0pt;font-family:\"Arial Black\",\"sans-serif\"\">posible nuestras vidas en la ausencia\u2026<o:p><\/o:p><\/span><\/strong><\/p>\n<p class=\"MsoNormal\" style=\"margin-left:90.0pt\"><b style=\"mso-bidi-font-weight: normal\"><span style=\"font-size:14.0pt;font-family:\"Arial Black\",\"sans-serif\"\"><o:p> <\/o:p><\/span><\/strong><\/p>\n<p class=\"MsoNormal\" style=\"margin-left:90.0pt\"><b style=\"mso-bidi-font-weight: normal\"><span style=\"font-size:14.0pt;font-family:\"Arial Black\",\"sans-serif\"\">Podr\u00eda ser cruz si no tuviera<o:p><\/o:p><\/span><\/strong><\/p>\n<p class=\"MsoNormal\" style=\"margin-left:90.0pt\"><b style=\"mso-bidi-font-weight: normal\"><span style=\"font-size:14.0pt;font-family:\"Arial Black\",\"sans-serif\"\">De tu luz la certeza en mi mirada;<o:p><\/o:p><\/span><\/strong><\/p>\n<p class=\"MsoNormal\" style=\"margin-left:90.0pt\"><b style=\"mso-bidi-font-weight: normal\"><span style=\"font-size:14.0pt;font-family:\"Arial Black\",\"sans-serif\"\">Podria ser cruz si no sintiera<o:p><\/o:p><\/span><\/strong><\/p>\n<p class=\"MsoNormal\" style=\"margin-left:90.0pt\"><b style=\"mso-bidi-font-weight: normal\"><span style=\"font-size:14.0pt;font-family:\"Arial Black\",\"sans-serif\"\">Palomas ululando por tu viento\u2026<o:p><\/o:p><\/span><\/strong><\/p>\n<p class=\"MsoNormal\" style=\"margin-left:90.0pt\"><b style=\"mso-bidi-font-weight: normal\"><span style=\"font-size:14.0pt;font-family:\"Arial Black\",\"sans-serif\"\"><o:p> <\/o:p><\/span><\/strong><\/p>\n<p class=\"MsoNormal\" style=\"margin-left:90.0pt\"><b style=\"mso-bidi-font-weight: normal\"><span style=\"font-size:14.0pt;font-family:\"Arial Black\",\"sans-serif\"\">Y lazos anudados con semillas,<o:p><\/o:p><\/span><\/strong><\/p>\n<p class=\"MsoNormal\" style=\"margin-left:90.0pt\"><b style=\"mso-bidi-font-weight: normal\"><span style=\"font-size:14.0pt;font-family:\"Arial Black\",\"sans-serif\"\">Y besos c\u00f3mo c\u00edngulos atados,<o:p><\/o:p><\/span><\/strong><\/p>\n<p class=\"MsoNormal\" style=\"margin-left:90.0pt\"><b style=\"mso-bidi-font-weight: normal\"><span style=\"font-size:14.0pt;font-family:\"Arial Black\",\"sans-serif\"\">Y escarcha y desconcierto por tus labios\u2026<o:p><\/o:p><\/span><\/strong><\/p>\n<p class=\"MsoNormal\" style=\"margin-left:90.0pt\"><b style=\"mso-bidi-font-weight: normal\"><span style=\"font-size:14.0pt;font-family:\"Arial Black\",\"sans-serif\"\"><o:p> <\/o:p><\/span><\/strong><\/p>\n<p class=\"MsoNormal\" style=\"margin-left:90.0pt\"><b style=\"mso-bidi-font-weight: normal\"><span style=\"font-size:14.0pt;font-family:\"Arial Black\",\"sans-serif\"\">Podr\u00eda ser una cruz<o:p><\/o:p><\/span><\/strong><\/p>\n<p class=\"MsoNormal\" style=\"margin-left:90.0pt\"><b style=\"mso-bidi-font-weight: normal\"><span style=\"font-size:14.0pt;font-family:\"Arial Black\",\"sans-serif\"\">A pulso rellenar \u2013l\u00e1grima a l\u00e1grima-<o:p><\/o:p><\/span><\/strong><\/p>\n<p class=\"MsoNormal\" style=\"margin-left:90.0pt\"><b style=\"mso-bidi-font-weight: normal\"><span style=\"font-size:14.0pt;font-family:\"Arial Black\",\"sans-serif\"\">La l\u00e1mpara de aceite \u2013votiva e infinita-<o:p><\/o:p><\/span><\/strong><\/p>\n<p class=\"MsoNormal\" style=\"margin-left:90.0pt\"><b style=\"mso-bidi-font-weight: normal\"><span style=\"font-size:14.0pt;font-family:\"Arial Black\",\"sans-serif\"\">Que ilumina el regreso del esposo\u2026<o:p><\/o:p><\/span><\/strong><\/p>\n<p class=\"MsoNormal\" style=\"margin-left:90.0pt\"><b style=\"mso-bidi-font-weight: normal\"><span style=\"font-size:14.0pt;font-family:\"Arial Black\",\"sans-serif\"\">Alcuza eterna soy \u2013tesoro y mina-<o:p><\/o:p><\/span><\/strong><\/p>\n<p class=\"MsoNormal\" style=\"margin-left:90.0pt\"><b style=\"mso-bidi-font-weight: normal\"><span style=\"font-size:14.0pt;font-family:\"Arial Black\",\"sans-serif\"\">para tu luz, mi amor\u2026<o:p><\/o:p><\/span><\/strong><\/p>\n<p class=\"MsoNormal\" style=\"margin-left:90.0pt\"><b style=\"mso-bidi-font-weight: normal\"><span style=\"font-size:14.0pt;font-family:\"Arial Black\",\"sans-serif\"\"><o:p> <\/o:p><\/span><\/strong><\/p>\n<p class=\"MsoNormal\" style=\"margin-left:90.0pt\"><b style=\"mso-bidi-font-weight: normal\"><span style=\"font-size:14.0pt;font-family:\"Arial Black\",\"sans-serif\"\">Podr\u00eda ser cruz\u2026<o:p><\/o:p><\/span><\/strong><\/p>\n<p class=\"MsoNormal\" style=\"margin-left:90.0pt\"><b style=\"mso-bidi-font-weight: normal\"><span style=\"font-size:14.0pt;font-family:\"Arial Black\",\"sans-serif\"\"><span style=\"mso-spacerun:yes\">       <\/span>\u00a1m\u00e1s s\u00f3lo es vida!<o:p><\/o:p><\/span><\/strong><\/p>\n<p class=\"MsoNormal\" style=\"margin-left:90.0pt\"><b style=\"mso-bidi-font-weight: normal\"><span style=\"font-size:14.0pt;font-family:\"Arial Black\",\"sans-serif\"\"><br \/>\n<\/span><\/strong><\/p>\n<p class=\"MsoNormal\" style=\"margin-left:90.0pt\"><b style=\"mso-bidi-font-weight: normal\"><span style=\"font-size:14.0pt;font-family:\"Arial Black\",\"sans-serif\"\"><br \/>\n<\/span><\/strong><\/p>\n<p class=\"MsoNormal\" style=\"margin-left:90.0pt\"><b style=\"mso-bidi-font-weight: normal\"><span style=\"font-size:14.0pt;font-family:\"Arial Black\",\"sans-serif\"\">Autores:<br style=\"mso-special-character:line-break\">         Salvador Moreno y Ana Mar\u00eda Tom\u00e1s<o:p><\/o:p><\/span><\/strong><\/p>\n<p class=\"MsoNormal\" style=\"margin-left:90.0pt\"><b style=\"mso-bidi-font-weight: normal\"><span style=\"font-size:14.0pt;font-family:\"Arial Black\",\"sans-serif\"\"><span style=\"mso-spacerun:yes\">   (Primer Premio Internacional Cartas de Amor, XIV Edic. de Radio Nacional de Espa\u00f1a en Cuenca. Mayo 2006) <\/span><\/span><\/strong><\/p>\n<p class=\"MsoNormal\" style=\"margin-left:90.0pt\"><b style=\"mso-bidi-font-weight: normal\"><span style=\"font-size:14.0pt;font-family:\"Arial Black\",\"sans-serif\"\"><span style=\"mso-spacerun:yes\">  <\/span><\/span><\/strong><b style=\"mso-bidi-font-weight: normal\"><span style=\"font-size:14.0pt;font-family:\"Arial Black\",\"sans-serif\"\"><span style=\"mso-spacerun:yes\"> <\/span><span style=\"mso-spacerun:yes\">         <\/span><\/span><\/strong><\/p>\n<p class=\"MsoNormal\"><b style=\"mso-bidi-font-weight:normal\"><span style=\"font-size:14.0pt;font-family:\"Arial Black\",\"sans-serif\"\"><o:p> <\/o:p><\/span><\/strong><\/p>\n<p class=\"MsoNormal\"><b style=\"mso-bidi-font-weight:normal\"><span style=\"font-size:14.0pt;font-family:\"Arial Black\",\"sans-serif\"\"><o:p> <\/o:p><\/span><\/strong><\/p>\n","protected":false},"excerpt":{"rendered":"<p>Podr\u00eda ser una cruz -tras veinte a\u00f1os- la ausencia de pasi\u00f3n que nos habita, la calma o el silencio -en la alcoba, en el ba\u00f1o, en la comida- sin la impaciencia ardiente de otro tiempo\u2026 Podr\u00eda ser una cruz esa flema, de gris indiferencia, cruz\u00e1ndose desnudos dos cuerpos, dos bultos, dos pavesas -otrora llama viva- [&hellip;]<\/p>\n","protected":false},"author":17,"featured_media":0,"comment_status":"open","ping_status":"closed","sticky":false,"template":"","format":"standard","meta":[],"categories":[2],"tags":[],"_links":{"self":[{"href":"https:\/\/blogs.laverdad.es\/anamariatomas\/wp-json\/wp\/v2\/posts\/99"}],"collection":[{"href":"https:\/\/blogs.laverdad.es\/anamariatomas\/wp-json\/wp\/v2\/posts"}],"about":[{"href":"https:\/\/blogs.laverdad.es\/anamariatomas\/wp-json\/wp\/v2\/types\/post"}],"author":[{"embeddable":true,"href":"https:\/\/blogs.laverdad.es\/anamariatomas\/wp-json\/wp\/v2\/users\/17"}],"replies":[{"embeddable":true,"href":"https:\/\/blogs.laverdad.es\/anamariatomas\/wp-json\/wp\/v2\/comments?post=99"}],"version-history":[{"count":0,"href":"https:\/\/blogs.laverdad.es\/anamariatomas\/wp-json\/wp\/v2\/posts\/99\/revisions"}],"wp:attachment":[{"href":"https:\/\/blogs.laverdad.es\/anamariatomas\/wp-json\/wp\/v2\/media?parent=99"}],"wp:term":[{"taxonomy":"category","embeddable":true,"href":"https:\/\/blogs.laverdad.es\/anamariatomas\/wp-json\/wp\/v2\/categories?post=99"},{"taxonomy":"post_tag","embeddable":true,"href":"https:\/\/blogs.laverdad.es\/anamariatomas\/wp-json\/wp\/v2\/tags?post=99"}],"curies":[{"name":"wp","href":"https:\/\/api.w.org\/{rel}","templated":true}]}}