{"id":39,"name":"Pachi Larrosa","url":"","description":"Periodista, cr\u00edtico gastron\u00f3mico. Miembro de la Academia de Gastronom\u00eda de la Regi\u00f3n de Murcia.","link":"https:\/\/blogs.laverdad.es\/elalmirez\/author\/flarrosa_70\/","slug":"flarrosa_70","avatar_urls":{"24":"https:\/\/secure.gravatar.com\/avatar\/b599373fe19850e590a87f2a73fce0254c0d48edb708b04eb7673fde45b3b466?s=24&d=mm&r=g","48":"https:\/\/secure.gravatar.com\/avatar\/b599373fe19850e590a87f2a73fce0254c0d48edb708b04eb7673fde45b3b466?s=48&d=mm&r=g","96":"https:\/\/secure.gravatar.com\/avatar\/b599373fe19850e590a87f2a73fce0254c0d48edb708b04eb7673fde45b3b466?s=96&d=mm&r=g","128":"https:\/\/secure.gravatar.com\/avatar\/b599373fe19850e590a87f2a73fce0254c0d48edb708b04eb7673fde45b3b466?s=128&d=mm&r=g"},"meta":[],"_links":{"self":[{"href":"https:\/\/blogs.laverdad.es\/elalmirez\/wp-json\/wp\/v2\/users\/39","targetHints":{"allow":["GET"]}}],"collection":[{"href":"https:\/\/blogs.laverdad.es\/elalmirez\/wp-json\/wp\/v2\/users"}]}}