{"id":1086,"date":"2023-02-06T10:58:15","date_gmt":"2023-02-06T09:58:15","guid":{"rendered":"https:\/\/blogs.laverdad.es\/elsaltodelgrillo\/?p=1086"},"modified":"2023-02-06T10:58:29","modified_gmt":"2023-02-06T09:58:29","slug":"la-gran-nevada-en-la-manga","status":"publish","type":"post","link":"https:\/\/blogs.laverdad.es\/elsaltodelgrillo\/2023\/02\/06\/la-gran-nevada-en-la-manga\/","title":{"rendered":"La gran nevada&#8230; en La Manga"},"content":{"rendered":"<p>La Regi\u00f3n se despert\u00f3 sorprendida por la nevada que cubri\u00f3 de blanco La Manga y Cabo de Palos. Acontecimiento no visto desde el a\u00f1o 1944.<\/p>\n<p>La nieve pinta de blanco el lugar donde vive el sol. Las playas de ambos sitios, amanecieron ayer cubiertas por un espeso e inmaculado manto como no se hab\u00eda visto desde hace m\u00e1s de 60 a\u00f1os, comentaron sorprendidos los m\u00e1s viejos del lugar.<\/p>\n<p>Los copos volvieron a caer sobre los barcos pesqueros y las artes apiladas en el muelle de Cabo de Palos. Y tambi\u00e9n, en las finas arenas de la playa de Levante, por donde los m\u00e1s atrevidos no dudaron en salir, bien pertrechados, contra el g\u00e9lido frio maestral.<\/p>\n<p>Hasta los cuidados campos de golf de La Manga Club perdieron por unas horas su verdor y dejaron el protagonismo a la refulgente nieve que cay\u00f3 durante dos horas para sorpresa de brit\u00e1nicos y escandinavos que hab\u00edan llegado a Cartagena confiando en mejorar su \u2018putt\u2019 bajo el tibio sol del invierno mediterr\u00e1neo.<\/p>\n<p>Bien abrigados, lanzando bolas de nieve en la playa y con c\u00e1maras de fotos y video. Cientos de personas dejaron constancia del hist\u00f3rico momento. Hasta las islas del Ciervo y del Bar\u00f3n en el Mar Menor tuvieron coronilla blanca por todo el d\u00eda. La ocasi\u00f3n, por \u00fanica, lo merec\u00eda.<\/p>\n<p>Murcia, 6 de febrero de 2023<\/p>\n","protected":false},"excerpt":{"rendered":"<p>La Regi\u00f3n se despert\u00f3 sorprendida por la nevada que cubri\u00f3 de blanco La Manga y Cabo de Palos. Acontecimiento no visto desde el a\u00f1o 1944. La nieve pinta de blanco el lugar donde vive el sol. Las playas de ambos sitios, amanecieron ayer cubiertas por un espeso e inmaculado manto como no se hab\u00eda visto [&hellip;]<\/p>\n","protected":false},"author":23,"featured_media":1087,"comment_status":"open","ping_status":"open","sticky":false,"template":"","format":"standard","meta":[],"categories":[1],"tags":[],"_links":{"self":[{"href":"https:\/\/blogs.laverdad.es\/elsaltodelgrillo\/wp-json\/wp\/v2\/posts\/1086"}],"collection":[{"href":"https:\/\/blogs.laverdad.es\/elsaltodelgrillo\/wp-json\/wp\/v2\/posts"}],"about":[{"href":"https:\/\/blogs.laverdad.es\/elsaltodelgrillo\/wp-json\/wp\/v2\/types\/post"}],"author":[{"embeddable":true,"href":"https:\/\/blogs.laverdad.es\/elsaltodelgrillo\/wp-json\/wp\/v2\/users\/23"}],"replies":[{"embeddable":true,"href":"https:\/\/blogs.laverdad.es\/elsaltodelgrillo\/wp-json\/wp\/v2\/comments?post=1086"}],"version-history":[{"count":2,"href":"https:\/\/blogs.laverdad.es\/elsaltodelgrillo\/wp-json\/wp\/v2\/posts\/1086\/revisions"}],"predecessor-version":[{"id":1089,"href":"https:\/\/blogs.laverdad.es\/elsaltodelgrillo\/wp-json\/wp\/v2\/posts\/1086\/revisions\/1089"}],"wp:featuredmedia":[{"embeddable":true,"href":"https:\/\/blogs.laverdad.es\/elsaltodelgrillo\/wp-json\/wp\/v2\/media\/1087"}],"wp:attachment":[{"href":"https:\/\/blogs.laverdad.es\/elsaltodelgrillo\/wp-json\/wp\/v2\/media?parent=1086"}],"wp:term":[{"taxonomy":"category","embeddable":true,"href":"https:\/\/blogs.laverdad.es\/elsaltodelgrillo\/wp-json\/wp\/v2\/categories?post=1086"},{"taxonomy":"post_tag","embeddable":true,"href":"https:\/\/blogs.laverdad.es\/elsaltodelgrillo\/wp-json\/wp\/v2\/tags?post=1086"}],"curies":[{"name":"wp","href":"https:\/\/api.w.org\/{rel}","templated":true}]}}