{"id":1091,"date":"2023-02-24T18:10:25","date_gmt":"2023-02-24T17:10:25","guid":{"rendered":"https:\/\/blogs.laverdad.es\/elsaltodelgrillo\/?p=1091"},"modified":"2023-02-24T18:10:25","modified_gmt":"2023-02-24T17:10:25","slug":"albatros-2","status":"publish","type":"post","link":"https:\/\/blogs.laverdad.es\/elsaltodelgrillo\/2023\/02\/24\/albatros-2\/","title":{"rendered":"Albatros"},"content":{"rendered":"<p>Sola y olvidada, como desahuciada queda la playa<span class=\"grammar correction\" title=\"No se deja un espacio antes del punto.\" data-type=\"grammar\" data-suggestions=\"[{&quot;value&quot;:&quot;.&quot;}]\" data-rule=\"COMMA_PARENTHESIS_WHITESPACE\" data-word=\" .\">.<\/span><\/p>\n<p>Puertas cerradas, ventanas enclavadas y barcas varadas.<\/p>\n<p>H\u00fameda bruma matutina oscurece el d\u00eda.<\/p>\n<p>Y el cansino ritmo de las <span class=\"error grammar\" title=\"Esta frase no empieza con may\u00fascula.\" data-type=\"grammar\" data-suggestions=\"[{&quot;value&quot;:&quot;Olas&quot;}]\" data-rule=\"UPPERCASE_SENTENCE_START\" data-word=\"olas\">olas<\/span> acompa\u00f1an mi solitario paseo.<\/p>\n<p>Nada encuentro, bueno si, mirando los pantalanes del puerto, <span class=\"grammar correction\" title=\"El pronombre personal \u00abt\u00fa\u00bb lleva tilde.\" data-type=\"grammar\" data-suggestions=\"[{&quot;value&quot;:&quot;t\u00fa&quot;}]\" data-rule=\"TU_TILDE\" data-word=\"tu\">tu<\/span> r\u00edtmico aleteo te delata.<\/p>\n<p>Cuando vi tu figura pidiendo ayuda<span class=\"grammar correction\" title=\"Falta un espacio tras el punto.\" data-type=\"grammar\" data-suggestions=\"[{&quot;value&quot;:&quot;. Tu&quot;}]\" data-rule=\"ESPACIO_DESPUES_DE_PUNTO\" data-word=\".Tu\">. <\/span><\/p>\n<p><span class=\"grammar correction\" title=\"Falta un espacio tras el punto.\" data-type=\"grammar\" data-suggestions=\"[{&quot;value&quot;:&quot;. Tu&quot;}]\" data-rule=\"ESPACIO_DESPUES_DE_PUNTO\" data-word=\".Tu\">Tu<\/span> piar, una sonata, con tus tres <span class=\"error grammar\" title=\"Esta frase no empieza con may\u00fascula.\" data-type=\"grammar\" data-suggestions=\"[{&quot;value&quot;:&quot;Metros&quot;}]\" data-rule=\"UPPERCASE_SENTENCE_START\" data-word=\"metros\">metros<\/span> y largas alas, torpemente te posas en el espig\u00f3n de poniente.<\/p>\n<p>Buscas tu fiel pareja<span class=\"grammar correction\" title=\"Se deja un espacio despu\u00e9s de coma y nunca antes del signo ortogr\u00e1fico.\" data-type=\"grammar\" data-suggestions=\"[{&quot;value&quot;:&quot;,&quot;}]\" data-rule=\"COMMA_PARENTHESIS_WHITESPACE\" data-word=\" ,\">,<\/span> cincuenta a\u00f1os unidos, y anidar\u00e1s tu \u00fanico <span class=\"error grammar\" title=\"Esta frase no empieza con may\u00fascula.\" data-type=\"grammar\" data-suggestions=\"[{&quot;value&quot;:&quot;Descendiente&quot;}]\" data-rule=\"UPPERCASE_SENTENCE_START\" data-word=\"descendiente\">descendiente<\/span> que tu naturaleza impone y no deseas dejar en el olvido.<\/p>\n<p>Pero cuidado, sufriste la <span class=\"misspelling correction\" title=\"Se ha encontrado un posible error ortogr\u00e1fico.\" data-type=\"misspelling\" data-suggestions=\"[{&quot;value&quot;:&quot;tragedia&quot;},{&quot;value&quot;:&quot;tragedias&quot;}]\" data-rule=\"MORFOLOGIK_RULE_ES\" data-word=\"traged\u00eda\">tragedia<\/span>, comiste del pl\u00e1stico que el mar <span class=\"error grammar\" title=\"Posible confusi\u00f3n. Si es un sustantivo (bebida), lleva tilde.\" data-type=\"grammar\" data-suggestions=\"[{&quot;value&quot;:&quot;de&quot;},{&quot;value&quot;:&quot;t\u00e9&quot;}]\" data-rule=\"TE_TILDE2\" data-word=\"te\">te<\/span> <span class=\"error grammar\" title=\"Esta frase no empieza con may\u00fascula.\" data-type=\"grammar\" data-suggestions=\"[{&quot;value&quot;:&quot;Ofrec\u00eda&quot;}]\" data-rule=\"UPPERCASE_SENTENCE_START\" data-word=\"ofrec\u00eda\">ofrec\u00eda<\/span> creyendo ser un calamar.<\/p>\n<p>Se repite la fatal muerte por ingesti\u00f3n de un bello ejemplar en <span class=\"misspelling correction\" title=\"Se ha encontrado un posible error ortogr\u00e1fico.\" data-type=\"misspelling\" data-suggestions=\"[{&quot;value&quot;:&quot;v\u00edas&quot;},{&quot;value&quot;:&quot;d\u00edas&quot;},{&quot;value&quot;:&quot;v\u00eda&quot;},{&quot;value&quot;:&quot;bits&quot;},{&quot;value&quot;:&quot;vidas&quot;},{&quot;value&quot;:&quot;bayas&quot;},{&quot;value&quot;:&quot;vial&quot;}]\" data-rule=\"MORFOLOGIK_RULE_ES\" data-word=\"vias\">v\u00edas<\/span> <span class=\"error grammar\" title=\"Esta frase no empieza con may\u00fascula.\" data-type=\"grammar\" data-suggestions=\"[{&quot;value&quot;:&quot;De&quot;}]\" data-rule=\"UPPERCASE_SENTENCE_START\" data-word=\"de\">de<\/span> extinci\u00f3n.<\/p>\n<p>En la oscura ventana, las gotas segu\u00edan su lento deslizar, como una sinfon\u00eda acompa\u00f1aban tu lenta agon\u00eda, mientras, tu compa\u00f1era espera que pudieras volar y alcanzar las costas del <span class=\"error grammar\" title=\"Esta frase no empieza con may\u00fascula.\" data-type=\"grammar\" data-suggestions=\"[{&quot;value&quot;:&quot;Lejano&quot;}]\" data-rule=\"UPPERCASE_SENTENCE_START\" data-word=\"lejano\">lejano<\/span> oriente.<\/p>\n<p>En tanto, la tarde enrojece y el sol desvanece, mi ilusi\u00f3n de verte <span class=\"error grammar\" title=\"Esta frase no empieza con may\u00fascula.\" data-type=\"grammar\" data-suggestions=\"[{&quot;value&quot;:&quot;Desaparece&quot;}]\" data-rule=\"UPPERCASE_SENTENCE_START\" data-word=\"desaparece\">desaparece<\/span>.<\/p>\n<p>Al final, tu pareja intentar\u00e1 regresar <span class=\"misspelling correction\" title=\"Se ha encontrado un posible error ortogr\u00e1fico.\" data-type=\"misspelling\" data-suggestions=\"[{&quot;value&quot;:&quot;sola&quot;},{&quot;value&quot;:&quot;sol\u00e1&quot;},{&quot;value&quot;:&quot;s\u00f3lo&quot;},{&quot;value&quot;:&quot;solo&quot;},{&quot;value&quot;:&quot;cola&quot;},{&quot;value&quot;:&quot;sala&quot;},{&quot;value&quot;:&quot;sol&quot;}]\" data-rule=\"MORFOLOGIK_RULE_ES\" data-word=\"s\u00f3la\">sola<\/span>, sabiendo que no lograr\u00e1s llegar, quiz\u00e1s el pr\u00f3ximo verano, si la contaminaci\u00f3n lo <span class=\"error grammar\" title=\"Esta frase no empieza con may\u00fascula.\" data-type=\"grammar\" data-suggestions=\"[{&quot;value&quot;:&quot;Permite&quot;}]\" data-rule=\"UPPERCASE_SENTENCE_START\" data-word=\"permite\">permite<\/span>.<\/p>\n<p>Y yo, yo necesito del mar porque me ense\u00f1a a respetar la <span class=\"error grammar\" title=\"Esta frase no empieza con may\u00fascula.\" data-type=\"grammar\" data-suggestions=\"[{&quot;value&quot;:&quot;Naturaleza&quot;}]\" data-rule=\"UPPERCASE_SENTENCE_START\" data-word=\"naturaleza\">naturaleza<\/span> y contemplar tu belleza oce\u00e1nica.<\/p>\n<p><strong>Consecuencia y propuesta<\/strong>: Calentamiento global <span class=\"error grammar\" title=\"Esta frase no empieza con may\u00fascula.\" data-type=\"grammar\" data-suggestions=\"[{&quot;value&quot;:&quot;Creciente&quot;}]\" data-rule=\"UPPERCASE_SENTENCE_START\" data-word=\"creciente\">creciente<\/span> por no respetar el medio ambiente. Siendo <span class=\"grammar correction\" title=\"La tilde es innecesaria seg\u00fan la norma actual. Se puede usar en caso de ambig\u00fcedad.\" data-type=\"grammar\" data-suggestions=\"[{&quot;value&quot;:&quot;esta&quot;}]\" data-rule=\"ESTE\" data-word=\"\u00e9sta\">esta<\/span> un ave en <span class=\"error grammar\" title=\"Esta frase no empieza con may\u00fascula.\" data-type=\"grammar\" data-suggestions=\"[{&quot;value&quot;:&quot;Extinci\u00f3n&quot;}]\" data-rule=\"UPPERCASE_SENTENCE_START\" data-word=\"extinci\u00f3n\">extinci\u00f3n<\/span>. Y me viene a la mente, la siguiente reflexi\u00f3n; \u201crespeta la naturaleza <span class=\"error grammar\" title=\"Esta frase no empieza con may\u00fascula.\" data-type=\"grammar\" data-suggestions=\"[{&quot;value&quot;:&quot;Heredada&quot;}]\" data-rule=\"UPPERCASE_SENTENCE_START\" data-word=\"heredada\">heredada<\/span> de nuestros abuelos y prestada a nuestros nietos\u201d.<\/p>\n<p>Murcia, 24 de febrero de 2023.<span class=\"error grammar\" title=\"En una tipograf\u00eda cuidada, utilice el car\u00e1cter adecuado de guion largo (raya).\" data-type=\"grammar\" data-suggestions=\"[{&quot;value&quot;:&quot;\u2014&quot;}]\" data-rule=\"GUION_LARGO\" data-word=\"-\">&#8211;<\/span> Salto del Grillo<\/p>\n","protected":false},"excerpt":{"rendered":"<p>Sola y olvidada, como desahuciada queda la playa. Puertas cerradas, ventanas enclavadas y barcas varadas. H\u00fameda bruma matutina oscurece el d\u00eda. Y el cansino ritmo de las olas acompa\u00f1an mi solitario paseo. Nada encuentro, bueno si, mirando los pantalanes del puerto, tu r\u00edtmico aleteo te delata. Cuando vi tu figura pidiendo ayuda. Tu piar, una [&hellip;]<\/p>\n","protected":false},"author":23,"featured_media":1092,"comment_status":"open","ping_status":"open","sticky":false,"template":"","format":"standard","meta":[],"categories":[1],"tags":[],"_links":{"self":[{"href":"https:\/\/blogs.laverdad.es\/elsaltodelgrillo\/wp-json\/wp\/v2\/posts\/1091"}],"collection":[{"href":"https:\/\/blogs.laverdad.es\/elsaltodelgrillo\/wp-json\/wp\/v2\/posts"}],"about":[{"href":"https:\/\/blogs.laverdad.es\/elsaltodelgrillo\/wp-json\/wp\/v2\/types\/post"}],"author":[{"embeddable":true,"href":"https:\/\/blogs.laverdad.es\/elsaltodelgrillo\/wp-json\/wp\/v2\/users\/23"}],"replies":[{"embeddable":true,"href":"https:\/\/blogs.laverdad.es\/elsaltodelgrillo\/wp-json\/wp\/v2\/comments?post=1091"}],"version-history":[{"count":1,"href":"https:\/\/blogs.laverdad.es\/elsaltodelgrillo\/wp-json\/wp\/v2\/posts\/1091\/revisions"}],"predecessor-version":[{"id":1093,"href":"https:\/\/blogs.laverdad.es\/elsaltodelgrillo\/wp-json\/wp\/v2\/posts\/1091\/revisions\/1093"}],"wp:featuredmedia":[{"embeddable":true,"href":"https:\/\/blogs.laverdad.es\/elsaltodelgrillo\/wp-json\/wp\/v2\/media\/1092"}],"wp:attachment":[{"href":"https:\/\/blogs.laverdad.es\/elsaltodelgrillo\/wp-json\/wp\/v2\/media?parent=1091"}],"wp:term":[{"taxonomy":"category","embeddable":true,"href":"https:\/\/blogs.laverdad.es\/elsaltodelgrillo\/wp-json\/wp\/v2\/categories?post=1091"},{"taxonomy":"post_tag","embeddable":true,"href":"https:\/\/blogs.laverdad.es\/elsaltodelgrillo\/wp-json\/wp\/v2\/tags?post=1091"}],"curies":[{"name":"wp","href":"https:\/\/api.w.org\/{rel}","templated":true}]}}