{"id":1100,"date":"2023-04-24T12:40:58","date_gmt":"2023-04-24T11:40:58","guid":{"rendered":"https:\/\/blogs.laverdad.es\/elsaltodelgrillo\/?p=1100"},"modified":"2023-04-24T12:41:24","modified_gmt":"2023-04-24T11:41:24","slug":"1100","status":"publish","type":"post","link":"https:\/\/blogs.laverdad.es\/elsaltodelgrillo\/2023\/04\/24\/1100\/","title":{"rendered":"En busca de mi identidad"},"content":{"rendered":"<p>De pronto, descubro que no tengo tumba, ni epit\u00e1fica losa, siento perdida mi identidad, siento que soy polvo et\u00e9reo, sin nombre y sin fecha de nacimiento ni fallecimiento.<\/p>\n<p>&nbsp;<\/p>\n<p>Olvidado estoy, mi familia no me encontrar\u00e1; donde llorar\u00e1n, donde flores llevar; qui\u00e9n preguntar\u00e1 por m\u00ed, a caso como muri\u00f3; quien soy y qu\u00e9 pas\u00f3, \u00bfc\u00f3mo y donde ocurri\u00f3?<\/p>\n<p>&nbsp;<\/p>\n<p>Ya no tengo identidad. Pero no me callo, el silencio me transporta a la eternidad, vagando con los espectros de la siniestralidad por la intransigencia humana, aqu\u00ed me hallo.<\/p>\n<p>&nbsp;<\/p>\n<p>Y vivo en penumbra en un mundo de silencio, de existir o no existir.<\/p>\n<p>Quiz\u00e1s mi memoria alerte a muchos de mis seguidores y promuevan mi doctrina junto a otros grupos con los mismos ideales.<\/p>\n<p>&nbsp;<\/p>\n<p>Me siento un represaliado, en medio de una guerra fratricida, unos por rojos, otros por beatos, sepultado y amontonado, quiz\u00e1s en una cuneta, o quiz\u00e1s, de okupa en un fastuoso santuario, donde no me corresponde y donde no deseo estar, y todo, por no \u201ccomulgar\u201d con las ideas proclamadas del r\u00e9gimen establecido.<\/p>\n<p>&nbsp;<\/p>\n<p>Necr\u00f3filos cuervos sobrevuelan mi tumba, no la encontrar\u00e1n, solo mis huesos me delatar\u00e1n.<\/p>\n<p>Pues&#8230;mi alma encogida transita por la soledad de las siniestras dunas, en busca de mi identidad perdida.<\/p>\n<p>Ahora, en el olvido, surge la Memoria Hist\u00f3rica o la llamada Democr\u00e1tica, y quiz\u00e1s, pueda volver al hogar y recuperar mi identidad.<\/p>\n<p>Pero nunca, nunca recuperar lo que pude ser y haber vivido.<\/p>\n<p>&nbsp;<\/p>\n<p>Murcia, 24 de abril de 2023- Salto del Grillo<\/p>\n","protected":false},"excerpt":{"rendered":"<p>De pronto, descubro que no tengo tumba, ni epit\u00e1fica losa, siento perdida mi identidad, siento que soy polvo et\u00e9reo, sin nombre y sin fecha de nacimiento ni fallecimiento. &nbsp; Olvidado estoy, mi familia no me encontrar\u00e1; donde llorar\u00e1n, donde flores llevar; qui\u00e9n preguntar\u00e1 por m\u00ed, a caso como muri\u00f3; quien soy y qu\u00e9 pas\u00f3, \u00bfc\u00f3mo [&hellip;]<\/p>\n","protected":false},"author":23,"featured_media":1101,"comment_status":"open","ping_status":"open","sticky":false,"template":"","format":"standard","meta":[],"categories":[1],"tags":[],"_links":{"self":[{"href":"https:\/\/blogs.laverdad.es\/elsaltodelgrillo\/wp-json\/wp\/v2\/posts\/1100"}],"collection":[{"href":"https:\/\/blogs.laverdad.es\/elsaltodelgrillo\/wp-json\/wp\/v2\/posts"}],"about":[{"href":"https:\/\/blogs.laverdad.es\/elsaltodelgrillo\/wp-json\/wp\/v2\/types\/post"}],"author":[{"embeddable":true,"href":"https:\/\/blogs.laverdad.es\/elsaltodelgrillo\/wp-json\/wp\/v2\/users\/23"}],"replies":[{"embeddable":true,"href":"https:\/\/blogs.laverdad.es\/elsaltodelgrillo\/wp-json\/wp\/v2\/comments?post=1100"}],"version-history":[{"count":2,"href":"https:\/\/blogs.laverdad.es\/elsaltodelgrillo\/wp-json\/wp\/v2\/posts\/1100\/revisions"}],"predecessor-version":[{"id":1103,"href":"https:\/\/blogs.laverdad.es\/elsaltodelgrillo\/wp-json\/wp\/v2\/posts\/1100\/revisions\/1103"}],"wp:featuredmedia":[{"embeddable":true,"href":"https:\/\/blogs.laverdad.es\/elsaltodelgrillo\/wp-json\/wp\/v2\/media\/1101"}],"wp:attachment":[{"href":"https:\/\/blogs.laverdad.es\/elsaltodelgrillo\/wp-json\/wp\/v2\/media?parent=1100"}],"wp:term":[{"taxonomy":"category","embeddable":true,"href":"https:\/\/blogs.laverdad.es\/elsaltodelgrillo\/wp-json\/wp\/v2\/categories?post=1100"},{"taxonomy":"post_tag","embeddable":true,"href":"https:\/\/blogs.laverdad.es\/elsaltodelgrillo\/wp-json\/wp\/v2\/tags?post=1100"}],"curies":[{"name":"wp","href":"https:\/\/api.w.org\/{rel}","templated":true}]}}