{"id":1110,"date":"2023-07-19T11:53:22","date_gmt":"2023-07-19T10:53:22","guid":{"rendered":"https:\/\/blogs.laverdad.es\/elsaltodelgrillo\/?p=1110"},"modified":"2023-07-19T11:53:22","modified_gmt":"2023-07-19T10:53:22","slug":"paseo-infernal","status":"publish","type":"post","link":"https:\/\/blogs.laverdad.es\/elsaltodelgrillo\/2023\/07\/19\/paseo-infernal\/","title":{"rendered":"Paseo infernal"},"content":{"rendered":"<p>Ayer despert\u00e9 con dificultad por una calurosa noche de verano. Se encendieron las can\u00edculas y los inquilinos terrestres comenzamos la sudoraci\u00f3n, provocando fatiga, ansiedad y perturbaciones mentales. Como siempre, entr\u00e9 en el sal\u00f3n, sent\u00ed fr\u00edo, a pesar de ser julio, y observ\u00e9 que el vetusto \u201ccarrill\u00f3n\u201dheredado estaba parado. Levant\u00e9 persianas y la calle estaba envuelta en una brumosa oscuridad. Brillantes luci\u00e9rnagas errantes poblaban el cielo circulando en torno a una luna negra.<\/p>\n<p>En la vivienda hab\u00eda desaparecido los muebles. Mi hija y esposa desayunaban en la cocina, les di los buenos d\u00edas, pero no respondieron, pas\u00e9 junto a su lado y no me vieron, insist\u00ed, trat\u00e9 de abrazarles y not\u00e9 el aire fr\u00edo en mi rostro. Me dispuse a bajar para realizar mi cotidiano recorrido por la mota del r\u00edo, al abrir la puerta, me encontr\u00e9 con dos perros negros que amenazaban mi presencia.<\/p>\n<p>Ya en el cauce, aguas turbulentas y rojas discurr\u00edan, amenazando desborde e invadir las calles de la ciudad. En lejan\u00eda veo; brujas danzando en torno a los viejos molinos, pira\u00f1as dentadas saltando sobre las aguas, el croar de pajarracos negros pululaban por la zona.<\/p>\n<p>Mientras, la sardina asustada e inocente escond\u00eda la cabeza bajo el puente. Por fin el sol raya, la brisa siento, rio y lloro ambos al tiempo, mientras clamo. <span class=\"grammar correction\" title=\"Falta un espacio tras el punto.\" data-type=\"grammar\" data-suggestions=\"[{&quot;value&quot;:&quot;! Qu\u00e9&quot;}]\" data-rule=\"ESPACIO_DESPUES_DE_PUNTO\" data-word=\"!Qu\u00e9\">! Qu\u00e9<\/span> pesadilla tan extra\u00f1a!.<\/p>\n<p>De prisa me levanto y abrazo, primero a mi familia, despu\u00e9s al viejo carrill\u00f3n que con su desplazamiento pendular ya acompa\u00f1a mi realidad cotidiana. Quiz\u00e1s todo ha sido motivado por los m\u00e1s de cuarenta grados padecidos en mi rinc\u00f3n urbano, carente de jardines, piscina y \u00e1rboles frutales.<\/p>\n<p><strong>Murcia, 18 de julio de 2023.\u2014 Salto del grillo<\/strong><\/p>\n","protected":false},"excerpt":{"rendered":"<p>Ayer despert\u00e9 con dificultad por una calurosa noche de verano. Se encendieron las can\u00edculas y los inquilinos terrestres comenzamos la sudoraci\u00f3n, provocando fatiga, ansiedad y perturbaciones mentales. Como siempre, entr\u00e9 en el sal\u00f3n, sent\u00ed fr\u00edo, a pesar de ser julio, y observ\u00e9 que el vetusto \u201ccarrill\u00f3n\u201dheredado estaba parado. Levant\u00e9 persianas y la calle estaba envuelta [&hellip;]<\/p>\n","protected":false},"author":23,"featured_media":1111,"comment_status":"open","ping_status":"open","sticky":false,"template":"","format":"standard","meta":[],"categories":[1],"tags":[15,46],"_links":{"self":[{"href":"https:\/\/blogs.laverdad.es\/elsaltodelgrillo\/wp-json\/wp\/v2\/posts\/1110"}],"collection":[{"href":"https:\/\/blogs.laverdad.es\/elsaltodelgrillo\/wp-json\/wp\/v2\/posts"}],"about":[{"href":"https:\/\/blogs.laverdad.es\/elsaltodelgrillo\/wp-json\/wp\/v2\/types\/post"}],"author":[{"embeddable":true,"href":"https:\/\/blogs.laverdad.es\/elsaltodelgrillo\/wp-json\/wp\/v2\/users\/23"}],"replies":[{"embeddable":true,"href":"https:\/\/blogs.laverdad.es\/elsaltodelgrillo\/wp-json\/wp\/v2\/comments?post=1110"}],"version-history":[{"count":1,"href":"https:\/\/blogs.laverdad.es\/elsaltodelgrillo\/wp-json\/wp\/v2\/posts\/1110\/revisions"}],"predecessor-version":[{"id":1112,"href":"https:\/\/blogs.laverdad.es\/elsaltodelgrillo\/wp-json\/wp\/v2\/posts\/1110\/revisions\/1112"}],"wp:featuredmedia":[{"embeddable":true,"href":"https:\/\/blogs.laverdad.es\/elsaltodelgrillo\/wp-json\/wp\/v2\/media\/1111"}],"wp:attachment":[{"href":"https:\/\/blogs.laverdad.es\/elsaltodelgrillo\/wp-json\/wp\/v2\/media?parent=1110"}],"wp:term":[{"taxonomy":"category","embeddable":true,"href":"https:\/\/blogs.laverdad.es\/elsaltodelgrillo\/wp-json\/wp\/v2\/categories?post=1110"},{"taxonomy":"post_tag","embeddable":true,"href":"https:\/\/blogs.laverdad.es\/elsaltodelgrillo\/wp-json\/wp\/v2\/tags?post=1110"}],"curies":[{"name":"wp","href":"https:\/\/api.w.org\/{rel}","templated":true}]}}