{"id":1118,"date":"2023-11-06T16:54:36","date_gmt":"2023-11-06T15:54:36","guid":{"rendered":"https:\/\/blogs.laverdad.es\/elsaltodelgrillo\/?p=1118"},"modified":"2023-11-06T16:55:04","modified_gmt":"2023-11-06T15:55:04","slug":"1118","status":"publish","type":"post","link":"https:\/\/blogs.laverdad.es\/elsaltodelgrillo\/2023\/11\/06\/1118\/","title":{"rendered":"Mes de las almas olvidadas"},"content":{"rendered":"<p>Gigantes olas que romp\u00e9is bramando en playas desiertas,<br \/>\nenvueltas entre s\u00e1banas de espuma,<br \/>\n\u00a1Llevadme con vosotras!<br \/>\nAl tiempo, que un fuerte viento poda sin piedad, los \u00e1rboles<br \/>\ndel camposanto.<\/p>\n<p>Llevadme, por amor, al v\u00e9rtigo de la raz\u00f3n,<br \/>\narrancando de la memoria los momentos sufridos y olvidados.<\/p>\n<p>Retomar esta \u00e1cida amargura en la que me sometisteis<br \/>\ncon tu ausencia y locura.<\/p>\n<p>Vuelven las olas, y, por piedad, no me dejes con mi dolor a solas.<\/p>\n<p>No quiero sepulcro blanco y ostentoso,<br \/>\nno quiero funeral musical espumoso.<\/p>\n<p>No quiero que digas que lindo y hermoso fui,<br \/>\nsi, que am\u00e9 y disfrut\u00e9.<\/p>\n<p>Si quiero recordar lo que fui, o, qu\u00e9 de valor hab\u00eda en m\u00ed, pero t\u00fa<br \/>\nno supiste sospechar, porque, nunca admiraste mi amor por ti.<\/p>\n<p>Cuando la campana suene y mis restos opriman la fr\u00eda losa<br \/>\ny mi p\u00e1lido rostro no se reconozca sobre la olvidada fosa,<br \/>\n\u00bf\u00bfqui\u00e9n al final del d\u00eda se acordar\u00e1 que pas\u00e9 por este mundo?<\/p>\n<p>Miedo tengo a la oscuridad, mucho m\u00e1s al olvido y la necedad,<br \/>\nseguir\u00e9 viendo el mundo a trav\u00e9s de tus ojos, Soledad.<\/p>\n<p>Y me despido como empec\u00e9, evocando la mar\u2026<\/p>\n<p>! La suave melod\u00eda de las olas contra el impetuoso<br \/>\ndesespero del rompeolas,<br \/>\nbrama sonido marinero,<br \/>\nes mi manera de amar y as\u00ed te quiero!<\/p>\n<p>Te espero, aun cuando, no es una necesidad,<br \/>\nquiero que tardes una eternidad\u2026<\/p>\n<p><strong>Murcia, 6 de noviembre de 2023<\/strong><\/p>\n","protected":false},"excerpt":{"rendered":"<p>Gigantes olas que romp\u00e9is bramando en playas desiertas, envueltas entre s\u00e1banas de espuma, \u00a1Llevadme con vosotras! Al tiempo, que un fuerte viento poda sin piedad, los \u00e1rboles del camposanto. Llevadme, por amor, al v\u00e9rtigo de la raz\u00f3n, arrancando de la memoria los momentos sufridos y olvidados. Retomar esta \u00e1cida amargura en la que me sometisteis [&hellip;]<\/p>\n","protected":false},"author":23,"featured_media":1119,"comment_status":"open","ping_status":"open","sticky":false,"template":"","format":"standard","meta":[],"categories":[158,3,197],"tags":[],"_links":{"self":[{"href":"https:\/\/blogs.laverdad.es\/elsaltodelgrillo\/wp-json\/wp\/v2\/posts\/1118"}],"collection":[{"href":"https:\/\/blogs.laverdad.es\/elsaltodelgrillo\/wp-json\/wp\/v2\/posts"}],"about":[{"href":"https:\/\/blogs.laverdad.es\/elsaltodelgrillo\/wp-json\/wp\/v2\/types\/post"}],"author":[{"embeddable":true,"href":"https:\/\/blogs.laverdad.es\/elsaltodelgrillo\/wp-json\/wp\/v2\/users\/23"}],"replies":[{"embeddable":true,"href":"https:\/\/blogs.laverdad.es\/elsaltodelgrillo\/wp-json\/wp\/v2\/comments?post=1118"}],"version-history":[{"count":2,"href":"https:\/\/blogs.laverdad.es\/elsaltodelgrillo\/wp-json\/wp\/v2\/posts\/1118\/revisions"}],"predecessor-version":[{"id":1121,"href":"https:\/\/blogs.laverdad.es\/elsaltodelgrillo\/wp-json\/wp\/v2\/posts\/1118\/revisions\/1121"}],"wp:featuredmedia":[{"embeddable":true,"href":"https:\/\/blogs.laverdad.es\/elsaltodelgrillo\/wp-json\/wp\/v2\/media\/1119"}],"wp:attachment":[{"href":"https:\/\/blogs.laverdad.es\/elsaltodelgrillo\/wp-json\/wp\/v2\/media?parent=1118"}],"wp:term":[{"taxonomy":"category","embeddable":true,"href":"https:\/\/blogs.laverdad.es\/elsaltodelgrillo\/wp-json\/wp\/v2\/categories?post=1118"},{"taxonomy":"post_tag","embeddable":true,"href":"https:\/\/blogs.laverdad.es\/elsaltodelgrillo\/wp-json\/wp\/v2\/tags?post=1118"}],"curies":[{"name":"wp","href":"https:\/\/api.w.org\/{rel}","templated":true}]}}