{"id":1127,"date":"2023-12-20T13:30:53","date_gmt":"2023-12-20T12:30:53","guid":{"rendered":"https:\/\/blogs.laverdad.es\/elsaltodelgrillo\/?p=1127"},"modified":"2023-12-20T13:30:53","modified_gmt":"2023-12-20T12:30:53","slug":"ilusion-y-esperanza-en-navidad","status":"publish","type":"post","link":"https:\/\/blogs.laverdad.es\/elsaltodelgrillo\/2023\/12\/20\/ilusion-y-esperanza-en-navidad\/","title":{"rendered":"Ilusi\u00f3n y esperanza en Navidad"},"content":{"rendered":"<p>Luces intermitentes en los grandes almacenes, la parafernalia de los brillantes escaparates reclamando nuestra presencia<span class=\"grammar correction\" title=\"No se deja un espacio antes del punto.\" data-type=\"grammar\" data-suggestions=\"[{&quot;value&quot;:&quot;.&quot;}]\" data-rule=\"COMMA_PARENTHESIS_WHITESPACE\" data-word=\" .\">.<\/span> Todo armoniosamente preparado para provocar el consumo. El repetitivo sonido de los villancicos producen sentimientos. Primero de alegr\u00eda y despu\u00e9s de melancol\u00eda y tristeza, a\u00f1oranza y esperanza para un nuevo a\u00f1o.<\/p>\n<p>Entre la multitud, que entra y sale de las tiendas, vemos familias cualificadas, <span class=\"misspelling correction\" title=\"Se ha encontrado un posible error ortogr\u00e1fico.\" data-type=\"misspelling\" data-suggestions=\"[{&quot;value&quot;:&quot;distra\u00eddas&quot;},{&quot;value&quot;:&quot;distra\u00edda&quot;},{&quot;value&quot;:&quot;distra\u00eddos&quot;},{&quot;value&quot;:&quot;distraigas&quot;},{&quot;value&quot;:&quot;distra\u00edas&quot;}]\" data-rule=\"MORFOLOGIK_RULE_ES\" data-word=\"distraidas\">distra\u00eddas<\/span> y risue\u00f1as. Pero tambi\u00e9n observamos personas deste\u00f1idas, sin rumbo aparente, sentadas en cualquier lugar, como fuera de contexto, se las ve<span class=\"grammar correction\" title=\"En la mayor\u00eda de los casos la conjunci\u00f3n \u2018pero\u2019 va precedida de una coma.\" data-type=\"grammar\" data-suggestions=\"[{&quot;value&quot;:&quot;, pero&quot;}]\" data-rule=\"COMMA_PERO\" data-word=\" pero\">, pero<\/span> no se les mira, saludan sin levantar la vista. Son los indigentes. A las afueras, lejos de las ciudades, se alza un campo de refugiados procedentes de pa\u00edses en guerra y de hambre<span class=\"grammar correction\" title=\"Se deja un espacio despu\u00e9s de coma y nunca antes del signo ortogr\u00e1fico.\" data-type=\"grammar\" data-suggestions=\"[{&quot;value&quot;:&quot;,&quot;}]\" data-rule=\"COMMA_PARENTHESIS_WHITESPACE\" data-word=\" ,\">,<\/span> instalados en tiendas preparadas por el voluntariado.<\/p>\n<p>Nueve mediocres focos alumbran el espacio encharcado para sus m\u00e1s de tres mil personas, (porque siguen siendo personas). Mediante hogueras y algunas mantas facilitadas por ONG, alivian el intenso <span class=\"grammar correction\" title=\"Si es un nombre, se escribe con tilde. Correcto si es del v.\u00a0\u2018fre\u00edr\u2019 en pasado (\u00e9l frio).\" data-type=\"grammar\" data-suggestions=\"[{&quot;value&quot;:&quot;fr\u00edo&quot;}]\" data-rule=\"FRIO\" data-word=\"frio\">fr\u00edo<\/span>.<\/p>\n<p>Y quince puntos de agua<span class=\"grammar correction\" title=\"Dos comas consecutivas\" data-type=\"grammar\" data-suggestions=\"[{&quot;value&quot;:&quot;,&quot;}]\" data-rule=\"DOUBLE_PUNCTUATION\" data-word=\",,\">,<\/span> a lo largo de todo el campo. <span class=\"grammar correction\" title=\"Esta frase no empieza con may\u00fascula.\" data-type=\"grammar\" data-suggestions=\"[{&quot;value&quot;:&quot;Para&quot;}]\" data-rule=\"UPPERCASE_SENTENCE_START\" data-word=\"para\">Para<\/span> su aseo personal. De pronto, y de no se sabe donde, aparece una estrella de brillante cola, provocando un gran apag\u00f3n, toda la ciudad enmudece, los ciudadanos quedan inm\u00f3viles, el silencio se hace notable acompa\u00f1ado de una atronadora nube seca relampagueante. <span class=\"grammar correction\" title=\"La tilde es innecesaria seg\u00fan la norma actual. Con el sentido de \u00absolamente\u00bb (adv.), cuando hay riesgo de ambig\u00fcedad con el adj. \u00absolo\u00bb, puede escribirse \u00abs\u00f3lo\u00bb (DRAE).\" data-type=\"grammar\" data-suggestions=\"[{&quot;value&quot;:&quot;Solo&quot;},{&quot;value&quot;:&quot;Solamente&quot;},{&quot;value&quot;:&quot;\u00danicamente&quot;}]\" data-rule=\"SOLO\" data-word=\"S\u00f3lo\">Solo<\/span> los habitantes del campo, los desheredados, se percatan de tal situaci\u00f3n y reaccionan. Todos se dirigen al mismo punto de encuentro, primero con miedo y temor, luego aceleran su caminar al observar de lejos, una humilde familia con algunos animales. Se miran unos a otros y se abrazan llevados por un entusiasmo nunca vivido.<\/p>\n<p><span class=\"grammar correction\" title=\"S\u00edmbolo desparejado: Parece que falta un \u2018\u00a1\u2019\" data-type=\"grammar\" data-suggestions=\"[{&quot;value&quot;:&quot;\u00a1Desde&quot;}]\" data-rule=\"ES_QUESTION_MARK\" data-word=\"Desde\">\u00a1Desde<\/span> la b\u00f3veda celeste, truena una potente voz! \u00a1Paz en la tierra a los hombres de buena voluntad!! No <span class=\"misspelling correction\" title=\"Se ha encontrado un posible error ortogr\u00e1fico.\" data-type=\"misspelling\" data-suggestions=\"[{&quot;value&quot;:&quot;tem\u00e1is&quot;},{&quot;value&quot;:&quot;temas&quot;},{&quot;value&quot;:&quot;tem\u00e9is&quot;},{&quot;value&quot;:&quot;rem\u00e1is&quot;},{&quot;value&quot;:&quot;tej\u00e1is&quot;},{&quot;value&quot;:&quot;tem\u00edais&quot;},{&quot;value&quot;:&quot;tes\u00e1is&quot;}]\" data-rule=\"MORFOLOGIK_RULE_ES\" data-word=\"temais\">tem\u00e1is<\/span>, nadie podr\u00e1 haceros m\u00e1s da\u00f1o. <span class=\"grammar correction\" title=\"S\u00edmbolo desparejado: Parece que falta un \u2018\u00a1\u2019\" data-type=\"grammar\" data-suggestions=\"[{&quot;value&quot;:&quot;\u00a1Alguien&quot;}]\" data-rule=\"ES_QUESTION_MARK\" data-word=\"Alguien\">\u00a1Alguien<\/span> acaba de nacer, es un hombre misericordioso, salid a su encuentro, su lugar no tiene p\u00e9rdida si le busc\u00e1is con amor, esperanza y perd\u00f3n para los que os agraviaron<span class=\"grammar correction\" title=\"Posible error de puntuaci\u00f3n. El punto es innecesario.\" data-type=\"grammar\" data-suggestions=\"[{&quot;value&quot;:&quot;!&quot;}]\" data-rule=\"INTERROGACION_PUNTO\" data-word=\"!.\">!<\/span><\/p>\n<p>Mientras, el resto de familias acomodadas, siguen su <span class=\"error misspelling\" title=\"Se ha encontrado un posible error ortogr\u00e1fico.\" data-type=\"misspelling\" data-suggestions=\"[{&quot;value&quot;:&quot;tramonte&quot;},{&quot;value&quot;:&quot;tramont\u00e9&quot;}]\" data-rule=\"MORFOLOGIK_RULE_ES\" data-word=\"tramoyante\">tramoyante<\/span> deambular por los pasillos del centro comercial, comprando y celebrando su particular fiesta navide\u00f1a. Porque en verdad no es un d\u00eda cualquiera, es Navidad<span class=\"grammar correction\" title=\"Dos puntos consecutivos\" data-type=\"grammar\" data-suggestions=\"[{&quot;value&quot;:&quot;.&quot;},{&quot;value&quot;:&quot;\u2026&quot;}]\" data-rule=\"DOUBLE_PUNCTUATION\" data-word=\"..\">.<\/span><\/p>\n<p>&nbsp;<\/p>\n<p>Murcia, 24 de diciembre de 2023.<span class=\"grammar correction\" title=\"En una tipograf\u00eda cuidada, utilice el car\u00e1cter adecuado de guion largo (raya).\" data-type=\"grammar\" data-suggestions=\"[{&quot;value&quot;:&quot;\u2014&quot;}]\" data-rule=\"GUION_LARGO\" data-word=\"-\">\u2014<\/span> Salto del Grillo<\/p>\n","protected":false},"excerpt":{"rendered":"<p>Luces intermitentes en los grandes almacenes, la parafernalia de los brillantes escaparates reclamando nuestra presencia. Todo armoniosamente preparado para provocar el consumo. El repetitivo sonido de los villancicos producen sentimientos. Primero de alegr\u00eda y despu\u00e9s de melancol\u00eda y tristeza, a\u00f1oranza y esperanza para un nuevo a\u00f1o. Entre la multitud, que entra y sale de las [&hellip;]<\/p>\n","protected":false},"author":23,"featured_media":1129,"comment_status":"open","ping_status":"open","sticky":false,"template":"","format":"standard","meta":[],"categories":[1],"tags":[],"_links":{"self":[{"href":"https:\/\/blogs.laverdad.es\/elsaltodelgrillo\/wp-json\/wp\/v2\/posts\/1127"}],"collection":[{"href":"https:\/\/blogs.laverdad.es\/elsaltodelgrillo\/wp-json\/wp\/v2\/posts"}],"about":[{"href":"https:\/\/blogs.laverdad.es\/elsaltodelgrillo\/wp-json\/wp\/v2\/types\/post"}],"author":[{"embeddable":true,"href":"https:\/\/blogs.laverdad.es\/elsaltodelgrillo\/wp-json\/wp\/v2\/users\/23"}],"replies":[{"embeddable":true,"href":"https:\/\/blogs.laverdad.es\/elsaltodelgrillo\/wp-json\/wp\/v2\/comments?post=1127"}],"version-history":[{"count":1,"href":"https:\/\/blogs.laverdad.es\/elsaltodelgrillo\/wp-json\/wp\/v2\/posts\/1127\/revisions"}],"predecessor-version":[{"id":1130,"href":"https:\/\/blogs.laverdad.es\/elsaltodelgrillo\/wp-json\/wp\/v2\/posts\/1127\/revisions\/1130"}],"wp:featuredmedia":[{"embeddable":true,"href":"https:\/\/blogs.laverdad.es\/elsaltodelgrillo\/wp-json\/wp\/v2\/media\/1129"}],"wp:attachment":[{"href":"https:\/\/blogs.laverdad.es\/elsaltodelgrillo\/wp-json\/wp\/v2\/media?parent=1127"}],"wp:term":[{"taxonomy":"category","embeddable":true,"href":"https:\/\/blogs.laverdad.es\/elsaltodelgrillo\/wp-json\/wp\/v2\/categories?post=1127"},{"taxonomy":"post_tag","embeddable":true,"href":"https:\/\/blogs.laverdad.es\/elsaltodelgrillo\/wp-json\/wp\/v2\/tags?post=1127"}],"curies":[{"name":"wp","href":"https:\/\/api.w.org\/{rel}","templated":true}]}}