{"id":1132,"date":"2024-01-26T19:49:18","date_gmt":"2024-01-26T18:49:18","guid":{"rendered":"https:\/\/blogs.laverdad.es\/elsaltodelgrillo\/?p=1132"},"modified":"2024-01-26T19:55:08","modified_gmt":"2024-01-26T18:55:08","slug":"cumple-un-comunicador","status":"publish","type":"post","link":"https:\/\/blogs.laverdad.es\/elsaltodelgrillo\/2024\/01\/26\/cumple-un-comunicador\/","title":{"rendered":"Cumple un comunicador"},"content":{"rendered":"<p>Aletargadas est\u00e1n las gaviotas bajo el moderno puente <span class=\"error misspelling\" title=\"Se ha encontrado un posible error ortogr\u00e1fico.\" data-type=\"misspelling\" data-suggestions=\"[{&quot;value&quot;:&quot;Mantero la&quot;}]\" data-rule=\"MORFOLOGIK_RULE_ES\" data-word=\"Manterola\">Manterola<\/span>, y diviso los viejos ojos del rom\u00e1nico de \u201c<span class=\"error grammar\" title=\"Error de concordancia.\" data-type=\"grammar\" data-suggestions=\"[{&quot;value&quot;:&quot;El Peligros&quot;},{&quot;value&quot;:&quot;La Peligros&quot;}]\" data-rule=\"AGREEMENT_DET_NOUN\" data-word=\"Los Peligros\">Los Peligros<\/span>\u201d. Mientras la vecina sardina soporta en su lomo pajarracos de cualquier continente. Y t\u00fa, <span class=\"grammar correction\" title=\"El pronombre personal \u00abt\u00fa\u00bb lleva tilde.\" data-type=\"grammar\" data-suggestions=\"[{&quot;value&quot;:&quot;t\u00fa&quot;}]\" data-rule=\"TU_TILDE\" data-word=\"tu\">t\u00fa<\/span> sientes el ma\u00f1anero sol a trav\u00e9s de las rendijas de la ventana.<\/p>\n<p>Corre, vuela hasta la luna, y desayuna. La comunicaci\u00f3n es tu credo y espero que informes, no juzgues. Amplia y <span class=\"grammar correction\" title=\"Forma correcta si se usa voseo. Si no, utilice una forma alternativa.\" data-type=\"grammar\" data-suggestions=\"[{&quot;value&quot;:&quot;l\u00eda&quot;},{&quot;value&quot;:&quot;liad&quot;}]\" data-rule=\"VOSEO\" data-word=\"lia\">l\u00eda<\/span> lo que se espera de la noticia antes de que termine el d\u00eda. <span class=\"misspelling correction\" title=\"Se ha encontrado un posible error ortogr\u00e1fico.\" data-type=\"misspelling\" data-suggestions=\"[{&quot;value&quot;:&quot;Delincuentes&quot;}]\" data-rule=\"MORFOLOGIK_RULE_ES\" data-word=\"Delicuentes\">Delincuentes<\/span>, acosadores, <span class=\"grammar correction\" title=\"Probablemente falta una coma.\" data-type=\"grammar\" data-suggestions=\"[{&quot;value&quot;:&quot;juzgados,&quot;}]\" data-rule=\"AI_ES_HYDRA_LEO_MISSING_COMMA\" data-word=\"juzgados\">juzgados,<\/span> abarrotados trabajan la soluci\u00f3n, mientras esperan tu cr\u00f3nica en cuesti\u00f3n.<\/p>\n<p>En ese ejercicio, la empresa conf\u00eda en tu diligente labor\u2026 Pero <span class=\"grammar correction\" title=\"El pronombre personal \u00abt\u00fa\u00bb lleva tilde.\" data-type=\"grammar\" data-suggestions=\"[{&quot;value&quot;:&quot;t\u00fa&quot;}]\" data-rule=\"TU_TILDE\" data-word=\"tu\">t\u00fa<\/span>, no te sientes amedrentado por los vigentes retos, a\u00fan percibes los ecos de \u201ctus latidos urbanos\u201d que tan profesional te hicieron. Vivimos \u00e9pocas que los delitos se visionan en vivo y en directo, el celular sirve para mantener miles de testigos en la escena y lugar.<\/p>\n<p>Yo siempre he cre\u00eddo que el <span class=\"misspelling correction\" title=\"Se ha encontrado un posible error ortogr\u00e1fico.\" data-type=\"misspelling\" data-suggestions=\"[{&quot;value&quot;:&quot;m\u00f3vil&quot;},{&quot;value&quot;:&quot;movi\u00f3&quot;},{&quot;value&quot;:&quot;mov\u00eda&quot;},{&quot;value&quot;:&quot;mov\u00ed&quot;},{&quot;value&quot;:&quot;Momil&quot;},{&quot;value&quot;:&quot;ovil&quot;}]\" data-rule=\"MORFOLOGIK_RULE_ES\" data-word=\"movil\">m\u00f3vil<\/span> serv\u00eda para hablar con los allegados y comunicar los cumple a\u00f1os. Hoy puede ser un gran d\u00eda para compartir recuerdos del pasado, pero m\u00e1s importante es el futuro, lo que est\u00e1 por llegar. Por qu\u00e9\u2026 \u00bf<span class=\"grammar correction\" title=\"Si es una preposici\u00f3n (que indica direcci\u00f3n), se escribe sin tilde.\" data-type=\"grammar\" data-suggestions=\"[{&quot;value&quot;:&quot;hacia&quot;}]\" data-rule=\"HACIA_NO_TILDE\" data-word=\"hac\u00eda\">Hacia<\/span> d\u00f3nde mira el caminante, hacia atr\u00e1s o hacia delante?<\/p>\n<p>Y todo ello forma parte de tu vida y as\u00ed lo queremos celebrar. Levantemos las copas con salud para celebrar el cumplea\u00f1os de <span class=\"misspelling correction\" title=\"Se ha encontrado un posible error ortogr\u00e1fico.\" data-type=\"misspelling\" data-suggestions=\"[{&quot;value&quot;:&quot;Ra\u00fal&quot;},{&quot;value&quot;:&quot;Ba\u00fal&quot;},{&quot;value&quot;:&quot;Ra\u00edl&quot;},{&quot;value&quot;:&quot;Raul\u00ed&quot;},{&quot;value&quot;:&quot;Paul&quot;},{&quot;value&quot;:&quot;Pa\u00fal&quot;},{&quot;value&quot;:&quot;Sa\u00fal&quot;}]\" data-rule=\"MORFOLOGIK_RULE_ES\" data-word=\"Raul\">Ra\u00fal<\/span>.<\/p>\n<p>Murcia, 23 de enero de <span class=\"grammar correction\" title=\"Los a\u00f1os se escriben sin punto.\" data-type=\"grammar\" data-suggestions=\"[{&quot;value&quot;:&quot;2024&quot;}]\" data-rule=\"ANOS_SIN_PUNTO\" data-word=\"2.024\">2024<\/span><\/p>\n","protected":false},"excerpt":{"rendered":"<p>Aletargadas est\u00e1n las gaviotas bajo el moderno puente Manterola, y diviso los viejos ojos del rom\u00e1nico de \u201cLos Peligros\u201d. Mientras la vecina sardina soporta en su lomo pajarracos de cualquier continente. Y t\u00fa, t\u00fa sientes el ma\u00f1anero sol a trav\u00e9s de las rendijas de la ventana. Corre, vuela hasta la luna, y desayuna. La comunicaci\u00f3n [&hellip;]<\/p>\n","protected":false},"author":23,"featured_media":1135,"comment_status":"open","ping_status":"open","sticky":false,"template":"","format":"standard","meta":[],"categories":[1],"tags":[],"_links":{"self":[{"href":"https:\/\/blogs.laverdad.es\/elsaltodelgrillo\/wp-json\/wp\/v2\/posts\/1132"}],"collection":[{"href":"https:\/\/blogs.laverdad.es\/elsaltodelgrillo\/wp-json\/wp\/v2\/posts"}],"about":[{"href":"https:\/\/blogs.laverdad.es\/elsaltodelgrillo\/wp-json\/wp\/v2\/types\/post"}],"author":[{"embeddable":true,"href":"https:\/\/blogs.laverdad.es\/elsaltodelgrillo\/wp-json\/wp\/v2\/users\/23"}],"replies":[{"embeddable":true,"href":"https:\/\/blogs.laverdad.es\/elsaltodelgrillo\/wp-json\/wp\/v2\/comments?post=1132"}],"version-history":[{"count":1,"href":"https:\/\/blogs.laverdad.es\/elsaltodelgrillo\/wp-json\/wp\/v2\/posts\/1132\/revisions"}],"predecessor-version":[{"id":1134,"href":"https:\/\/blogs.laverdad.es\/elsaltodelgrillo\/wp-json\/wp\/v2\/posts\/1132\/revisions\/1134"}],"wp:featuredmedia":[{"embeddable":true,"href":"https:\/\/blogs.laverdad.es\/elsaltodelgrillo\/wp-json\/wp\/v2\/media\/1135"}],"wp:attachment":[{"href":"https:\/\/blogs.laverdad.es\/elsaltodelgrillo\/wp-json\/wp\/v2\/media?parent=1132"}],"wp:term":[{"taxonomy":"category","embeddable":true,"href":"https:\/\/blogs.laverdad.es\/elsaltodelgrillo\/wp-json\/wp\/v2\/categories?post=1132"},{"taxonomy":"post_tag","embeddable":true,"href":"https:\/\/blogs.laverdad.es\/elsaltodelgrillo\/wp-json\/wp\/v2\/tags?post=1132"}],"curies":[{"name":"wp","href":"https:\/\/api.w.org\/{rel}","templated":true}]}}