{"id":1137,"date":"2024-02-23T17:29:45","date_gmt":"2024-02-23T16:29:45","guid":{"rendered":"https:\/\/blogs.laverdad.es\/elsaltodelgrillo\/?p=1137"},"modified":"2024-02-23T17:29:45","modified_gmt":"2024-02-23T16:29:45","slug":"enjevecer","status":"publish","type":"post","link":"https:\/\/blogs.laverdad.es\/elsaltodelgrillo\/2024\/02\/23\/enjevecer\/","title":{"rendered":"Enjevecer"},"content":{"rendered":"<p><span data-contrast=\"auto\">Toda su vida trabajando, cuando se jubil\u00f3 compr\u00f3 una hacienda con ganado, para que su hijo, desempleado, la administrara, y mantuviera la familia. El padre decidi\u00f3 pasar su tiempo en la habitaci\u00f3n principal contemplando el paso de los d\u00edas, sin molestar.<\/span><span data-ccp-props=\"{}\">\u00a0<\/span><\/p>\n<p><span data-contrast=\"auto\">Despu\u00e9s de tres a\u00f1os, su hijo comenz\u00f3 a cuestionar la pasividad de su padre. \u00a1Se pasa la vida mirando el paisaje sin hacer nada y mientras yo trabajo como un burro para alimentarlo!<\/span><span data-ccp-props=\"{}\">\u00a0<\/span><\/p>\n<p><span data-contrast=\"auto\">\u00a1Un d\u00eda cansado de la situaci\u00f3n construy\u00f3 una caja grande de madera y le dijo al padre! Pap\u00e1, por favor, \u00a1m\u00e9tete dentro!<\/span><span data-ccp-props=\"{}\">\u00a0<\/span><\/p>\n<p><span data-contrast=\"auto\">El padre obedeci\u00f3, el hijo carg\u00f3 la caja en su cami\u00f3n, y se dirigi\u00f3 al borde de un precipicio, cuando se dispon\u00eda a arrojarla escuch\u00f3 la voz de su padre. <\/span><span data-ccp-props=\"{}\">\u00a0<\/span><\/p>\n<p><span data-contrast=\"auto\">-Hijo m\u00edo, puedes tirarme por el despe\u00f1adero, pero guarda la caja. Est\u00e1s transmitiendo el ejemplo a tus hijos y con toda seguridad, \u00a1van a necesitar usarla contigo!<\/span><span data-ccp-props=\"{}\">\u00a0<\/span><\/p>\n<p><span data-contrast=\"auto\">\u00a0\u00a0\u00a0 (Relato que pudiera ser reflexivo para algunos)<\/span><span data-ccp-props=\"{}\">\u00a0<\/span><\/p>\n<p><span data-contrast=\"auto\">En la vejez hacemos balances melanc\u00f3licos, que escrib\u00eda Norberto Bobbio, la conciencia de los prop\u00f3sitos no cumplidos. Grandes interrogantes que permanecen sin respuesta. Lo posible depende del hombre, lo imposible de Dios, por ello, la vida debe ser aceptada y vivida en su inmediatez. Y a\u00f1ade el pensador, \u201cen la vejez, cuentan m\u00e1s los afectos que los conceptos\u201d.<\/span><span data-ccp-props=\"{}\">\u00a0<\/span><\/p>\n<p><span data-ccp-props=\"{}\">\u00a0<\/span><\/p>\n<p><span data-contrast=\"auto\">Dec\u00eda, Anatoli, que los viejos aman demasiado sus ideas y por ello son un obst\u00e1culo para el progreso. No obstante, los archivamos en representaciones acad\u00e9micas y en residencias. Siendo una forma de empaquetar y guardar, reafirma el poeta.<\/span><span data-ccp-props=\"{}\">\u00a0<\/span><\/p>\n<p><span data-ccp-props=\"{}\">\u00a0<\/span><span data-contrast=\"auto\">Pero la ilusi\u00f3n queda en palabras de Azorin, \u201chay que envejecer pronto para vivir mucho\u201d<\/span><span data-ccp-props=\"{}\">\u00a0<\/span><\/p>\n<p><span data-contrast=\"auto\">Murcia, 24 de febrero de 2024<\/span><\/p>\n","protected":false},"excerpt":{"rendered":"<p>Toda su vida trabajando, cuando se jubil\u00f3 compr\u00f3 una hacienda con ganado, para que su hijo, desempleado, la administrara, y mantuviera la familia. El padre decidi\u00f3 pasar su tiempo en la habitaci\u00f3n principal contemplando el paso de los d\u00edas, sin molestar.\u00a0 Despu\u00e9s de tres a\u00f1os, su hijo comenz\u00f3 a cuestionar la pasividad de su padre. [&hellip;]<\/p>\n","protected":false},"author":23,"featured_media":1138,"comment_status":"open","ping_status":"open","sticky":false,"template":"","format":"standard","meta":[],"categories":[158,197],"tags":[],"_links":{"self":[{"href":"https:\/\/blogs.laverdad.es\/elsaltodelgrillo\/wp-json\/wp\/v2\/posts\/1137"}],"collection":[{"href":"https:\/\/blogs.laverdad.es\/elsaltodelgrillo\/wp-json\/wp\/v2\/posts"}],"about":[{"href":"https:\/\/blogs.laverdad.es\/elsaltodelgrillo\/wp-json\/wp\/v2\/types\/post"}],"author":[{"embeddable":true,"href":"https:\/\/blogs.laverdad.es\/elsaltodelgrillo\/wp-json\/wp\/v2\/users\/23"}],"replies":[{"embeddable":true,"href":"https:\/\/blogs.laverdad.es\/elsaltodelgrillo\/wp-json\/wp\/v2\/comments?post=1137"}],"version-history":[{"count":1,"href":"https:\/\/blogs.laverdad.es\/elsaltodelgrillo\/wp-json\/wp\/v2\/posts\/1137\/revisions"}],"predecessor-version":[{"id":1139,"href":"https:\/\/blogs.laverdad.es\/elsaltodelgrillo\/wp-json\/wp\/v2\/posts\/1137\/revisions\/1139"}],"wp:featuredmedia":[{"embeddable":true,"href":"https:\/\/blogs.laverdad.es\/elsaltodelgrillo\/wp-json\/wp\/v2\/media\/1138"}],"wp:attachment":[{"href":"https:\/\/blogs.laverdad.es\/elsaltodelgrillo\/wp-json\/wp\/v2\/media?parent=1137"}],"wp:term":[{"taxonomy":"category","embeddable":true,"href":"https:\/\/blogs.laverdad.es\/elsaltodelgrillo\/wp-json\/wp\/v2\/categories?post=1137"},{"taxonomy":"post_tag","embeddable":true,"href":"https:\/\/blogs.laverdad.es\/elsaltodelgrillo\/wp-json\/wp\/v2\/tags?post=1137"}],"curies":[{"name":"wp","href":"https:\/\/api.w.org\/{rel}","templated":true}]}}