{"id":402,"date":"2016-10-25T18:37:01","date_gmt":"2016-10-25T17:37:01","guid":{"rendered":"http:\/\/blogs.laverdad.es\/elsaltodelgrillo\/?p=402"},"modified":"2016-10-25T18:37:01","modified_gmt":"2016-10-25T17:37:01","slug":"nuevos-talentos-literarios","status":"publish","type":"post","link":"https:\/\/blogs.laverdad.es\/elsaltodelgrillo\/2016\/10\/25\/nuevos-talentos-literarios\/","title":{"rendered":"Nuevos talentos literarios"},"content":{"rendered":"<p><span style=\"font-family: Arial, sans-serif;\"><span>Una brillante generaci\u00f3n de j\u00f3venes poetas y escritores ha tomado la palabra. Son curiosos, ambiciosos y ecl\u00e9cticos. <\/span><\/span><\/p>\n<p><span style=\"font-family: Arial, sans-serif;\"><span>Es la denominada generaci\u00f3n del siglo XXI. Nacidos a finales de los sesenta y principios de los ochenta. Es decir, criados en democracia. <\/span><\/span><\/p>\n<p><span style=\"font-family: Arial, sans-serif;\"><span>Han viajado, aprendido costumbres y tendencias en aquellos pa\u00edses, son poetas globales, urbanos, directos.<\/span><\/span><\/p>\n<p><a href=\"\/elsaltodelgrillo\/wp-content\/uploads\/sites\/22\/2016\/10\/tumblr_o7bxbsi1nm1vrvjcbo7_500.png\"><img loading=\"lazy\" class=\" wp-image-403 alignright\" style=\"margin: 5px; border: 2px solid black;\" title=\"tumblr_o7bxbsi1nm1vrvjcbo7_500\" src=\"\/elsaltodelgrillo\/wp-content\/uploads\/sites\/22\/2016\/10\/tumblr_o7bxbsi1nm1vrvjcbo7_500.png\" alt=\"\" width=\"280\" height=\"209\" srcset=\"https:\/\/static-blogs.laverdad.es\/wp-content\/uploads\/sites\/22\/2016\/10\/tumblr_o7bxbsi1nm1vrvjcbo7_500.png 500w, https:\/\/static-blogs.laverdad.es\/wp-content\/uploads\/sites\/22\/2016\/10\/tumblr_o7bxbsi1nm1vrvjcbo7_500-300x224.png 300w\" sizes=\"(max-width: 280px) 100vw, 280px\" \/><\/a><span style=\"font-family: Arial, sans-serif;\">Internet para ellos es como los caf\u00e9s para las generaciones del XIX. Utilizan las redes sociales tanto como las revistas literarias, comunicando en <\/span><span style=\"font-family: Arial, sans-serif;\"><em>blogs<\/em><\/span><span style=\"font-family: Arial, sans-serif;\"> sus publicaciones y comentarios. <\/span><\/p>\n<p><span style=\"font-family: Arial, sans-serif;\">Es la primera <\/span><span style=\"font-family: Arial, sans-serif;\"><em>cibergeneraci\u00f3n<\/em><\/span><span style=\"font-family: Arial, sans-serif;\">.\u00a0<\/span><span style=\"font-family: Arial, sans-serif;\">Utilizan esta herramienta para expansi\u00f3n de sus ideas, a\u00fan cuando son conscientes que no les har\u00e1 m\u00e1s ricos ni m\u00e1s famosos, pero han crecido con ella.\u00a0<\/span><span style=\"font-family: Arial, sans-serif;\">Una de sus escuelas es precisamente la ausencia de ellas. A\u00fan no tienen un claro referente literario, los cr\u00edticos tratan de bautizarlos, pero resulta dif\u00edcil, precisamente por su variedad y versatilidad.<\/span><\/p>\n<p><span style=\"font-family: Arial, sans-serif;\"><span>Algunos escriben para los medios todo tipo de historias, est\u00e1n en contra de la alienaci\u00f3n del gremio. <\/span><\/span><\/p>\n<p><span style=\"font-family: Arial, sans-serif;\"><span>Dice <strong>Luis Mu\u00f1oz<\/strong>: \u201cNo me siento poeta de ninguna generaci\u00f3n. Somos una rep\u00fablica general de la poes\u00eda que viene de una luminosa constelaci\u00f3n de soledades, salimos de las capillas y evitamos enfrentamientos\u201d.<\/span><\/span><\/p>\n<p><span style=\"font-family: Arial, sans-serif;\"><span>Podr\u00edamos decir que vivir en democracia les ha supuesto profundizar y pensar menos, ya que no existe la censura del pasado. Las generaciones anteriores han tenido que inventar, disfrazar y desarrollar met\u00e1foras para ocultar el directo.<\/span><\/span><\/p>\n<p><span style=\"font-family: Arial, sans-serif;\"><span>Eclecticismo y pos-modernismo sean bienvenidos, pero sin olvidar nuestra base literaria que a su vez transciende al mundo latino. <\/span><\/span><\/p>\n<p><span style=\"font-family: Arial, sans-serif;\"><span>Hemos o\u00eddo alg\u00fan poeta decir: \u201cPara m\u00ed ha sido m\u00e1s importante Bob Dylan que Quevedo\u201d. Puede que por sus canciones o por el desarrollo multicolor de su vida pero no en la letra de sus poemas donde Quevedo es invencible en su s\u00e1tira y cultivo del idioma. <\/span><\/span><\/p>\n<p><span style=\"font-family: Arial, sans-serif;\"><span>Dice <strong>Javier Rodr\u00edguez<\/strong> (1970): \u201cLa concesi\u00f3n al cantautor del galard\u00f3n ha desatado la pol\u00e9mica sorprendiendo a todos. \u00bfHa renunciado la Academia a su misi\u00f3n al distinguir a alguien demasiado consagrado?\u201d.<\/span><\/span><\/p>\n<p><span style=\"font-family: Arial, sans-serif;\"><span>Probablemente los relatos novelados sea lo m\u00e1s interesante del momento.<\/span><\/span><\/p>\n<p><span style=\"font-family: Arial, sans-serif;\"><span><strong>Dolores Redondo<\/strong> (1969) Premio Planeta por sus historias polic\u00edacas.<\/span><\/span><\/p>\n<p><a href=\"\/elsaltodelgrillo\/wp-content\/uploads\/sites\/22\/2016\/10\/nuevos-lectores-nuevos-escritores.jpg\"><img loading=\"lazy\" class=\"alignright size-full wp-image-405\" style=\"margin: 5px; border: 2px solid black;\" title=\"nuevos-lectores-nuevos-escritores-350x263\" src=\"\/elsaltodelgrillo\/wp-content\/uploads\/sites\/22\/2016\/10\/nuevos-lectores-nuevos-escritores.jpg\" alt=\"\" width=\"350\" height=\"263\" \/><\/a><\/p>\n<p><span style=\"font-family: Arial, sans-serif;\"><span><strong>Marcos Chicot<\/strong> (1971) finalista Premio Planeta nos traslada su Atenas de Pericles.<\/span><\/span><\/p>\n<p><span style=\"font-family: Arial, sans-serif;\"><span><strong>Lara Moreno<\/strong> (1978), poeta y cuentista. Atrevida en su poes\u00eda: \u201cHe huido del dolor que causa la familia y la complicaci\u00f3n del amor\u201d(Por si se va la luz)<\/span><\/span><\/p>\n<p><span style=\"font-family: Arial, sans-serif;\"><span><strong>Laura Fern\u00e1ndez<\/strong> (1981) periodista y ensayista. Valiente y arriesgada en la recopilaci\u00f3n de sus \u201crelatos negros y absurdos\u201d.<\/span><\/span><\/p>\n<p><span style=\"font-family: Arial, sans-serif;\"><span><strong>Elena Medel<\/strong> (1985) muy precoz en sus escritos po\u00e9ticos a los 16 a\u00f1os. Premio Loewe. &#8216;Mi primer bikini&#8217;.<\/span><\/span><\/p>\n<p><span style=\"font-family: Arial, sans-serif;\"><span><strong>Alejandro Hermosilla<\/strong> (1974) con su feroz y estridente novela &#8216;Martillo&#8217; tan incalificable y subversiva como su autor. Si entras en ella pierdes toda esperanza y el sentido de la realidad cuestionando tu conciencia.<\/span><\/span><\/p>\n<p><span style=\"font-family: Arial, sans-serif;\"><span>Por \u00faltimo, un maestro. <\/span><\/span><\/p>\n<p><span style=\"font-family: Arial, sans-serif;\"><span><strong>Lorenzo Silva<\/strong> (1966) no me atrevo a considerarlo precursor de una escuela, pero la forma de novelar sus relatos polic\u00edacos ha sido interpretada por sucesivos escritores en sus trabajos. Tambi\u00e9n premio Planeta en 2012. <\/span><\/span><\/p>\n<p><span style=\"font-family: Arial, sans-serif;\">La poes\u00eda y la novela siguen teniendo futuro, porque la <\/span><strong style=\"font-family: Arial, sans-serif;\">Generaci\u00f3n<\/strong><span style=\"font-family: Arial, sans-serif;\"> est\u00e1 viva y creciendo..<\/span><\/p>\n<p><span style=\"font-family: Arial, sans-serif;\">Alguien dijo, \u201c<\/span><strong style=\"font-family: Arial, sans-serif;\">escribo para averiguar lo que pienso&#8230;y quiz\u00e1, defenderme de lo que siento\u201d<\/strong><\/p>\n<p>&nbsp;<\/p>\n<p><span><span style=\"font-family: Arial, sans-serif;\">Murcia, 26 de octubre de 2016<\/span><\/span><\/p>\n","protected":false},"excerpt":{"rendered":"<p>Una brillante generaci\u00f3n de j\u00f3venes poetas y escritores ha tomado la palabra. Son curiosos, ambiciosos y ecl\u00e9cticos. Es la denominada generaci\u00f3n del siglo XXI. Nacidos a finales de los sesenta y principios de los ochenta. Es decir, criados en democracia. Han viajado, aprendido costumbres y tendencias en aquellos pa\u00edses, son poetas globales, urbanos, directos. Internet [&hellip;]<\/p>\n","protected":false},"author":23,"featured_media":0,"comment_status":"open","ping_status":"open","sticky":false,"template":"","format":"standard","meta":[],"categories":[6],"tags":[],"_links":{"self":[{"href":"https:\/\/blogs.laverdad.es\/elsaltodelgrillo\/wp-json\/wp\/v2\/posts\/402"}],"collection":[{"href":"https:\/\/blogs.laverdad.es\/elsaltodelgrillo\/wp-json\/wp\/v2\/posts"}],"about":[{"href":"https:\/\/blogs.laverdad.es\/elsaltodelgrillo\/wp-json\/wp\/v2\/types\/post"}],"author":[{"embeddable":true,"href":"https:\/\/blogs.laverdad.es\/elsaltodelgrillo\/wp-json\/wp\/v2\/users\/23"}],"replies":[{"embeddable":true,"href":"https:\/\/blogs.laverdad.es\/elsaltodelgrillo\/wp-json\/wp\/v2\/comments?post=402"}],"version-history":[{"count":0,"href":"https:\/\/blogs.laverdad.es\/elsaltodelgrillo\/wp-json\/wp\/v2\/posts\/402\/revisions"}],"wp:attachment":[{"href":"https:\/\/blogs.laverdad.es\/elsaltodelgrillo\/wp-json\/wp\/v2\/media?parent=402"}],"wp:term":[{"taxonomy":"category","embeddable":true,"href":"https:\/\/blogs.laverdad.es\/elsaltodelgrillo\/wp-json\/wp\/v2\/categories?post=402"},{"taxonomy":"post_tag","embeddable":true,"href":"https:\/\/blogs.laverdad.es\/elsaltodelgrillo\/wp-json\/wp\/v2\/tags?post=402"}],"curies":[{"name":"wp","href":"https:\/\/api.w.org\/{rel}","templated":true}]}}