{"id":1067,"date":"2020-04-15T20:05:04","date_gmt":"2020-04-15T18:05:04","guid":{"rendered":"https:\/\/blogs.laverdad.es\/faro\/?p=1067"},"modified":"2020-04-15T20:14:49","modified_gmt":"2020-04-15T18:14:49","slug":"primum-vivere","status":"publish","type":"post","link":"https:\/\/blogs.laverdad.es\/faro\/2020\/04\/15\/primum-vivere\/","title":{"rendered":"Primum vivere"},"content":{"rendered":"<p>Antes de que irrumpiera esta nefasta pandemia que estamos padeciendo el 66% de los empleos de nuestro pa\u00eds se concentraba en las m\u00e1s de\u00a0 3.3 millones de Pymes que hab\u00eda en Espa\u00f1a, suponiendo este n\u00famero un abrumador 99.8% del tejido empresarial, porcentaje similar al resto de Europa.<\/p>\n<p>Y digo hab\u00eda porque lamentablemente, como consecuencia de la crisis econ\u00f3mica generada por este funesto coronavirus que ha provocado a d\u00eda de hoy el fallecimiento de 18.056 compatriotas, parece inevitable tambi\u00e9n la desaparici\u00f3n de medio mill\u00f3n de pymes, un 15% de las existentes.<\/p>\n<p>Esta es la estimaci\u00f3n que recoge el \u00faltimo <a href=\"https:\/\/www.cepyme.es\/wp-content\/uploads\/2020\/04\/CEPYME_BarometroPymes2020_02OK.pdf\"><strong>Bar\u00f3metro\u00a0CEPYME\u00a02020<\/strong><\/a>\u00a0.Como es l\u00f3gico en estos momentos de incertidumbre, las expectativas de la mayor\u00eda de las pymes espa\u00f1olas no son nada halag\u00fce\u00f1as, si bien un 60% de las empresas espera mantener el n\u00famero actual de empleados.<\/p>\n<p>La mayor preocupaci\u00f3n empresarial es\u00a0la <strong>supervivencia<\/strong> a los efectos del coronavirus,\u00a0 quedando pr\u00e1cticamente aparcados aspectos tan importantes para la competitividad futura como son la <strong>transformaci\u00f3n digital<\/strong>, la ciberseguridad o la sostenibilidad medioambiental.<\/p>\n<p>En esta situaci\u00f3n de crisis sobrevenida, lo que los empresarios esperan del Gobierno fundamentalmente son moratorias fiscales, reducci\u00f3n de impuestos, flexibilidad laboral y actuaciones que faciliten la liquidez financiera.<\/p>\n<p>Entre las <strong>medidas adoptadas por las empresas\u00a0<\/strong>para afrontar la crisis\u00a0destaca la opci\u00f3n del teletrabajo (48% de los encuestados), seguida de los ERTES (un 25.30%) y de la reducci\u00f3n de actividad (31%).<\/p>\n<p>La intenci\u00f3n de invertir en tecnolog\u00eda (5.34% de las respuestas), imprescindible para abordar los deseables <a href=\"http:\/\/contenidos.ceoe.es\/CEOE\/var\/pool\/pdf\/publications_docs-file-334-plan-digital-2020-la-digitalizacion-de-la-sociedad-espanola.pdf\"><strong>proyectos\u00a0 de transformaci\u00f3n digital<\/strong><\/a>,\u00a0 es casi irrelevante ahora mismo para las empresas espa\u00f1olas de menos de 250 trabajadores, centradas en sobrevivir a toda costa.<\/p>\n<p>Sin vida no hay esperanza, <em>primum vivere <\/em>es la prioridad inmediata<em>,\u00a0<\/em> pero todo <strong>plan de contingencia<\/strong> para superar esta situaci\u00f3n cr\u00edtica y adquirir la capacidad de pivotar en caso necesario ante eventualidades futuras pasa por la innovaci\u00f3n.<\/p>\n<p>As\u00ed lo entiende un 60% de las empresas encuestadas por CEPYME que reivindica m\u00e1s subvenciones p\u00fablicas para aumentar el gasto en I+D+i.<\/p>\n<p>Las tecnolog\u00edas digitales no s\u00f3lo son fuente de desarrollo econ\u00f3mico sino que, adem\u00e1s de contribuir a reducir las desigualdades sociales facilitando el acceso al conocimiento,\u00a0 aportan grandes beneficios a la sociedad, y en concreto a la sanidad, permitiendo la atenci\u00f3n remota a los enfermos, tan vital en estos momentos.<\/p>\n<p>&nbsp;<\/p>\n<div id=\"attachment_1097\" style=\"width: 572px\" class=\"wp-caption alignnone\"><a href=\"https:\/\/static-blogs.laverdad.es\/wp-content\/uploads\/sites\/25\/2020\/04\/telemedicina_coronavirus.jpg\"><img aria-describedby=\"caption-attachment-1097\" loading=\"lazy\" class=\"wp-image-1097 \" src=\"https:\/\/static-blogs.laverdad.es\/wp-content\/uploads\/sites\/25\/2020\/04\/telemedicina_coronavirus.jpg\" alt=\"\" width=\"562\" height=\"352\" srcset=\"https:\/\/static-blogs.laverdad.es\/wp-content\/uploads\/sites\/25\/2020\/04\/telemedicina_coronavirus.jpg 1960w, https:\/\/static-blogs.laverdad.es\/wp-content\/uploads\/sites\/25\/2020\/04\/telemedicina_coronavirus-300x188.jpg 300w, https:\/\/static-blogs.laverdad.es\/wp-content\/uploads\/sites\/25\/2020\/04\/telemedicina_coronavirus-768x481.jpg 768w, https:\/\/static-blogs.laverdad.es\/wp-content\/uploads\/sites\/25\/2020\/04\/telemedicina_coronavirus-1024x642.jpg 1024w\" sizes=\"(max-width: 562px) 100vw, 562px\" \/><\/a><p id=\"caption-attachment-1097\" class=\"wp-caption-text\">https:\/\/retina.elpais.com\/retina\/2020\/03\/10\/tendencias\/1583830028_803598.html<\/p><\/div>\n<p>Del mismo modo que la salud es el bien personal m\u00e1s preciado y que para velar por ella todos los\u00a0 medios que se empleen ser\u00e1n pocos,\u00a0la fortaleza de las empresas son la clave de que se puedan generar los recursos necesarios para garantizar la salud de todos y la protecci\u00f3n social de los colectivos m\u00e1s vulnerables.<\/p>\n<p>Sin empresas no es sostenible el Estado de Bienestar que ansiamos (exigimos?)\u00a0 los ciudadanos al m\u00e1ximo nivel posible.\u00a0 Y conscientes de que no existe mejor protecci\u00f3n social que el empleo, parece obvio que los Gobiernos\u00a0 deban propiciar siempre un entorno que favorezca la actividad empresarial.<\/p>\n<p>Y digo parece obvio porque en momentos de crisis como la que estamos sufriendo un Gobierno debe demostrar una especial sensibilidad hacia las opiniones de los empresarios, por el bien de todos, una cuesti\u00f3n mejorable en nuestro pa\u00eds, a tenor del mensaje que se lanza, en estos d\u00edas aciagos, desde la CEOE:\u00a0\u00a0<a href=\"https:\/\/www.cope.es\/programas\/herrera-en-cope\/noticias\/ceoe-esta-crisis-salir-rapido-gobierno-cuenta-con-las-empresas-20200415_681706\"><strong>&#8220;De esta crisis se sale r\u00e1pido si el Gobierno cuenta con las empresas&#8221;<\/strong><\/a><\/p>\n<p>&nbsp;<\/p>\n<p><iframe loading=\"lazy\" width=\"500\" height=\"281\" src=\"https:\/\/www.youtube.com\/embed\/5801Be1tYsY?feature=oembed\" frameborder=\"0\" allow=\"accelerometer; autoplay; encrypted-media; gyroscope; picture-in-picture\" allowfullscreen><\/iframe><\/p>\n<pre role=\"heading\" aria-level=\"2\">Art\u00edculos relacionados:\r\n<a href=\"https:\/\/blogs.laverdad.es\/faro\/2015\/05\/07\/nos-hacemos-los-suecos\/\"><strong>\u00bfNos hacemos los suecos?<\/strong><\/a>\r\n\r\n<a href=\"https:\/\/sites.google.com\/view\/juanjo-rios-pinera\"><strong>WEb del autor<\/strong><\/a>\r\n\r\n\r\n<\/pre>\n","protected":false},"excerpt":{"rendered":"<p>Antes de que irrumpiera esta nefasta pandemia que estamos padeciendo el 66% de los empleos de nuestro pa\u00eds se concentraba en las m\u00e1s de\u00a0 3.3 millones de Pymes que hab\u00eda en Espa\u00f1a, suponiendo este n\u00famero un abrumador 99.8% del tejido empresarial, porcentaje similar al resto de Europa. Y digo hab\u00eda porque lamentablemente, como consecuencia de [&hellip;]<\/p>\n","protected":false},"author":26,"featured_media":0,"comment_status":"open","ping_status":"closed","sticky":false,"template":"","format":"standard","meta":[],"categories":[813],"tags":[815,816,814,817],"_links":{"self":[{"href":"https:\/\/blogs.laverdad.es\/faro\/wp-json\/wp\/v2\/posts\/1067"}],"collection":[{"href":"https:\/\/blogs.laverdad.es\/faro\/wp-json\/wp\/v2\/posts"}],"about":[{"href":"https:\/\/blogs.laverdad.es\/faro\/wp-json\/wp\/v2\/types\/post"}],"author":[{"embeddable":true,"href":"https:\/\/blogs.laverdad.es\/faro\/wp-json\/wp\/v2\/users\/26"}],"replies":[{"embeddable":true,"href":"https:\/\/blogs.laverdad.es\/faro\/wp-json\/wp\/v2\/comments?post=1067"}],"version-history":[{"count":6,"href":"https:\/\/blogs.laverdad.es\/faro\/wp-json\/wp\/v2\/posts\/1067\/revisions"}],"predecessor-version":[{"id":1100,"href":"https:\/\/blogs.laverdad.es\/faro\/wp-json\/wp\/v2\/posts\/1067\/revisions\/1100"}],"wp:attachment":[{"href":"https:\/\/blogs.laverdad.es\/faro\/wp-json\/wp\/v2\/media?parent=1067"}],"wp:term":[{"taxonomy":"category","embeddable":true,"href":"https:\/\/blogs.laverdad.es\/faro\/wp-json\/wp\/v2\/categories?post=1067"},{"taxonomy":"post_tag","embeddable":true,"href":"https:\/\/blogs.laverdad.es\/faro\/wp-json\/wp\/v2\/tags?post=1067"}],"curies":[{"name":"wp","href":"https:\/\/api.w.org\/{rel}","templated":true}]}}