{"id":1071,"date":"2020-03-22T22:41:55","date_gmt":"2020-03-22T21:41:55","guid":{"rendered":"https:\/\/blogs.laverdad.es\/faro\/?p=1071"},"modified":"2020-03-22T22:48:42","modified_gmt":"2020-03-22T21:48:42","slug":"coronavirus-y-matematicas","status":"publish","type":"post","link":"https:\/\/blogs.laverdad.es\/faro\/2020\/03\/22\/coronavirus-y-matematicas\/","title":{"rendered":"Coronavirus y Matem\u00e1ticas"},"content":{"rendered":"<p>El pico de la infecci\u00f3n por coronavirus en Espa\u00f1a\u00a0 se alcanzar\u00e1 posiblemente entre el <strong>11 y el 21 de abril<\/strong>, superando, en ese punto m\u00e1ximo,\u00a0 los <strong>dos millones de\u00a0personas<\/strong> infectadas.<\/p>\n<p>Esta es la estimaci\u00f3n del\u00a0\u00a0<a href=\"https:\/\/www.imm.upv.es\/\"><strong>Instituto de Matem\u00e1tica\u00a0 Multidisciplinar<\/strong><\/a>\u00a0(U. P. Valencia),\u00a0 que desde el 12 de marzo viene publicando <a href=\"http:\/\/covid19.webs.upv.es\"><strong>un informe diario<\/strong><\/a> que predice, con tres d\u00edas de antelaci\u00f3n, la evoluci\u00f3n probable del n\u00famero de casos, asumiendo que,\u00a0en un escenario tan cambiante, la tasa de contagio puede variar de un d\u00eda para otro.<\/p>\n<p>En una epidemia intervienen muchos factores que dificultan las previsiones,\u00a0 entre ellos las decisiones pol\u00edticas, como ha ocurrido en el Reino Unido,\u00a0 que se ha visto obligado a cambiar bruscamente su <a href=\"https:\/\/elpais.com\/sociedad\/2020-03-13\/la-estrategia-del-gobierno-de-johnson-contra-el-coronavirus-divide-a-la-comunidad-cientifica.html\"><strong>estrategia inicial<\/strong><\/a>, basada en el concepto de\u00a0\u00a0<a href=\"https:\/\/es.wikipedia.org\/wiki\/Inmunidad_de_grupo\"><strong>inmunidad del reba\u00f1o<\/strong><\/a> (dejar que la gente se infectara para inmunizarse) ante la amenaza de colapsar el sistema sanitario y el temor de que se produjera una cifra alt\u00edsima de fallecidos.<\/p>\n<p>La habilitaci\u00f3n de los recursos econ\u00f3micos, humanos, t\u00e9cnicos y organizativos necesarios para afrontar una situaci\u00f3n de emergencia como la generada por esta pandemia debe apoyarse en estimaciones cient\u00edficas.<\/p>\n<p>La <strong>Epidemiolog\u00eda<\/strong> es la disciplina\u00a0 que se ocupa de estudiar la evoluci\u00f3n de un proceso infeccioso generalizado para intentar predecir su comportamiento futuro y facilitar, por ende, la toma de decisiones y la planificaci\u00f3n de las actuaciones preventivas y curativas m\u00e1s adecuadas.<\/p>\n<p>Anticipar la curva de evoluci\u00f3n del n\u00famero de infectados, cu\u00e1ndo se alcanzar\u00e1 el m\u00e1ximo y a cu\u00e1ntas personas afectar\u00e1 y las cifras de curados permitir\u00e1n prever el n\u00famero de ingresos en las UCIS, la cantidad de tests y pruebas necesarias, la adquisici\u00f3n de mascarillas, la dotaci\u00f3n de personal o la duraci\u00f3n de la cuarentena.<\/p>\n<p>A estos efectos, las <strong>Matem\u00e1ticas, <\/strong>\u00a0y por supuesto la Inform\u00e1tica como aliada imprescindible, son una herramienta fundamental como instrumento de predicci\u00f3n, desde que en 1760 Daniel Bernouilli formul\u00f3 el primer modelo matem\u00e1tico del que se tiene constancia para probar la eficacia de la vacuna de la viruela.<\/p>\n<p>En 1927, Kermack y McKendrick idearon el modelo <a href=\"https:\/\/es.wikipedia.org\/wiki\/Modelaje_matem%C3%A1tico_de_epidemias\"><strong>SIR<\/strong><\/a>, basado en un sistema de ecuaciones diferenciales, que, con ligeras variaciones, es el referente actual en el estudio de las epidemias que afectan a <strong>poblaciones grandes<\/strong>, como es el caso de la causada por el Covid-19.<\/p>\n<p>Debe su nombre al criterio seguido para definir las variables, dependientes del tiempo (t), que intervienen en este modelo t\u00e9orico: <strong>S<\/strong>(t)=n\u00famero de individuos <strong>susceptibles\u00a0<\/strong>;\u00a0<strong>I<\/strong>(t)= n\u00famero de <strong>infectados<\/strong>, <strong>R<\/strong>(t)= personas <strong>recuperadas<\/strong> de la enfermedad.<\/p>\n<p>Obviamente, S+I+R= N, la poblaci\u00f3n total. Se contemplan dos par\u00e1metros: \u03b2= \u00edndice de transmisi\u00f3n,\u00a0\u03b3= \u00edndice de recuperaci\u00f3n.\u00a0La notaci\u00f3n dS\/dt=S\u00b4(t), dI\/dt=I\u00b4(t) y dR\/dt= R\u00b4(t), o sea la derivada de las respectivas funciones alude a su variaci\u00f3n en el tiempo.<\/p>\n<p>El comportamiento del modelo depende del n\u00famero o <strong>raz\u00f3n reproductiva b\u00e1sica<\/strong>, o sea el n\u00famero de infecciones que causadas por un \u00fanico individuo,\u00a0<strong>R0=<\/strong>\u00a0\u03b2\/\u03b3, cuyo valor umbral es 1. Si R0&gt;1 ser\u00e1 necesario desencadenar actuaciones como cerrar colegios, establecer cuarentenas o campa\u00f1as de vacunaci\u00f3n en su caso. Si R0&lt;1, la epidemia ir\u00e1 tendiendo a disminuir y se considerar\u00e1 controlada.<\/p>\n<p>&nbsp;<\/p>\n<div id=\"attachment_1080\" style=\"width: 1153px\" class=\"wp-caption alignnone\"><a href=\"https:\/\/static-blogs.laverdad.es\/wp-content\/uploads\/sites\/25\/2020\/03\/Modelo-SIR.jpg\"><img aria-describedby=\"caption-attachment-1080\" loading=\"lazy\" class=\"wp-image-1080\" src=\"https:\/\/static-blogs.laverdad.es\/wp-content\/uploads\/sites\/25\/2020\/03\/Modelo-SIR.jpg\" alt=\"\" width=\"1143\" height=\"643\" srcset=\"https:\/\/static-blogs.laverdad.es\/wp-content\/uploads\/sites\/25\/2020\/03\/Modelo-SIR.jpg 1280w, https:\/\/static-blogs.laverdad.es\/wp-content\/uploads\/sites\/25\/2020\/03\/Modelo-SIR-300x169.jpg 300w, https:\/\/static-blogs.laverdad.es\/wp-content\/uploads\/sites\/25\/2020\/03\/Modelo-SIR-768x432.jpg 768w, https:\/\/static-blogs.laverdad.es\/wp-content\/uploads\/sites\/25\/2020\/03\/Modelo-SIR-1024x576.jpg 1024w\" sizes=\"(max-width: 1143px) 100vw, 1143px\" \/><\/a><p id=\"caption-attachment-1080\" class=\"wp-caption-text\">Original del Prof. Misael Erikson Magui\u00f1a Palma (Per\u00fa) Peque\u00f1o error: debe poner dt en lugar de st en la ecuaci\u00f3n 1<\/p><\/div>\n<p>Sin embargo, en poblaciones peque\u00f1as, como es el caso de los municipios, son m\u00e1s adecuados otros modelos probabil\u00edsticos, como las <em><a href=\"https:\/\/es.wikipedia.org\/wiki\/Cadena_de_M%C3%A1rkov\">cadenas de Markov<\/a>. <\/em>\u00a0Ha sido el utilizado por un grupo de investigadores de la Universidad de Zaragoza para construir un <a href=\"https:\/\/covid-19-risk.github.io\/map\/spain\/es\/\"><strong>mapa de riesgo del Covid-19 por municipios<\/strong><\/a><\/p>\n<p>En <a href=\"https:\/\/gisanddata.maps.arcgis.com\/apps\/opsdashboard\/index.html#\/bda7594740fd40299423467b48e9ecf6\/\"><strong>este mapa interactivo mundial<\/strong><\/a>, elaborado por la prestigiosa Universidad Johns Hopkins se puede apreciar que, en este momento, Espa\u00f1a es el cuarto pa\u00eds, entre 169, por n\u00famero de afectados, 28.603.<\/p>\n<p>Por \u00faltimo, veamos otro modelo matem\u00e1tico original del gran divulgador argentino <strong>Dami\u00e1n Pedraza<\/strong>, cuyas claves son el n\u00famero de personas expuestas (E), el de infectadas (I), y la probabilidad (p) de contagio. El v\u00eddeo, que est\u00e1 circulando por redes sociales, es un poco largo, pero ahora si algo nos sobra es tiempo para verlo. Tambi\u00e9n para hacer nuestras propias cuentas, y para ir comprobando la veracidad de las predicciones.<\/p>\n<p>&nbsp;<\/p>\n<p><iframe loading=\"lazy\" width=\"500\" height=\"281\" src=\"https:\/\/www.youtube.com\/embed\/-PUT0hZiZEw?feature=oembed\" frameborder=\"0\" allow=\"accelerometer; autoplay; encrypted-media; gyroscope; picture-in-picture\" allowfullscreen><\/iframe><\/p>\n<p>&nbsp;<\/p>\n<div id=\"bodyContent\" class=\"mw-body-content\">\n<div id=\"mw-content-text\" class=\"mw-content-ltr\" dir=\"ltr\" lang=\"es\">\n<div class=\"mw-parser-output\">\n<div class=\"d-subtitle u-mb20\">\n<div class=\"d-subtitle__list\">\n<p><a href=\"https:\/\/sites.google.com\/view\/juanjo-rios-pinera\/p%C3%A1gina-principal?authuser=0\"><strong>WEB del autor <\/strong><\/a>(con todos los art\u00edculos publicados, y explicaciones t\u00e9cnicas detalladas del modelo SIR)<\/p>\n<p>&nbsp;<\/p>\n<p>&nbsp;<\/p>\n<\/div>\n<\/div>\n<\/div>\n<\/div>\n<\/div>\n","protected":false},"excerpt":{"rendered":"<p>El pico de la infecci\u00f3n por coronavirus en Espa\u00f1a\u00a0 se alcanzar\u00e1 posiblemente entre el 11 y el 21 de abril, superando, en ese punto m\u00e1ximo,\u00a0 los dos millones de\u00a0personas infectadas. Esta es la estimaci\u00f3n del\u00a0\u00a0Instituto de Matem\u00e1tica\u00a0 Multidisciplinar\u00a0(U. P. Valencia),\u00a0 que desde el 12 de marzo viene publicando un informe diario que predice, con tres [&hellip;]<\/p>\n","protected":false},"author":26,"featured_media":0,"comment_status":"open","ping_status":"closed","sticky":false,"template":"","format":"standard","meta":[],"categories":[800,768],"tags":[810,809,807,811,812,808,806],"_links":{"self":[{"href":"https:\/\/blogs.laverdad.es\/faro\/wp-json\/wp\/v2\/posts\/1071"}],"collection":[{"href":"https:\/\/blogs.laverdad.es\/faro\/wp-json\/wp\/v2\/posts"}],"about":[{"href":"https:\/\/blogs.laverdad.es\/faro\/wp-json\/wp\/v2\/types\/post"}],"author":[{"embeddable":true,"href":"https:\/\/blogs.laverdad.es\/faro\/wp-json\/wp\/v2\/users\/26"}],"replies":[{"embeddable":true,"href":"https:\/\/blogs.laverdad.es\/faro\/wp-json\/wp\/v2\/comments?post=1071"}],"version-history":[{"count":20,"href":"https:\/\/blogs.laverdad.es\/faro\/wp-json\/wp\/v2\/posts\/1071\/revisions"}],"predecessor-version":[{"id":1093,"href":"https:\/\/blogs.laverdad.es\/faro\/wp-json\/wp\/v2\/posts\/1071\/revisions\/1093"}],"wp:attachment":[{"href":"https:\/\/blogs.laverdad.es\/faro\/wp-json\/wp\/v2\/media?parent=1071"}],"wp:term":[{"taxonomy":"category","embeddable":true,"href":"https:\/\/blogs.laverdad.es\/faro\/wp-json\/wp\/v2\/categories?post=1071"},{"taxonomy":"post_tag","embeddable":true,"href":"https:\/\/blogs.laverdad.es\/faro\/wp-json\/wp\/v2\/tags?post=1071"}],"curies":[{"name":"wp","href":"https:\/\/api.w.org\/{rel}","templated":true}]}}