{"id":11,"date":"2013-07-13T20:27:45","date_gmt":"2013-07-13T18:27:45","guid":{"rendered":"http:\/\/blogs.laverdad.es\/faro\/?p=11"},"modified":"2013-07-13T20:27:45","modified_gmt":"2013-07-13T18:27:45","slug":"las-personas-son-clave","status":"publish","type":"post","link":"https:\/\/blogs.laverdad.es\/faro\/2013\/07\/13\/las-personas-son-clave\/","title":{"rendered":"Las personas son clave"},"content":{"rendered":"<p>Aunque a lo largo de mi vida profesional he participado en algunas iniciativas innovadoras, quiero aclarar a mis posibles lectores que no soy un consultor experto en la materia.\u00a0 Lo que si tengo es af\u00e1n por profundizar en las metodolog\u00edas de aplicaci\u00f3n pr\u00e1ctica de la innovaci\u00f3n as\u00ed como ideas acerca de la difusi\u00f3n y asimilaci\u00f3n de la\u00a0<strong>cultura innovadora<\/strong>\u00a0en\u00a0 la sociedad en general y en las PYMES en particular.<\/p>\n<p>La verdad es que el \u00edndice de tem\u00e1ticas relacionadas con la\u00a0<strong>creatividad y la innovaci\u00f3n<\/strong>\u00a0es \u00a0tan amplio, tan variado, tan multidimensional, \u00a0tan crucial para el desarrollo socioecon\u00f3mico, y por ende, tan apasionante, \u00a0que es dif\u00edcil \u00a0para m\u00ed establecer una secuencia l\u00f3gica en los \u00edtems a tratar y presentar de forma ordenada \u00a0debido a mis propias carencias personales y a su encaje dentro de las limitaciones que impone un blog.<\/p>\n<p>Me refiero a cuestiones como: \u00a0<a href=\"http:\/\/es.wikipedia.org\/wiki\/Creatividad\">creatividad,<\/a> <a href=\"http:\/\/es.wikipedia.org\/wiki\/Pensamiento_lateral\">pensamiento lateral<\/a>, <a href=\"http:\/\/www.guioteca.com\/emprendimiento\/design-thinking-la-herramienta-de-moda-en-innovacion\/\">design thinking<\/a>, <a href=\"http:\/\/es.wikipedia.org\/wiki\/Trabajo_cooperativo\">coworking<\/a> o cosociety, <a href=\"http:\/\/thinkandsell.com\/blog\/innovacion-disruptiva-un-dilema-de-marketing-estrategico\/\">innovaci\u00f3n disruptiva,<\/a> <a href=\"http:\/\/www.innobasque.com\/home.aspx?tabid=932\">ecosistema innovador<\/a>, talento, management, smart cities, territorios inteligentes, ciudades de la innovaci\u00f3n, \u00a0<a href=\"http:\/\/www.elblogsalmon.com\/economia\/que-es-la-economia-azul\">econom\u00eda azul<\/a>, energ\u00edas renovables estrategias inteligentes,\u2026 conjugadas con las llamadas tecnolog\u00edas facilitadoras (discontinuidades las llama \u00a0Gary Hamel): <a href=\"http:\/\/es.wikipedia.org\/wiki\/Internet_de_las_cosas\">Internet de las cosas<\/a>, banda ancha, redes sociales, computaci\u00f3n en la nube, <a href=\"http:\/\/www.euroresidentes.com\/futuro\/nanotecnologia\/nanotecnologia_que_es.htm\">nanotecnolog\u00eda<\/a>, <a href=\"http:\/\/es.wikipedia.org\/wiki\/Biotecnolog%C3%ADa\">biotecnolog\u00eda<\/a>,\u2026<\/p>\n<p>Pero como siempre, la base son las\u00a0<strong>personas<\/strong>, con sus roles, aptitudes, actitudes, mentalidad, \u00a0formaci\u00f3n, conocimientos, ilusiones, \u00a0aspiraciones, tambi\u00e9n con sus defectos. Los gobiernos, las administraciones p\u00fablicas, las empresas, est\u00e1n dirigidas por personas, en ellas trabajan personas y sus productos y servicios van dirigidos a personas. As\u00ed que me ocupar\u00e9 en las pr\u00f3ximas entradas de los aspectos personales ligados a la innovaci\u00f3n, empezando por la creatividad.<\/p>\n<p>La creatividad implica<strong>\u00a0<\/strong><strong>diferenciaci\u00f3n<\/strong>. Las organizaciones actuales, incluso en el sector p\u00fablico, \u00a0no se pueden permitir el despilfarro de talento que supone no fomentar la creatividad de los empleados. Es cierto que hay personas m\u00e1s creativas \u00a0que otras pero tambi\u00e9n lo es \u00a0que\u00a0<strong>la creatividad se puede entrenar y perfecciona<\/strong>r. Y tambi\u00e9n es verdad que cambiar la mentalidad de las personas cuesta mucho. Hay todav\u00eda muchos directivos que consideran que perfeccionar la gesti\u00f3n \u00a0es el \u00fanico camino posible de mejora de la competitividad de su empresa. Nadie defiende que una empresa no trabaje con calidad, ya que es una condici\u00f3n necesaria para su supervivencia, pero no es suficiente. Sin innovaci\u00f3n no hay futuro.<\/p>\n<p>&nbsp;<\/p>\n<p><strong><span style=\"text-decoration: underline;\">Pasatiempo creativo 3: \u00a0\u00a0<\/span><\/strong><\/p>\n<p>Completa la siguiente secuencia l\u00f3gica:\u00a0 O, S, S, O, O, S, E,\u2026.<\/p>\n<p><strong><span style=\"text-decoration: underline;\">\u00a0<\/span><\/strong><\/p>\n","protected":false},"excerpt":{"rendered":"<p>Aunque a lo largo de mi vida profesional he participado en algunas iniciativas innovadoras, quiero aclarar a mis posibles lectores que no soy un consultor experto en la materia.\u00a0 Lo que si tengo es af\u00e1n por profundizar en las metodolog\u00edas de aplicaci\u00f3n pr\u00e1ctica de la innovaci\u00f3n as\u00ed como ideas acerca de la difusi\u00f3n y asimilaci\u00f3n [&hellip;]<\/p>\n","protected":false},"author":26,"featured_media":0,"comment_status":"open","ping_status":"closed","sticky":false,"template":"","format":"standard","meta":[],"categories":[19,3,18],"tags":[82,137,151,173,177,288,315,382,417,419],"_links":{"self":[{"href":"https:\/\/blogs.laverdad.es\/faro\/wp-json\/wp\/v2\/posts\/11"}],"collection":[{"href":"https:\/\/blogs.laverdad.es\/faro\/wp-json\/wp\/v2\/posts"}],"about":[{"href":"https:\/\/blogs.laverdad.es\/faro\/wp-json\/wp\/v2\/types\/post"}],"author":[{"embeddable":true,"href":"https:\/\/blogs.laverdad.es\/faro\/wp-json\/wp\/v2\/users\/26"}],"replies":[{"embeddable":true,"href":"https:\/\/blogs.laverdad.es\/faro\/wp-json\/wp\/v2\/comments?post=11"}],"version-history":[{"count":0,"href":"https:\/\/blogs.laverdad.es\/faro\/wp-json\/wp\/v2\/posts\/11\/revisions"}],"wp:attachment":[{"href":"https:\/\/blogs.laverdad.es\/faro\/wp-json\/wp\/v2\/media?parent=11"}],"wp:term":[{"taxonomy":"category","embeddable":true,"href":"https:\/\/blogs.laverdad.es\/faro\/wp-json\/wp\/v2\/categories?post=11"},{"taxonomy":"post_tag","embeddable":true,"href":"https:\/\/blogs.laverdad.es\/faro\/wp-json\/wp\/v2\/tags?post=11"}],"curies":[{"name":"wp","href":"https:\/\/api.w.org\/{rel}","templated":true}]}}