{"id":1169,"date":"2020-09-13T14:11:49","date_gmt":"2020-09-13T12:11:49","guid":{"rendered":"https:\/\/blogs.laverdad.es\/faro\/?p=1169"},"modified":"2020-09-13T14:11:49","modified_gmt":"2020-09-13T12:11:49","slug":"contra-la-covid-19-megaciencia","status":"publish","type":"post","link":"https:\/\/blogs.laverdad.es\/faro\/2020\/09\/13\/contra-la-covid-19-megaciencia\/","title":{"rendered":"Contra la COVID-19, megaciencia"},"content":{"rendered":"<p>Hace ahora justamente un a\u00f1o, el Parlamento Europeo aprob\u00f3 una <a href=\"https:\/\/www.abc.es\/historia\/abci-nazismo-y-comunismo-verdaderas-cifras-terror-tras-historica-condena-201910142309_noticia.html\"><strong>resoluci\u00f3n oficial<\/strong><\/a>\u00a0 en la que condenaba por igual los cr\u00edmenes del comunismo\u00a0 y del nazismo,\u00a0 atribuy\u00e9ndoles las sobrecogedoras cifras de 100 millones y 6 millones de asesinatos, respectivamente.<\/p>\n<p>Pero no son los execrables\u00a0reg\u00edmenes pol\u00edticos totalitarios los que han causado el mayor n\u00famero de v\u00edctimas a lo largo de la Historia.\u00a0Los grandes <em>asesinos<\/em>\u00a0de la Humanidad no tienen ideolog\u00eda ni respetan fronteras: se trata de los microsc\u00f3picos g\u00e9rmenes pat\u00f3genos.<\/p>\n<p>En este macabro ranking de letalidad de las pandemias que han asolado a la raza humana destaca la producida por el virus de la <strong><a href=\"https:\/\/es.wikipedia.org\/wiki\/Viruela\">viruela,<\/a>\u00a0\u00a0<\/strong>que ha causado la muerte a m\u00e1s de 500 millones de personas s\u00f3lo en el siglo XX\u00a0 y desfigurado a otras muchas.<\/p>\n<p>Con la viruela totalmente erradicada desde 1980,\u00a0 le siguen en esta t\u00e9trica lista de enfermedades que siguen amenazando a la raza humana\u00a0\u00a0<a href=\"https:\/\/sepeap.org\/el-sarampion-pasa-de-estar-erradicado-a-convertirse-en-un-problema-real-en-europa\/#:~:text=Los%20integrantes%20de%20la%20Sociedad,de%20m%C3%A1s%20casos%20en%20el\"><strong>el sarampi\u00f3n<\/strong><\/a>, <a href=\"https:\/\/es.euronews.com\/2020\/06\/02\/como-termino-la-pandemia-de-la-gripe-espanola-y-que-lecciones-podemos-aprender-de-hace-un\"><strong>la gripe espa\u00f1ola de 1918<\/strong><\/a>, <a href=\"https:\/\/www.nationalgeographic.es\/historia\/la-peste-negra-sigue-causando-estragos-en-la-actualidad\"><strong>la peste negra<\/strong><\/a> y el SIDA.<\/p>\n<p>En el caso de la <strong>viruela<\/strong>, que mataba a una de cada tres personas infectadas,\u00a0 se comprob\u00f3 que las que sobreviv\u00edan quedaban inmunizadas de por vida, pero algunas\u00a0 se quedaban ciegas o tan horriblemente marcadas que se consideraba una suerte sufrir una infecci\u00f3n leve que garantizara la inmunidad posterior hasta el punto de que,\u00a0\u00a0ya en el siglo XVIII, en Turqu\u00eda y China hab\u00eda personas que arriesgaban su vida inocul\u00e1ndose polvo de costras o de exudados de las p\u00fastulas de enfermos.<\/p>\n<p>La <strong><a href=\"https:\/\/rumiantes.com\/edward-jenner-primera-vacuna-vacas-viruela-poxvirus\/#:~:text=El%2014%20de%20mayo%20de,la%20vaca%20de%20su%20se%C3%B1or.\">\u201cvacuna\u201d<\/a>\u00a0<\/strong>era una afecci\u00f3n transmitida por las vacas que produc\u00eda s\u00edntomas parecidos a los de la viruela, pero m\u00e1s leves, y se cre\u00eda que las personas que la superaban quedaban inmunizadas contra ambos males.<\/p>\n<p>Para confirmar esta creencia popular, sin ning\u00fan fundamento cient\u00edfico, en mayo de 1796, el m\u00e9dico ingl\u00e9s <a href=\"https:\/\/historia.nationalgeographic.com.es\/a\/edward-jenner-probablemente-cientifico-que-mas-vidas-ha-salvado-historia_14242\"><strong>Edward Jenner<\/strong><\/a>\u00a0inocul\u00f3\u00a0 supuraciones\u00a0 extra\u00eddas de las p\u00fastulas de una mujer que padec\u00eda la &#8220;vacuna&#8221; al hijo de su jardinero, un ni\u00f1o de 8 a\u00f1os, que no result\u00f3 afectado, en vista de lo cual Jenner le repiti\u00f3 la inoculaci\u00f3n con el virus de la temible viruela, \u00a0con resultados igualmente satisfactorios. Poco despu\u00e9s vacun\u00f3 a su propio hijo.<\/p>\n<p>&nbsp;<\/p>\n<div id=\"attachment_1167\" style=\"width: 731px\" class=\"wp-caption aligncenter\"><a href=\"https:\/\/static-blogs.laverdad.es\/wp-content\/uploads\/sites\/25\/2020\/09\/edward-jenner_Vacuna_Viruela.jpg\"><img aria-describedby=\"caption-attachment-1167\" loading=\"lazy\" class=\" wp-image-1167\" src=\"https:\/\/static-blogs.laverdad.es\/wp-content\/uploads\/sites\/25\/2020\/09\/edward-jenner_Vacuna_Viruela.jpg\" alt=\"\" width=\"721\" height=\"603\" \/><\/a><p id=\"caption-attachment-1167\" class=\"wp-caption-text\">Fuente: Wikimedia<\/p><\/div>\n<p>&nbsp;<\/p>\n<p>Jenner se convirti\u00f3 en un h\u00e9roe pero pudo haber sido acusado de temerario cuando no de criminal por jugar con la vida de dos ni\u00f1os sin conocer realmente las bases\u00a0 cient\u00edficas de la vacunaci\u00f3n. Tuvo que transcurrir medio siglo para que\u00a0\u00a0<a href=\"https:\/\/www.bbc.com\/mundo\/noticias\/2015\/08\/150707_iwonder_louis_pasteur_guerra_contra_germenes_finde_dv\"><strong>Louis Pasteur<\/strong><\/a>\u00a0descubriera la teor\u00eda de los g\u00e9rmenes y sentara los fundamentos de la inmunidad y la explicaci\u00f3n biol\u00f3gica de las enfermedades infecciosas, cuestiones desconocidas hasta entonces.<\/p>\n<p>La COVID- 19, dada su complejidad, tiene la consideraci\u00f3n de\u00a0<a href=\"https:\/\/www.bbvaopenmind.com\/ciencia\/investigacion\/virus-ha-cambiado-la-ciencia-la-investigacion-hiberna-los-cientificos-suman-fuerzas-coronavirus\/\"><strong>proyecto interdisciplinar de megaciencia<\/strong><\/a>, en el que colaboran cient\u00edficos y t\u00e9cnicos de todo el mundo, lo que est\u00e1 permitiendo que se aceleren los avances en vacunas, tratamientos, respiradores y protectores faciales, as\u00ed como en la aplicaci\u00f3n de tecnolog\u00edas de la informaci\u00f3n, como el <strong>blockchain<\/strong>, que facilitar\u00e1 el necesario despliegue de la vacunaci\u00f3n masiva o el <strong>Big Data<\/strong> para la explotaci\u00f3n inteligente de la enorme cantidad de informaci\u00f3n que se va a generar.<\/p>\n<p>Aparte del desarrollo de diferentes tipos de vacunas, entre ellas tres espa\u00f1olas, como la del equipo del Dr. Mariano Esteban, que se basa en una<a href=\"https:\/\/www.elespanol.com\/ciencia\/salud\/20200326\/plan-csic-coronavirus-vacuna-basada-erradico-viruela\/477702761_0.html\"><strong> variante atenuada del virus de la viruela<\/strong><\/a>, ya se est\u00e1 trabajando en alternativas m\u00e1s eficientes\u00a0 que la aplicaci\u00f3n v\u00eda intramuscular de las mismas como son los microparches, las tabletas sublinguales o las inhalaciones.<\/p>\n<p>No obstante, a pesar de que\u00a0<strong>las vacunas previenen 1 muerte por minuto en el mundo<\/strong>, han surgido grupos de <a href=\"https:\/\/elpais.com\/elpais\/2020\/09\/04\/planeta_futuro\/1599206211_137960.html\">negacionistas<\/a> y de vendedores de remedios milagrosos que a\u00f1aden incertidumbre a la situaci\u00f3n pand\u00e9mica creada por el coronavirus, un germen catalogado por la OMS como 10 veces m\u00e1s letal que el de la gripe.<\/p>\n<p>La ciencia, la tecnolog\u00eda\u00a0 y la innovaci\u00f3n son los pilares b\u00e1sicos que deben sustentar la batalla contra este enemigo com\u00fan de toda la Humanidad que est\u00e1 contribuyendo a la creaci\u00f3n de una conciencia global de protecci\u00f3n de la salud y del planeta que llevar\u00e1 aparejada una <a href=\"https:\/\/elpais.com\/especiales\/2020\/coronavirus-covid-19\/predicciones\/\"><strong>serie de cambios<\/strong><\/a> en todos los \u00f3rdenes de nuestra vida presididos por la \u00e9tica, el respeto al medio ambiente y la justicia social, dando lugar al nacimiento de la llamada\u00a0 <a href=\"https:\/\/www.tendencias.kpmg.es\/claves-decada-2020-2030\/etica-valores\/\"><strong>era de las personas.<\/strong><\/a><\/p>\n<p>&nbsp;<\/p>\n<p><iframe loading=\"lazy\" width=\"500\" height=\"281\" src=\"https:\/\/www.youtube.com\/embed\/rL_P2fvue5U?feature=oembed\" frameborder=\"0\" allow=\"accelerometer; autoplay; encrypted-media; gyroscope; picture-in-picture\" allowfullscreen><\/iframe><\/p>\n<p>&nbsp;<\/p>\n<p><a href=\"https:\/\/sites.google.com\/view\/juanjo-rios-pinera\"><strong>WEB del autor (todos los art\u00edculos publicados y m\u00e1s cosas)<\/strong><\/a><\/p>\n","protected":false},"excerpt":{"rendered":"<p>Hace ahora justamente un a\u00f1o, el Parlamento Europeo aprob\u00f3 una resoluci\u00f3n oficial\u00a0 en la que condenaba por igual los cr\u00edmenes del comunismo\u00a0 y del nazismo,\u00a0 atribuy\u00e9ndoles las sobrecogedoras cifras de 100 millones y 6 millones de asesinatos, respectivamente. Pero no son los execrables\u00a0reg\u00edmenes pol\u00edticos totalitarios los que han causado el mayor n\u00famero de v\u00edctimas a [&hellip;]<\/p>\n","protected":false},"author":26,"featured_media":0,"comment_status":"open","ping_status":"closed","sticky":false,"template":"","format":"standard","meta":[],"categories":[800,1],"tags":[836,833,837,835,832,834,838,839],"_links":{"self":[{"href":"https:\/\/blogs.laverdad.es\/faro\/wp-json\/wp\/v2\/posts\/1169"}],"collection":[{"href":"https:\/\/blogs.laverdad.es\/faro\/wp-json\/wp\/v2\/posts"}],"about":[{"href":"https:\/\/blogs.laverdad.es\/faro\/wp-json\/wp\/v2\/types\/post"}],"author":[{"embeddable":true,"href":"https:\/\/blogs.laverdad.es\/faro\/wp-json\/wp\/v2\/users\/26"}],"replies":[{"embeddable":true,"href":"https:\/\/blogs.laverdad.es\/faro\/wp-json\/wp\/v2\/comments?post=1169"}],"version-history":[{"count":4,"href":"https:\/\/blogs.laverdad.es\/faro\/wp-json\/wp\/v2\/posts\/1169\/revisions"}],"predecessor-version":[{"id":1173,"href":"https:\/\/blogs.laverdad.es\/faro\/wp-json\/wp\/v2\/posts\/1169\/revisions\/1173"}],"wp:attachment":[{"href":"https:\/\/blogs.laverdad.es\/faro\/wp-json\/wp\/v2\/media?parent=1169"}],"wp:term":[{"taxonomy":"category","embeddable":true,"href":"https:\/\/blogs.laverdad.es\/faro\/wp-json\/wp\/v2\/categories?post=1169"},{"taxonomy":"post_tag","embeddable":true,"href":"https:\/\/blogs.laverdad.es\/faro\/wp-json\/wp\/v2\/tags?post=1169"}],"curies":[{"name":"wp","href":"https:\/\/api.w.org\/{rel}","templated":true}]}}