{"id":1190,"date":"2020-11-02T18:07:05","date_gmt":"2020-11-02T17:07:05","guid":{"rendered":"https:\/\/blogs.laverdad.es\/faro\/?p=1190"},"modified":"2020-11-02T18:19:35","modified_gmt":"2020-11-02T17:19:35","slug":"la-inteligencia-artificial-el-nuevo-fuego","status":"publish","type":"post","link":"https:\/\/blogs.laverdad.es\/faro\/2020\/11\/02\/la-inteligencia-artificial-el-nuevo-fuego\/","title":{"rendered":"La Inteligencia Artificial, el nuevo fuego"},"content":{"rendered":"<blockquote><p><a href=\"https:\/\/blogs.laverdad.es\/faro\/2018\/01\/31\/liderazgo-y-megatendencias-para-2018\/\"><em><strong>\u201cLa\u00a0inteligencia artificial\u00a0ser\u00e1 m\u00e1s importante para la Humanidad que el descubrimiento del fuego o la electricidad\u201d\u00a0<\/strong><\/em><\/a>(Sundar Pichai, Director Ejecutivo de Google)<\/p>\n<p><em>\u00a0\u201cQuien se convierta en el\u00a0<b>l\u00edder\u00a0<\/b>(en\u00a0<b>inteligencia artificial<\/b>) ser\u00e1 el gobernante del\u00a0<b>mundo<\/b>\u201d<\/em>. Putin, 2017<\/p><\/blockquote>\n<p>\u00bfAlguna vez se ha atrevido a decir <strong>verdades inc\u00f3modas<\/strong>, a sabiendas de que va a generar controversia, con el riesgo de ser criticado por quienes piensan de forma diferente a usted?<\/p>\n<p>Como Dante en la escena del Anteinfierno, donde se castiga a los indiferentes, abandonen toda esperanza de encontrar un texto contemporizador. Abst\u00e9nganse de seguir leyendo los amantes de la ortodoxia econ\u00f3mica y pol\u00edtica.<\/p>\n<blockquote><p><em>Es\u00a0 significativo que en las \u00faltimas elecciones generales ninguno de los candidatos pronunciara ni una sola vez la palabra &#8220;digital&#8221;.<\/em><\/p>\n<p><em>Sostener el envidiable estado del bienestar europeo se antoja complejo en las din\u00e1micas actuales. El suicidio financiero, aumentar la deuda, no es la soluci\u00f3n.<\/em><\/p>\n<p><em>Europa necesita urgentemente un plan de inmersi\u00f3n disruptiva en econom\u00eda digital. Debe legislar para ser l\u00edderes no para sobreproteger nuestra privacidad. La Inteligencia Artificial, como el fuego, tiene sus riesgos, pero el futuro pasa por dominarla.<\/em><\/p><\/blockquote>\n<p>Son opiniones de una autoridad en econom\u00eda digital\u00a0 que suscribo plenamente.\u00a0\u00a0Este \u00faltimo verano, el primero con mascarilla, mi admirado amigo <strong>Andr\u00e9s Pedre\u00f1o<\/strong> tuvo la gentileza de hacerme llegar un ejemplar de su reciente libro, del que es coautor junto a Luis Moreno: <a href=\"https:\/\/www.prevenireldeclive.com\/#autores\"><strong>&#8220;Prevenir el declive en la era de la Inteligencia Artificial<\/strong><\/a>&#8220;.<\/p>\n<p>Las primeras l\u00edneas de esta obra divulgativa ya eran prometedoras&#8230;Suscitar el debate, la reflexi\u00f3n y estimular los resortes que motivan a la <strong>acci\u00f3n inmediata<\/strong> es el objetivo esencial que persiguen los autores de esta comprometida publicaci\u00f3n de obligada lectura, relectura y consulta.<\/p>\n<p>Andr\u00e9s Pedre\u00f1o form\u00f3 parte del conocido y reconocido\u00a0<a href=\"https:\/\/www.mincotur.gob.es\/es-es\/GabinetePrensa\/NotasPrensa\/2017\/Paginas\/grupo-expertos-big-data20171114.aspx\"><strong> Comit\u00e9 de Sabios<\/strong><\/a>\u00a0 designado por el Gobierno espa\u00f1ol en 2017 para elaborar el <strong>Libro Blanco sobre Inteligencia Artificial (IA) y Big Data,<\/strong> que a\u00fan no ha visto la luz, que yo sepa.<\/p>\n<p>Parad\u00f3jicamente, este pasado mes de julio, ha hecho p\u00fablico el Gobierno el <a href=\"https:\/\/www.mineco.gob.es\/portal\/site\/mineco\/menuitem.ac30f9268750bd56a0b0240e026041a0\/?vgnextoid=51884ba89bc63710VgnVCM1000001d04140aRCRD\"><strong>Consejo Asesor de IA<\/strong><\/a>\u00a0, tras haber presentado en 2019 la <a href=\"https:\/\/www.xataka.com\/inteligencia-artificial\/estrategia-para-ia-i-d-i-presentada-gobierno-poco-que-teaser-futura-estrategia-nacional-ia\"><strong>&#8220;Estrategia Espa\u00f1ola I+D+i para la IA&#8221;<\/strong><\/a>\u00a0, como embri\u00f3n de la anunciada\u00a0<strong>Estrategia Nacional de IA,<\/strong> que est\u00e9 en consonancia con la <a href=\"https:\/\/www.xataka.com\/robotica-e-ia\/estrategia-digital-europea-libro-blanco-inteligencia-artificial-oficiales-estas-sus-claves\"><strong>Estrategia Digital Europea y el Libro Blanco sobre la Inteligencia Artificial<\/strong> <\/a>publicadas este mismo a\u00f1o por la Uni\u00f3n Europea.<\/p>\n<p>Los planes, como las normas, pocos y claros. En ajedrez (<em>la llamada &#8220;Drosophila&#8221; de la IA<\/em>) se suele decir que m\u00e1s vale un mal plan que ninguno pero este galimat\u00edas burocr\u00e1tico, no exento de buena intenci\u00f3n (no concibo un Gobierno que no la tenga, &#8230;y que no publique la composici\u00f3n de los comit\u00e9s que le asesoran) apunta en la direcci\u00f3n adecuada pero crea una madeja inextricable que dificulta la acci\u00f3n.<\/p>\n<p><img class=\"aligncenter\" src=\"https:\/\/static-blogs.laverdad.es\/wp-content\/uploads\/sites\/25\/2016\/07\/plan-action.jpg\" \/><\/p>\n<p>A pesar de que tambi\u00e9n tiene sus detractores (<em>Elon Musk afirma que la IA es la mayor amenaza para la Humanidad<\/em>), <strong>liderar la carrera por la Inteligencia Artificial\u00a0<\/strong> significa ser protagonistas del futuro de Europa. Los avances en la cura de enfermedades, en la lucha de las pandemias, en la cruzada por el desarrollo sostenible, por la cohesi\u00f3n social, por mantener el estado del bienestar requieren la apuesta decidida de los Gobiernos por las tecnolog\u00edas disruptivas, pero sobre todo de la eclosi\u00f3n de emprendedores digitales del siglo XXI, como preconizan Pedre\u00f1o y Moreno.<\/p>\n<p>Partiendo de un acertado diagn\u00f3stico inicial que justifica las razones por las que Europa no es una potencia digital, se recogen en el libro una serie de propuestas concretas, s\u00f3lidamente argumentadas, que inciden\u00a0en materia de educaci\u00f3n y empleo,\u00a0 sanidad, transporte, econom\u00eda circular, emprendimiento y ecosistemas digitales, haciendo hincapi\u00e9 en el papel de las Administraciones P\u00fablicas y su lucha contra la asfixiante y anacr\u00f3nica burocracia (con especial referencia al <strong>blockchain<\/strong>, la integraci\u00f3n de servicios y el paralizante exceso de regulaci\u00f3n) sin obviar cuestiones te\u00f3ricas de inter\u00e9s para los especialistas.<\/p>\n<p>Nada menos que\u00a0<em><strong><a href=\"https:\/\/es.wikipedia.org\/wiki\/Vinton_Cerf\">Vinton Cerf<\/a>,\u00a0<\/strong>uno de los &#8220;padres de Internet&#8221;, <\/em>ha escrito un magn\u00edfico pr\u00f3logo para la segunda edici\u00f3n del libro, del que entresaco alguna de sus frases:<\/p>\n<blockquote><p><em><span style=\"font-weight: 400;\">&#8220;Se asocia cierta predisposici\u00f3n para asumir riesgos con el \u00e9xito digital experimentado en los Estados Unidos y China. \u00daltimamente, las pr\u00e1cticas europeas han optado por favorecer la precauci\u00f3n, regulaci\u00f3n y m\u00ednimo riesgo en cuanto a los nuevos desarrollos.&#8221;<\/span><\/em><\/p>\n<p><em><span style=\"font-weight: 400;\">&#8220;&#8230; ha llegado la hora de incentivar la colaboraci\u00f3n internacional y acelerar la velocidad que permita nuevos descubrimientos e innovaciones&#8230;Los motores europeos del progreso tienen que fusionarse y no chocar para que la regi\u00f3n pueda prosperar.\u00a0&#8220;<\/span><\/em><\/p><\/blockquote>\n<p>Europa no puede quedar rezagada en la nueva era digital pero EEUU y China nos llevan una considerable ventaja.<\/p>\n<p>El liderazgo de EEUU en IA parece incuestionable,\u00a0 contando con m\u00e1s de 1.000 empresas en este sector de actividad, como IBM, Google, Microsoft, Amazon, Facebook o Salesforce sin olvidar a cl\u00e1sicos como Intel o Nvidia, no en vano la IA necesita almacenar y procesar enormes cantidades de datos de forma casi instant\u00e1nea.<\/p>\n<p>Sin embargo, China, dentro de su estrategia<a href=\"https:\/\/www.icex.es\/icex\/es\/navegacion-principal\/todos-nuestros-servicios\/informacion-de-mercados\/paises\/navegacion-principal\/el-mercado\/estudios-informes\/DOC2016671546.html?idPais=CN\"> <strong>MIC 2025<\/strong><\/a> cuyo objetivo es que el pa\u00eds evolucione de ser considerado <em>f\u00e1brica<\/em> a convertirse en <em>cerebro<\/em> del mundo, est\u00e1 demostrando unos progresos espectaculares en materia de Inteligencia Artificial, sobre todo en \u00e1reas como la seguridad de personas y edificios, las finanzas, el marketing o el transporte, y m\u00e1s recientemente en la <a href=\"https:\/\/www.bbvaopenmind.com\/tecnologia\/inteligencia-artificial\/esta-ayudando-la-inteligencia-artificial-contener-la-pandemia-covid-19\/\"><strong>cruzada contra el coronavirus.\u00a0<\/strong><\/a><\/p>\n<p>Una de las razones de estos avances es la cultura tecnol\u00f3gica y la predisposici\u00f3n de los chinos por probar productos nuevos, sin tantas reticencias por la privacidad como tenemos los europeos, lo que garantiza una fuerte demanda interna que permite a las empresas disponer de enormes cantidades de <strong>datos extra\u00eddos de la vida real<\/strong>, aspecto fundamental para los desarrollos de Inteligencia Artificial.<\/p>\n<p>Pero, sin duda, la piedra angular de la estrategia es el <strong>impulso pol\u00edtico<\/strong> decidido, sustentado en un presupuesto muy generoso: 22.000 millones de d\u00f3lares en 2020, 60.000 millones en 2025 y 147.000 millones en 2030.<\/p>\n<p>&nbsp;<\/p>\n<p>&nbsp;<\/p>\n<p><iframe loading=\"lazy\" width=\"500\" height=\"281\" src=\"https:\/\/www.youtube.com\/embed\/1_8trua37xk?feature=oembed\" frameborder=\"0\" allow=\"accelerometer; autoplay; clipboard-write; encrypted-media; gyroscope; picture-in-picture\" allowfullscreen><\/iframe><\/p>\n<h3><strong>Art\u00edculos relacionados<\/strong><\/h3>\n<p><a href=\"ps:\/\/blogs.laverdad.es\/faro\/2018\/01\/31\/liderazgo-y-megatendencias-para-2018\/\"><strong>Liderazgo y megatendencias para 2018<\/strong><\/a><\/p>\n<p><a href=\"https:\/\/blogs.laverdad.es\/faro\/2017\/11\/29\/8-sabios-consejos-para-sobrevivir-en-la-era-digital\/\"><strong>8 sabios consejos para sobrevivir en la era digital<\/strong><\/a><\/p>\n<p><a href=\"https:\/\/blogs.laverdad.es\/faro\/2017\/06\/29\/que-viene-el-lobo\/\"><strong>Que viene el lobo<\/strong><\/a><\/p>\n<p><a href=\"https:\/\/blogs.laverdad.es\/faro\/2017\/02\/28\/gobernar-con-conocimiento-de-causa\/\"><strong>Gobernar con conocimiento de causa<\/strong><\/a><\/p>\n<p><a href=\"https:\/\/blogs.laverdad.es\/faro\/2017\/01\/14\/la-35a-prioridad\/\"><strong>La 35\u00aa prioridad<\/strong><\/a><\/p>\n<p><a href=\"https:\/\/blogs.laverdad.es\/faro\/2015\/12\/03\/un-visionario-murciano\/\"><strong>Un visionario murciano<\/strong><\/a><\/p>\n<p>&nbsp;<\/p>\n<p><a href=\"https:\/\/sites.google.com\/view\/juanjo-rios-pinera\/p%C3%A1gina-principal\/art%C3%ADculos-publicados?authuser=0\"><strong>P\u00e1gina web del autor (Todos los art\u00edculos publicados &#8230; y m\u00e1s cosas)<\/strong><\/a><\/p>\n","protected":false},"excerpt":{"rendered":"<p>\u201cLa\u00a0inteligencia artificial\u00a0ser\u00e1 m\u00e1s importante para la Humanidad que el descubrimiento del fuego o la electricidad\u201d\u00a0(Sundar Pichai, Director Ejecutivo de Google) \u00a0\u201cQuien se convierta en el\u00a0l\u00edder\u00a0(en\u00a0inteligencia artificial) ser\u00e1 el gobernante del\u00a0mundo\u201d. Putin, 2017 \u00bfAlguna vez se ha atrevido a decir verdades inc\u00f3modas, a sabiendas de que va a generar controversia, con el riesgo de ser criticado [&hellip;]<\/p>\n","protected":false},"author":26,"featured_media":0,"comment_status":"open","ping_status":"closed","sticky":false,"template":"","format":"standard","meta":[],"categories":[840,11],"tags":[],"_links":{"self":[{"href":"https:\/\/blogs.laverdad.es\/faro\/wp-json\/wp\/v2\/posts\/1190"}],"collection":[{"href":"https:\/\/blogs.laverdad.es\/faro\/wp-json\/wp\/v2\/posts"}],"about":[{"href":"https:\/\/blogs.laverdad.es\/faro\/wp-json\/wp\/v2\/types\/post"}],"author":[{"embeddable":true,"href":"https:\/\/blogs.laverdad.es\/faro\/wp-json\/wp\/v2\/users\/26"}],"replies":[{"embeddable":true,"href":"https:\/\/blogs.laverdad.es\/faro\/wp-json\/wp\/v2\/comments?post=1190"}],"version-history":[{"count":6,"href":"https:\/\/blogs.laverdad.es\/faro\/wp-json\/wp\/v2\/posts\/1190\/revisions"}],"predecessor-version":[{"id":1196,"href":"https:\/\/blogs.laverdad.es\/faro\/wp-json\/wp\/v2\/posts\/1190\/revisions\/1196"}],"wp:attachment":[{"href":"https:\/\/blogs.laverdad.es\/faro\/wp-json\/wp\/v2\/media?parent=1190"}],"wp:term":[{"taxonomy":"category","embeddable":true,"href":"https:\/\/blogs.laverdad.es\/faro\/wp-json\/wp\/v2\/categories?post=1190"},{"taxonomy":"post_tag","embeddable":true,"href":"https:\/\/blogs.laverdad.es\/faro\/wp-json\/wp\/v2\/tags?post=1190"}],"curies":[{"name":"wp","href":"https:\/\/api.w.org\/{rel}","templated":true}]}}