{"id":1199,"date":"2020-12-05T17:11:55","date_gmt":"2020-12-05T16:11:55","guid":{"rendered":"https:\/\/blogs.laverdad.es\/faro\/?p=1199"},"modified":"2020-12-05T17:32:09","modified_gmt":"2020-12-05T16:32:09","slug":"la-inteligencia-artificial-un-futuro-presente","status":"publish","type":"post","link":"https:\/\/blogs.laverdad.es\/faro\/2020\/12\/05\/la-inteligencia-artificial-un-futuro-presente\/","title":{"rendered":"La Inteligencia Artificial, un futuro presente"},"content":{"rendered":"<p><em>\u201cLa respuesta a los retos del futuro se sit\u00faa en la innovaci\u00f3n y en la capacidad de los actores y de los territorios para organizarse de manera competitiva\u201d <\/em>(<a href=\"https:\/\/www.innobasque.eus\/\"><strong>Innobasque<\/strong><\/a>)<\/p>\n<p>Con el hilo conductor del\u00a0\u00a0\u00faltimo libro de <strong>Andr\u00e9s Pedre\u00f1o y Luis Moreno<\/strong>, &#8220;<a href=\"https:\/\/blogs.laverdad.es\/faro\/2020\/11\/02\/la-inteligencia-artificial-el-nuevo-fuego\/\">Prevenir el declive en la era de la Inteligencia Artificial&#8221;\u00a0<\/a>\u00a0, desde el <a href=\"http:\/\/itm.ucam.edu\/\">ITM<\/a> y la C\u00e1tedra Internacional de Innovaci\u00f3n de la UCAM , hemos dise\u00f1ado el webinar divulgativo, abierto al p\u00fablico en general: <a href=\"https:\/\/eventos.ucam.edu\/59079\/programme\/jornadas-sobre-linteligencia-artificial_-un-futuro-presenter.html\"><strong>&#8220;Salud e Inteligencia Artificial&#8221;<\/strong> <\/a>, que se celebrar\u00e1 el pr\u00f3ximo d\u00eda 9\/12.<\/p>\n<p>&nbsp;<\/p>\n<p><a href=\"https:\/\/static-blogs.laverdad.es\/wp-content\/uploads\/sites\/25\/2020\/12\/inteligencia-artificial_jornadaI.jpg\"><img loading=\"lazy\" class=\"wp-image-1213 aligncenter\" src=\"https:\/\/static-blogs.laverdad.es\/wp-content\/uploads\/sites\/25\/2020\/12\/inteligencia-artificial_jornadaI-300x150.jpg\" alt=\"\" width=\"516\" height=\"258\" srcset=\"https:\/\/static-blogs.laverdad.es\/wp-content\/uploads\/sites\/25\/2020\/12\/inteligencia-artificial_jornadaI-300x150.jpg 300w, https:\/\/static-blogs.laverdad.es\/wp-content\/uploads\/sites\/25\/2020\/12\/inteligencia-artificial_jornadaI-768x384.jpg 768w, https:\/\/static-blogs.laverdad.es\/wp-content\/uploads\/sites\/25\/2020\/12\/inteligencia-artificial_jornadaI-1024x513.jpg 1024w, https:\/\/static-blogs.laverdad.es\/wp-content\/uploads\/sites\/25\/2020\/12\/inteligencia-artificial_jornadaI.jpg 1920w\" sizes=\"(max-width: 516px) 100vw, 516px\" \/><\/a><\/p>\n<p>Las soluciones que las tecnolog\u00edas digitales pueden aportar en la lucha contra el c\u00e1ncer, el Alzheimer o contra la Covid-19 centrar\u00e1n la jornada inaugural de una serie de eventos\u00a0 online en los que iremos tratando aspectos tales como el papel de las Administraciones P\u00fablicas en esta nueva era, el impacto\u00a0 de la IA en la educaci\u00f3n y el empleo, el emprendimiento, los aspectos regulatorios y \u00e9ticos, la ciberseguridad o el blockchain.<\/p>\n<p>En \u00e9pocas de incertidumbre es importante poder escuchar mensajes documentados y estimulantes que motivan\u00a0 a promover los cambios, a veces dr\u00e1sticos, que requiere la situaci\u00f3n.<\/p>\n<p><em>&#8220;El sur de Europa se ancl\u00f3 en en industrias de escaso valor a\u00f1adido: construcci\u00f3n, turismo o manufacturas b\u00e1sicas. Debe salir de este letargo lo antes posible. Todo lo que pueda ser software ser\u00e1 software&#8221;<\/em>.<\/p>\n<p><strong>Nuestro bienestar futuro est\u00e1 seriamente comprometido<\/strong> como nos advierten,\u00a0con sus\u00a0<em>verdades inc\u00f3modas,\u00a0<\/em> Pedre\u00f1o y Moreno &#8211; grandes inspiradores de este ciclo de conferencias &#8211;\u00a0 con la sana intenci\u00f3n de galvanizar a una sociedad que debe reaccionar de forma urgente para no perder el tren de la prosperidad.<\/p>\n<p>En estos momentos inciertos, el liderazgo de los Gobiernos y de las instituciones es fundamental, pero la cooperaci\u00f3n de todos es absolutamente necesaria. Si tu casa se quema, no hay que esperar a que lleguen los bomberos.<\/p>\n<p>Est\u00e1 demostrado que la proximidad genera sinergias y facilita aunar esfuerzos, de ah\u00ed que el\u00a0<strong>entorno regional<\/strong> se considere el m\u00e1s adecuado para construir un sistema que fomente toda forma de innovaci\u00f3n, concentrando actuaciones\u00a0 coordinadas, impulsadas localmente pero concebidas desde una perspectiva global, siempre en estado de permanente vigilancia tecnol\u00f3gica, abiertas al conocimiento, a la colaboraci\u00f3n y a los avances\u00a0 que provengan de fuera y asimismo, con capacidad de proyectarse externamente.<\/p>\n<p>Los <strong>ciudadanos<\/strong> podemos y debemos convertirnos en motores de la innovaci\u00f3n, dado que la sociedad en su conjunto se ve afectada. Y los medios de comunicaci\u00f3n pueden contribuir de forma decisiva al \u00e9xito de esta cruzada digitalizadora que es urgente acometer.<\/p>\n<p>La <a href=\"https:\/\/ignasialcalde.es\/inteligencia-colaborativa-mas-alla-de-la-inteligencia-colectiva\/\"><strong>inteligencia colaborativa<\/strong><\/a>\u00a0es un recurso muy poderoso en la soluci\u00f3n de problemas sociales, en la aportaci\u00f3n de ideas sobre asuntos de inter\u00e9s general o en conseguir que se prioricen actuaciones cuya realizaci\u00f3n no puede depender exclusivamente del criterio personal de un gobernante.<\/p>\n<p>Pero ni nosotros ni nuestros dirigentes podemos convertirnos en activistas de la innovaci\u00f3n <a href=\"https:\/\/blogs.laverdad.es\/faro\/2017\/02\/28\/gobernar-con-conocimiento-de-causa\/\"><strong>sin conocimiento de causa.<\/strong><\/a>\u00a0Colaborar en las tareas de difusi\u00f3n, de formaci\u00f3n tecnol\u00f3gica y de concienciaci\u00f3n social son los grandes objetivos que se persiguen con esta ciclo de jornadas y de actuaciones complementarias que abordamos bajo el t\u00edtulo gen\u00e9rico de <strong>&#8220;La Inteligencia Artificial, un futuro presente&#8221;<\/strong><\/p>\n<p>Os animo a todos a <a href=\"https:\/\/eventos.ucam.edu\/59079\/tickets\/jornadas-sobre-linteligencia-artificial_-un-futuro-presenter.html\"><strong>inscribiros.<\/strong><\/a><\/p>\n<p><iframe loading=\"lazy\" width=\"500\" height=\"281\" src=\"https:\/\/www.youtube.com\/embed\/8_6L7SO2D6g?feature=oembed\" frameborder=\"0\" allow=\"accelerometer; autoplay; clipboard-write; encrypted-media; gyroscope; picture-in-picture\" allowfullscreen><\/iframe><\/p>\n<p>&nbsp;<\/p>\n<p>Art\u00edculos relacionados:<\/p>\n<p><a href=\"https:\/\/blogs.laverdad.es\/faro\/2017\/02\/28\/gobernar-con-conocimiento-de-causa\/\"><strong>Gobernar con conocimiento de causa<\/strong><\/a><\/p>\n<blockquote class=\"wp-embedded-content\" data-secret=\"QG5zJf9AH2\"><p><a href=\"https:\/\/blogs.laverdad.es\/faro\/2016\/07\/27\/la-innovacion-es-cosa-de-todos\/\">La innovaci\u00f3n es cosa de todos<\/a><\/p><\/blockquote>\n<p><iframe class=\"wp-embedded-content\" sandbox=\"allow-scripts\" security=\"restricted\" style=\"position: absolute; clip: rect(1px, 1px, 1px, 1px);\" src=\"https:\/\/blogs.laverdad.es\/faro\/2016\/07\/27\/la-innovacion-es-cosa-de-todos\/embed\/#?secret=QG5zJf9AH2\" data-secret=\"QG5zJf9AH2\" width=\"500\" height=\"282\" title=\"&#8220;La innovaci\u00f3n es cosa de todos&#8221; &#8212; La i de innovaci\u00f3n\" frameborder=\"0\" marginwidth=\"0\" marginheight=\"0\" scrolling=\"no\"><\/iframe><\/p>\n<blockquote class=\"wp-embedded-content\" data-secret=\"CwPa6qJokU\"><p><a href=\"https:\/\/blogs.laverdad.es\/faro\/2017\/01\/31\/los-5-secretos-de-oppenheimer\/\">Los 5 secretos de Oppenheimer<\/a><\/p><\/blockquote>\n<p><iframe class=\"wp-embedded-content\" sandbox=\"allow-scripts\" security=\"restricted\" style=\"position: absolute; clip: rect(1px, 1px, 1px, 1px);\" src=\"https:\/\/blogs.laverdad.es\/faro\/2017\/01\/31\/los-5-secretos-de-oppenheimer\/embed\/#?secret=CwPa6qJokU\" data-secret=\"CwPa6qJokU\" width=\"500\" height=\"282\" title=\"&#8220;Los 5 secretos de Oppenheimer&#8221; &#8212; La i de innovaci\u00f3n\" frameborder=\"0\" marginwidth=\"0\" marginheight=\"0\" scrolling=\"no\"><\/iframe><\/p>\n<p>&nbsp;<\/p>\n<blockquote class=\"wp-embedded-content\" data-secret=\"9FfV011lZb\"><p><a href=\"https:\/\/blogs.laverdad.es\/faro\/2015\/05\/29\/newton-y-la-innovacion-la-proximidad-importa\/\">Newton y la innovaci\u00f3n, la proximidad importa<\/a><\/p><\/blockquote>\n<p><iframe class=\"wp-embedded-content\" sandbox=\"allow-scripts\" security=\"restricted\" style=\"position: absolute; clip: rect(1px, 1px, 1px, 1px);\" src=\"https:\/\/blogs.laverdad.es\/faro\/2015\/05\/29\/newton-y-la-innovacion-la-proximidad-importa\/embed\/#?secret=9FfV011lZb\" data-secret=\"9FfV011lZb\" width=\"500\" height=\"282\" title=\"&#8220;Newton y la innovaci\u00f3n, la proximidad importa&#8221; &#8212; La i de innovaci\u00f3n\" frameborder=\"0\" marginwidth=\"0\" marginheight=\"0\" scrolling=\"no\"><\/iframe><\/p>\n<h3><a href=\"https:\/\/sites.google.com\/view\/juanjo-rios-pinera\"><strong>Web del autor<\/strong><\/a><\/h3>\n<p>&nbsp;<\/p>\n<p>&nbsp;<\/p>\n","protected":false},"excerpt":{"rendered":"<p>\u201cLa respuesta a los retos del futuro se sit\u00faa en la innovaci\u00f3n y en la capacidad de los actores y de los territorios para organizarse de manera competitiva\u201d (Innobasque) Con el hilo conductor del\u00a0\u00a0\u00faltimo libro de Andr\u00e9s Pedre\u00f1o y Luis Moreno, &#8220;Prevenir el declive en la era de la Inteligencia Artificial&#8221;\u00a0\u00a0, desde el ITM y [&hellip;]<\/p>\n","protected":false},"author":26,"featured_media":0,"comment_status":"open","ping_status":"closed","sticky":false,"template":"","format":"standard","meta":[],"categories":[840,1],"tags":[55,841,842,843],"_links":{"self":[{"href":"https:\/\/blogs.laverdad.es\/faro\/wp-json\/wp\/v2\/posts\/1199"}],"collection":[{"href":"https:\/\/blogs.laverdad.es\/faro\/wp-json\/wp\/v2\/posts"}],"about":[{"href":"https:\/\/blogs.laverdad.es\/faro\/wp-json\/wp\/v2\/types\/post"}],"author":[{"embeddable":true,"href":"https:\/\/blogs.laverdad.es\/faro\/wp-json\/wp\/v2\/users\/26"}],"replies":[{"embeddable":true,"href":"https:\/\/blogs.laverdad.es\/faro\/wp-json\/wp\/v2\/comments?post=1199"}],"version-history":[{"count":14,"href":"https:\/\/blogs.laverdad.es\/faro\/wp-json\/wp\/v2\/posts\/1199\/revisions"}],"predecessor-version":[{"id":1216,"href":"https:\/\/blogs.laverdad.es\/faro\/wp-json\/wp\/v2\/posts\/1199\/revisions\/1216"}],"wp:attachment":[{"href":"https:\/\/blogs.laverdad.es\/faro\/wp-json\/wp\/v2\/media?parent=1199"}],"wp:term":[{"taxonomy":"category","embeddable":true,"href":"https:\/\/blogs.laverdad.es\/faro\/wp-json\/wp\/v2\/categories?post=1199"},{"taxonomy":"post_tag","embeddable":true,"href":"https:\/\/blogs.laverdad.es\/faro\/wp-json\/wp\/v2\/tags?post=1199"}],"curies":[{"name":"wp","href":"https:\/\/api.w.org\/{rel}","templated":true}]}}